{"id":11118,"date":"2026-09-04T19:00:34","date_gmt":"2026-09-04T22:00:34","guid":{"rendered":"https:\/\/radiosantaclara.sitetopfm.com.br\/site\/sancionado-programa-de-incentivo-a-industria-nacional-de-fertilizantes\/"},"modified":"2026-09-04T19:00:34","modified_gmt":"2026-09-04T22:00:34","slug":"sancionado-programa-de-incentivo-a-industria-nacional-de-fertilizantes","status":"publish","type":"post","link":"https:\/\/radiosantaclara.sitetopfm.com.br\/site\/sancionado-programa-de-incentivo-a-industria-nacional-de-fertilizantes\/","title":{"rendered":"Sancionado programa de incentivo \u00e0 ind\u00fastria nacional de fertilizantes"},"content":{"rendered":"<p> <br \/>\n<\/p>\n<div id=\"\">\n<figure class=\"materia__midia\" style=\"float: none; margin: 24px 0px;\" data-midia=\"1303004\"><img decoding=\"async\" src=\"https:\/\/www.camara.leg.br\/midias\/image\/2026\/09\/trator-pulverizador-adubo-fertilizante-768x512.jpg\"\/><figcaption><span class=\"materia__legenda-imagem\">Trator pulveriza fertilizante em planta\u00e7\u00e3o<\/span> &#8211; <span class=\"materia__creditos-imagem\" style=\"color:#5f5f5e\">Foto: Depositphotos<\/span><\/figcaption><\/figure>\n<p>Entrou em vigor, nesta sexta-feira (4), o Programa de Desenvolvimento da Ind\u00fastria de Fertilizantes (Profert), que busca estimular a produ\u00e7\u00e3o nacional, ampliar a oferta de fertilizantes e reduzir a depend\u00eancia de importa\u00e7\u00f5es para o abastecimento da agropecu\u00e1ria.\u00a0A Presid\u00eancia da Rep\u00fablica sancionou o texto na quinta-feira (3) com um veto.<\/p>\n<p>A <a class=\"linkLegislacao\" href=\"https:\/\/www2.camara.gov.br\/legin\/fed\/lei\/2026\/lei-15496-3-setembro-2026-799882-norma-pl.html\" target=\"_blank\" rel=\"noopener noreferrer\">Lei 15.496\/26<\/a>\u00a0estabelece a mistura obrigat\u00f3ria, em volume, de fertilizantes nacionais sint\u00e9ticos e minerais aos fertilizantes comercializados, distribu\u00eddos e vendidos no pa\u00eds. A partir de 1\u00ba de julho de 2027, o percentual m\u00ednimo ser\u00e1 de 2%. At\u00e9 1\u00ba de janeiro de 2037, esse percentual dever\u00e1 chegar a 10%.<\/p>\n<p>O autor do projeto (PL 699\/23) que deu origem \u00e0 norma, senador La\u00e9rcio Oliveira (PP-SE), e a relatora, senadora Tereza Cristina (PP-MS), destacaram a necessidade de reduzir a depend\u00eancia brasileira de fertilizantes importados.<\/p>\n<p>Segundo La\u00e9rcio, o Brasil importa mais de 80% dos fertilizantes que consome. No relat\u00f3rio, Tereza Cristina afirma que a depend\u00eancia externa representa uma quest\u00e3o de seguran\u00e7a nacional e de seguran\u00e7a alimentar e aponta que conflitos, como as guerras na Ucr\u00e2nia e no Oriente M\u00e9dio, podem amea\u00e7ar o suprimento de fertilizantes no pa\u00eds.<\/p>\n<h3 class=\"ds-titulo-subsecao\">Mistura m\u00ednima<\/h3>\n<p>O Conselho Nacional de Fertilizantes e Nutri\u00e7\u00e3o de Plantas (Confert), que coordena pol\u00edticas p\u00fablicas sobre o tema, definir\u00e1 o percentual de mistura obrigat\u00f3ria de fertilizantes nacionais (sint\u00e9ticos ou minerais) e ainda\u00a0para cada componente do fertilizante.<\/p>\n<p>A lei j\u00e1 define que:<\/p>\n<p>&#8211; a partir de 1\u00ba de julho de 2027, a mistura obrigat\u00f3ria ser\u00e1 de pelo menos 2% em volume;<\/p>\n<p>&#8211; a partir de 1\u00ba de janeiro de 2037, ser\u00e1 de pelo menos 10% em volume.<\/p>\n<p>Caber\u00e1 ainda ao Confert monitorar e avaliar periodicamente os resultados do Profert, com a publica\u00e7\u00e3o de relat\u00f3rio anual.<\/p>\n<h3 class=\"ds-titulo-subsecao\">Linha de cr\u00e9dito<\/h3>\n<p>O Banco Nacional de Desenvolvimento Econ\u00f4mico e Social (<span id=\"4309\" class=\"termoGlossario materia__glossario\" title=\"Banco federal que disponibiliza linhas de financiamento de longo prazo para empresas, com taxas de juros especiais. \u00c9 o principal agente financiador, entre os bancos, de projetos de infraestrutura.\" contenteditable=\"false\" data-toggle=\"tooltip\" data-placement=\"top\" style=\"color:#5f5f5e;border-bottom:none\">BNDES<\/span>) ou outros bancos por ele habilitados poder\u00e3o financiar, no setor de fertilizantes e suas mat\u00e9rias-primas (como os elementos nitrog\u00eanio, f\u00f3sforo e pot\u00e1ssio, que formam o tradicional fertilizante NPK):<\/p>\n<ul>\n<li>estabiliza\u00e7\u00e3o de pre\u00e7os;<\/li>\n<li>plantas industriais;<\/li>\n<li>atividades de pesquisa e inova\u00e7\u00e3o;<\/li>\n<li>infraestrutura e log\u00edstica da cadeia de produ\u00e7\u00e3o e distribui\u00e7\u00e3o; e<\/li>\n<li>outros, definidos pelo Poder Executivo.<\/li>\n<\/ul>\n<p>Juros, prazos e as demais regras ser\u00e3o estabelecidos pelo Conselho Monet\u00e1rio Nacional (CMN). A Uni\u00e3o poder\u00e1 oferecer recursos financeiros para as linhas de cr\u00e9dito, desde que haja espa\u00e7o no Or\u00e7amento.<\/p>\n<h3 class=\"ds-titulo-subsecao\">Habilita\u00e7\u00e3o no programa<\/h3>\n<p>Para acessar o financiamento do BNDES, a empresa precisa estar habilitada no programa e observar crit\u00e9rios de sustentabilidade ambiental, social e econ\u00f4mica. \u00c9 necess\u00e1rio, por exemplo, apoiar o desenvolvimento local, compensar as emiss\u00f5es de gases e buscar a efici\u00eancia energ\u00e9tica.<\/p>\n<p>N\u00e3o podem participar empresas do Simples Nacional nem aquelas tributadas pelo Imposto de Renda com base no lucro presumido.<\/p>\n<h3 class=\"ds-titulo-subsecao\">Veto<\/h3>\n<p>O governo federal vetou a defini\u00e7\u00e3o de fertilizantes como \u201caqueles extra\u00eddos e produzidos no territ\u00f3rio nacional\u201d. Para o Planalto, os termos conflitam com os fertilizantes importados misturados com os nacionais.<\/p>\n<h3 class=\"ds-titulo-subsecao\">Tipos de fertilizante<\/h3>\n<p>O programa tamb\u00e9m abrange fertilizantes de fontes diferentes das mat\u00e9rias-primas tradicionais de nitrog\u00eanio, f\u00f3sforo e pot\u00e1ssio (NPK). Entre eles est\u00e3o os remineralizadores, produzidos a partir de rochas silic\u00e1ticas mo\u00eddas, que podem melhorar as propriedades f\u00edsicas, qu\u00edmicas e biol\u00f3gicas do solo e contribuir para o fornecimento regionalizado de nutrientes.<\/p>\n<p>Os bioinsumos e biofertilizantes, por sua vez, podem conter microrganismos vivos, como bact\u00e9rias e fungos, que favorecem a disponibilidade e o aproveitamento de nutrientes presentes no solo.<\/p>\n<p><em>Com informa\u00e7\u00f5es da Ag\u00eancia Senado<\/em><\/p>\n<\/p><\/div>\n<p><br \/>\n<br \/><a href=\"https:\/\/www.camara.leg.br\/noticias\/1302896-sancionado-programa-de-incentivo-a-industria-nacional-de-fertilizantes\">postagem original <\/a><\/p>\n","protected":false},"excerpt":{"rendered":"<p>Trator pulveriza fertilizante em planta\u00e7\u00e3o &#8211; Foto: Depositphotos Entrou em vigor, nesta sexta-feira (4), o Programa de Desenvolvimento da Ind\u00fastria [&hellip;]<\/p>\n","protected":false},"author":1,"featured_media":6909,"comment_status":"open","ping_status":"open","sticky":false,"template":"","format":"standard","meta":{"site-sidebar-layout":"default","site-content-layout":"","ast-site-content-layout":"default","site-content-style":"default","site-sidebar-style":"default","ast-global-header-display":"","ast-banner-title-visibility":"","ast-main-header-display":"","ast-hfb-above-header-display":"","ast-hfb-below-header-display":"","ast-hfb-mobile-header-display":"","site-post-title":"","ast-breadcrumbs-content":"","ast-featured-img":"","footer-sml-layout":"","theme-transparent-header-meta":"","adv-header-id-meta":"","stick-header-meta":"","header-above-stick-meta":"","header-main-stick-meta":"","header-below-stick-meta":"","astra-migrate-meta-layouts":"default","ast-page-background-enabled":"default","ast-page-background-meta":{"desktop":{"background-color":"var(--ast-global-color-5)","background-image":"","background-repeat":"repeat","background-position":"center center","background-size":"auto","background-attachment":"scroll","background-type":"","background-media":"","overlay-type":"","overlay-color":"","overlay-opacity":"","overlay-gradient":""},"tablet":{"background-color":"","background-image":"","background-repeat":"repeat","background-position":"center center","background-size":"auto","background-attachment":"scroll","background-type":"","background-media":"","overlay-type":"","overlay-color":"","overlay-opacity":"","overlay-gradient":""},"mobile":{"background-color":"","background-image":"","background-repeat":"repeat","background-position":"center center","background-size":"auto","background-attachment":"scroll","background-type":"","background-media":"","overlay-type":"","overlay-color":"","overlay-opacity":"","overlay-gradient":""}},"ast-content-background-meta":{"desktop":{"background-color":"var(--ast-global-color-4)","background-image":"","background-repeat":"repeat","background-position":"center center","background-size":"auto","background-attachment":"scroll","background-type":"","background-media":"","overlay-type":"","overlay-color":"","overlay-opacity":"","overlay-gradient":""},"tablet":{"background-color":"var(--ast-global-color-4)","background-image":"","background-repeat":"repeat","background-position":"center center","background-size":"auto","background-attachment":"scroll","background-type":"","background-media":"","overlay-type":"","overlay-color":"","overlay-opacity":"","overlay-gradient":""},"mobile":{"background-color":"var(--ast-global-color-4)","background-image":"","background-repeat":"repeat","background-position":"center center","background-size":"auto","background-attachment":"scroll","background-type":"","background-media":"","overlay-type":"","overlay-color":"","overlay-opacity":"","overlay-gradient":""}},"_joinchat":[],"footnotes":""},"categories":[34],"tags":[],"_links":{"self":[{"href":"https:\/\/radiosantaclara.sitetopfm.com.br\/site\/wp-json\/wp\/v2\/posts\/11118"}],"collection":[{"href":"https:\/\/radiosantaclara.sitetopfm.com.br\/site\/wp-json\/wp\/v2\/posts"}],"about":[{"href":"https:\/\/radiosantaclara.sitetopfm.com.br\/site\/wp-json\/wp\/v2\/types\/post"}],"author":[{"embeddable":true,"href":"https:\/\/radiosantaclara.sitetopfm.com.br\/site\/wp-json\/wp\/v2\/users\/1"}],"replies":[{"embeddable":true,"href":"https:\/\/radiosantaclara.sitetopfm.com.br\/site\/wp-json\/wp\/v2\/comments?post=11118"}],"version-history":[{"count":0,"href":"https:\/\/radiosantaclara.sitetopfm.com.br\/site\/wp-json\/wp\/v2\/posts\/11118\/revisions"}],"wp:featuredmedia":[{"embeddable":true,"href":"https:\/\/radiosantaclara.sitetopfm.com.br\/site\/wp-json\/wp\/v2\/media\/6909"}],"wp:attachment":[{"href":"https:\/\/radiosantaclara.sitetopfm.com.br\/site\/wp-json\/wp\/v2\/media?parent=11118"}],"wp:term":[{"taxonomy":"category","embeddable":true,"href":"https:\/\/radiosantaclara.sitetopfm.com.br\/site\/wp-json\/wp\/v2\/categories?post=11118"},{"taxonomy":"post_tag","embeddable":true,"href":"https:\/\/radiosantaclara.sitetopfm.com.br\/site\/wp-json\/wp\/v2\/tags?post=11118"}],"curies":[{"name":"wp","href":"https:\/\/api.w.org\/{rel}","templated":true}]}}