{"id":11114,"date":"2026-09-04T13:43:03","date_gmt":"2026-09-04T16:43:03","guid":{"rendered":"https:\/\/radiosantaclara.sitetopfm.com.br\/site\/veiculos-de-comunicacao-da-camara-e-do-senado-farao-cobertura-integrada-das-eleicoes\/"},"modified":"2026-09-04T13:43:03","modified_gmt":"2026-09-04T16:43:03","slug":"veiculos-de-comunicacao-da-camara-e-do-senado-farao-cobertura-integrada-das-eleicoes","status":"publish","type":"post","link":"https:\/\/radiosantaclara.sitetopfm.com.br\/site\/veiculos-de-comunicacao-da-camara-e-do-senado-farao-cobertura-integrada-das-eleicoes\/","title":{"rendered":"Ve\u00edculos de comunica\u00e7\u00e3o da C\u00e2mara e do Senado far\u00e3o cobertura integrada das elei\u00e7\u00f5es"},"content":{"rendered":"<p> <br \/>\n<\/p>\n<div id=\"\">\n<figure class=\"materia__midia\" style=\"float: none; margin: 24px 0px;\" data-midia=\"1302617\"><img decoding=\"async\" src=\"https:\/\/www.camara.leg.br\/midias\/image\/2026\/09\/whatsapp-image-2026-09-03-at-14-04-03.jpeg\"\/><\/figure>\n<p>Os ve\u00edculos de comunica\u00e7\u00e3o da C\u00e2mara dos Deputados e do Senado Federal v\u00e3o trabalhar em conjunto na cobertura jornal\u00edstica da vota\u00e7\u00e3o e da apura\u00e7\u00e3o dos votos nas elei\u00e7\u00f5es de 4 de outubro. Acompanhe nossa programa\u00e7\u00e3o, que ter\u00e1 entrevistas e informa\u00e7\u00f5es sobre a vota\u00e7\u00e3o nos estados, com a participa\u00e7\u00e3o de emissoras de r\u00e1dio e televis\u00e3o de assembleias legislativas e c\u00e2maras municipais \u2013 integrantes da <a href=\"https:\/\/www2.camara.leg.br\/comunicacao\/rede-legislativa-radio-tv\">Rede Legislativa de R\u00e1dio e TV<\/a>.<\/p>\n<p>O foco da cobertura ser\u00e1 a elei\u00e7\u00e3o dos 513 deputados federais e de 54 senadores (2\/3 da composi\u00e7\u00e3o do Senado), com an\u00e1lises pol\u00edticas dos resultados \u2013 considerando tamb\u00e9m a elei\u00e7\u00e3o dos governadores e do presidente da Rep\u00fablica.<\/p>\n<p>A cobertura especial come\u00e7a \u00e0s 8 horas do domingo pelas emissoras de TV e r\u00e1dio e pelas redes sociais das duas Casas. As ag\u00eancias de not\u00edcias entram em campo a partir do meio-dia. O trabalho segue at\u00e9 a divulga\u00e7\u00e3o completa dos resultados.<\/p>\n<h3 class=\"ds-titulo-subsecao\">Ag\u00eancias de not\u00edcias<\/h3>\n<p>Durante a apura\u00e7\u00e3o, a <a href=\"https:\/\/www.camara.leg.br\/noticias\">Ag\u00eancia C\u00e2mara<\/a> vai publicar as bancadas estaduais eleitas assim que forem definidas, com a vota\u00e7\u00e3o de cada eleito. No final da apura\u00e7\u00e3o, vai divulgar a nova composi\u00e7\u00e3o da C\u00e2mara, comparada com a atual, os \u00edndices de renova\u00e7\u00e3o e reelei\u00e7\u00e3o, os perfis dos novos deputados e deputadas, a evolu\u00e7\u00e3o das bancadas partid\u00e1rias e tem\u00e1ticas, os campe\u00f5es de voto em cada estado, etc. Esse conte\u00fado ser\u00e1 reproduzido nas redes sociais.\u00a0 O <a href=\"https:\/\/especial.camara.leg.br\/eleicoes-2026\">site especial sobre elei\u00e7\u00f5es<\/a> da Ag\u00eancia C\u00e2mara traz as principais informa\u00e7\u00f5es sobre as elei\u00e7\u00f5es, not\u00edcias, entrevistas e programas especiais da R\u00e1dio C\u00e2mara e da TV C\u00e2mara, al\u00e9m de postagens nas redes sociais da Casa.<\/p>\n<p>A Ag\u00eancia Senado ter\u00e1 uma p\u00e1gina especial que trar\u00e1 a apura\u00e7\u00e3o em todos os estados para senador, governador e presidente da Rep\u00fablica, em tempo real, com dados do TSE. Est\u00e3o programadas mat\u00e9rias com os resultados e o balan\u00e7o feito pelo tribunal. Durante o dia, editores da Ag\u00eancia far\u00e3o entradas ao vivo na programa\u00e7\u00e3o da rede, diretamente da reda\u00e7\u00e3o. O <a href=\"https:\/\/link.senado.leg.br\/eleicoes26\">hotsite da Ag\u00eancia Senado<\/a> sobre as elei\u00e7\u00f5es j\u00e1 conta com mais de 70 mat\u00e9rias publicadas. Entre elas uma reportagem que traz o perfil de cada um dos candidatos ao Senado por estado.<\/p>\n<h3 class=\"ds-titulo-subsecao\">Transmiss\u00e3o ao vivo<\/h3>\n<p>As emissoras de r\u00e1dio e TV da C\u00e2mara e do Senado v\u00e3o trabalhar em rede durante a maior parte do domingo, com transmiss\u00e3o ao vivo. Tamb\u00e9m haver\u00e1 entradas ao vivo dos tribunais eleitorais.<\/p>\n<p>Ao longo do dia, especialistas convidados e consultores da C\u00e2mara e do Senado v\u00e3o explicar o processo eleitoral e analisar o cen\u00e1rio pol\u00edtico.<\/p>\n<p>A partir das 17 horas, com o encerramento da vota\u00e7\u00e3o,\u00a0a cobertura ser\u00e1 focada na apura\u00e7\u00e3o dos votos e na an\u00e1lise dos resultados.<\/p>\n<p>A programa\u00e7\u00e3o tamb\u00e9m ser\u00e1 transmitida pelos sites das duas Casas. Trechos da programa\u00e7\u00e3o tamb\u00e9m ser\u00e3o divulgados nas redes sociais das duas Casas.<\/p>\n<h3 class=\"ds-titulo-subsecao\">Sites e redes sociais<\/h3>\n<p>A cobertura especial de elei\u00e7\u00f5es tamb\u00e9m ser\u00e1 transmitida pelos sites das duas Casas e pelos perfis oficiais das emissoras de r\u00e1dio e TV da C\u00e2mara e do Senado nas redes sociais. As contas @camaradosdeputados e @senadofederal postar\u00e3o destaques e resultados.<\/p>\n<p>Ao longo do dia, as contas da C\u00e2mara nas diferentes plataformas publicar\u00e3o lives mostrando os bastidores da cobertura eleitoral e a movimenta\u00e7\u00e3o das redes sociais neste dia t\u00e3o importante para a democracia.<\/p>\n<p><a href=\"https:\/\/www.camara.leg.br\/noticias\/ultimas\/tags?tag=Elei%C3%A7%C3%B5es%202026\">Mais not\u00edcias sobre as elei\u00e7\u00f5es 2026<\/a><\/p>\n<\/p><\/div>\n<p><br \/>\n<br \/><a href=\"https:\/\/www.camara.leg.br\/noticias\/1302595-veiculos-de-comunicacao-da-camara-e-do-senado-farao-cobertura-integrada-das-eleicoes\">postagem original <\/a><\/p>\n","protected":false},"excerpt":{"rendered":"<p>Os ve\u00edculos de comunica\u00e7\u00e3o da C\u00e2mara dos Deputados e do Senado Federal v\u00e3o trabalhar em conjunto na cobertura jornal\u00edstica da [&hellip;]<\/p>\n","protected":false},"author":1,"featured_media":6909,"comment_status":"open","ping_status":"open","sticky":false,"template":"","format":"standard","meta":{"site-sidebar-layout":"default","site-content-layout":"","ast-site-content-layout":"default","site-content-style":"default","site-sidebar-style":"default","ast-global-header-display":"","ast-banner-title-visibility":"","ast-main-header-display":"","ast-hfb-above-header-display":"","ast-hfb-below-header-display":"","ast-hfb-mobile-header-display":"","site-post-title":"","ast-breadcrumbs-content":"","ast-featured-img":"","footer-sml-layout":"","theme-transparent-header-meta":"","adv-header-id-meta":"","stick-header-meta":"","header-above-stick-meta":"","header-main-stick-meta":"","header-below-stick-meta":"","astra-migrate-meta-layouts":"default","ast-page-background-enabled":"default","ast-page-background-meta":{"desktop":{"background-color":"var(--ast-global-color-5)","background-image":"","background-repeat":"repeat","background-position":"center center","background-size":"auto","background-attachment":"scroll","background-type":"","background-media":"","overlay-type":"","overlay-color":"","overlay-opacity":"","overlay-gradient":""},"tablet":{"background-color":"","background-image":"","background-repeat":"repeat","background-position":"center center","background-size":"auto","background-attachment":"scroll","background-type":"","background-media":"","overlay-type":"","overlay-color":"","overlay-opacity":"","overlay-gradient":""},"mobile":{"background-color":"","background-image":"","background-repeat":"repeat","background-position":"center center","background-size":"auto","background-attachment":"scroll","background-type":"","background-media":"","overlay-type":"","overlay-color":"","overlay-opacity":"","overlay-gradient":""}},"ast-content-background-meta":{"desktop":{"background-color":"var(--ast-global-color-4)","background-image":"","background-repeat":"repeat","background-position":"center center","background-size":"auto","background-attachment":"scroll","background-type":"","background-media":"","overlay-type":"","overlay-color":"","overlay-opacity":"","overlay-gradient":""},"tablet":{"background-color":"var(--ast-global-color-4)","background-image":"","background-repeat":"repeat","background-position":"center center","background-size":"auto","background-attachment":"scroll","background-type":"","background-media":"","overlay-type":"","overlay-color":"","overlay-opacity":"","overlay-gradient":""},"mobile":{"background-color":"var(--ast-global-color-4)","background-image":"","background-repeat":"repeat","background-position":"center center","background-size":"auto","background-attachment":"scroll","background-type":"","background-media":"","overlay-type":"","overlay-color":"","overlay-opacity":"","overlay-gradient":""}},"_joinchat":[],"footnotes":""},"categories":[27],"tags":[],"_links":{"self":[{"href":"https:\/\/radiosantaclara.sitetopfm.com.br\/site\/wp-json\/wp\/v2\/posts\/11114"}],"collection":[{"href":"https:\/\/radiosantaclara.sitetopfm.com.br\/site\/wp-json\/wp\/v2\/posts"}],"about":[{"href":"https:\/\/radiosantaclara.sitetopfm.com.br\/site\/wp-json\/wp\/v2\/types\/post"}],"author":[{"embeddable":true,"href":"https:\/\/radiosantaclara.sitetopfm.com.br\/site\/wp-json\/wp\/v2\/users\/1"}],"replies":[{"embeddable":true,"href":"https:\/\/radiosantaclara.sitetopfm.com.br\/site\/wp-json\/wp\/v2\/comments?post=11114"}],"version-history":[{"count":0,"href":"https:\/\/radiosantaclara.sitetopfm.com.br\/site\/wp-json\/wp\/v2\/posts\/11114\/revisions"}],"wp:featuredmedia":[{"embeddable":true,"href":"https:\/\/radiosantaclara.sitetopfm.com.br\/site\/wp-json\/wp\/v2\/media\/6909"}],"wp:attachment":[{"href":"https:\/\/radiosantaclara.sitetopfm.com.br\/site\/wp-json\/wp\/v2\/media?parent=11114"}],"wp:term":[{"taxonomy":"category","embeddable":true,"href":"https:\/\/radiosantaclara.sitetopfm.com.br\/site\/wp-json\/wp\/v2\/categories?post=11114"},{"taxonomy":"post_tag","embeddable":true,"href":"https:\/\/radiosantaclara.sitetopfm.com.br\/site\/wp-json\/wp\/v2\/tags?post=11114"}],"curies":[{"name":"wp","href":"https:\/\/api.w.org\/{rel}","templated":true}]}}