{"id":11113,"date":"2026-09-04T13:00:28","date_gmt":"2026-09-04T16:00:28","guid":{"rendered":"https:\/\/radiosantaclara.sitetopfm.com.br\/site\/projeto-cria-auxilio-alimentacao-para-pessoas-idosas-em-situacao-de-vulnerabilidade\/"},"modified":"2026-09-04T13:00:28","modified_gmt":"2026-09-04T16:00:28","slug":"projeto-cria-auxilio-alimentacao-para-pessoas-idosas-em-situacao-de-vulnerabilidade","status":"publish","type":"post","link":"https:\/\/radiosantaclara.sitetopfm.com.br\/site\/projeto-cria-auxilio-alimentacao-para-pessoas-idosas-em-situacao-de-vulnerabilidade\/","title":{"rendered":"Projeto cria aux\u00edlio-alimenta\u00e7\u00e3o para pessoas idosas em situa\u00e7\u00e3o de vulnerabilidade"},"content":{"rendered":"<p> <br \/>\n<\/p>\n<div id=\"\">\n<figure class=\"materia__midia\" style=\"float: none; margin: 24px 0px;\" data-midia=\"1302818\"><img decoding=\"async\" src=\"https:\/\/www.camara.leg.br\/midias\/image\/2026\/09\/img20200206133732849-768x512.jpg\" alt=\"M\u00e3os de um homem pegando uma bandeja com prato de comida e uma fruta\"\/><figcaption><span class=\"materia__legenda-imagem\">A medida \u00e9 voltada para pessoas idosas em situa\u00e7\u00e3o de vulnerabilidade social inscritos no Cad\u00danico<\/span> &#8211; <span class=\"materia__creditos-imagem\" style=\"color:#5f5f5e\">Foto: Pedro Ribas\/Ag\u00eancia de Not\u00edcias do Paran\u00e1<\/span><\/figcaption><\/figure>\n<p>O Projeto de Lei 3310\/26 institui o Programa Alimenta\u00e7\u00e3o Digna da Pessoa Idosa, prevendo a concess\u00e3o de um benef\u00edcio alimentar mensal para pessoas com 60 anos ou mais. O texto est\u00e1 em an\u00e1lise na C\u00e2mara dos Deputados.<\/p>\n<p>A medida \u00e9 voltada para pessoas idosas em situa\u00e7\u00e3o de vulnerabilidade social inscritos no Cadastro \u00danico para Programas Sociais do Governo Federal (<span id=\"4330\" class=\"termoGlossario materia__glossario\" title=\"Instrumento de coleta de dados que identifica e caracteriza fam\u00edlias com renda mensal de at\u00e9 meio sal\u00e1rio m\u00ednimo por pessoa. Os dados obtidos por meio do Cad\u00danico s\u00e3o consolidados e utilizados, obrigatoriamente, na sele\u00e7\u00e3o de benefici\u00e1rios dos programas sociais do Governo Federal. Governos estaduais e municipais tamb\u00e9m podem usar os dados do cadastro para analisar o perfil socioecon\u00f4mico da popula\u00e7\u00e3o e, desse modo, implantar pol\u00edticas direcionadas \u00e0s necessidades locais.\" contenteditable=\"false\" data-toggle=\"tooltip\" data-placement=\"top\" style=\"color:#5f5f5e;border-bottom:none\">Cad\u00danico<\/span>). O repasse ser\u00e1 feito preferencialmente por meio de cart\u00e3o eletr\u00f4nico de uso exclusivo para a compra de alimentos.<\/p>\n<p>\u201cA ideia \u00e9 garantir a seguran\u00e7a alimentar da popula\u00e7\u00e3o idosa em situa\u00e7\u00e3o de vulnerabilidade com mecanismo moderno, eficiente e adapt\u00e1vel \u00e0s realidades regionais\u201d, disse o deputado Duda Ramos (Pode-RR), autor da proposta.<\/p>\n<h3 class=\"ds-titulo-subsecao\">Outros pontos<\/h3>\n<p>\n                        Pelo texto, o valor do benef\u00edcio ser\u00e1 definido posteriormente em regulamento. O c\u00e1lculo dever\u00e1 levar em conta as varia\u00e7\u00f5es regionais do custo dos alimentos, os par\u00e2metros nutricionais m\u00ednimos e a realidade socioecon\u00f4mica dos benefici\u00e1rios.<\/p>\n<p>A execu\u00e7\u00e3o do programa ser\u00e1 descentralizada, com apoio dos estados, do Distrito Federal e dos munic\u00edpios. Excepcionalmente, em \u00e1reas com restri\u00e7\u00f5es log\u00edsticas e de dif\u00edcil acesso, poder\u00e3o ser entregues cestas b\u00e1sicas ou kits alimentares.<\/p>\n<h3 class=\"ds-titulo-subsecao\">Pr\u00f3ximos passos<\/h3>\n<p>\n                        O projeto ser\u00e1 analisado, em <span id=\"4322\" class=\"termoGlossario materia__glossario\" title=\"Rito de tramita\u00e7\u00e3o pelo qual o projeto \u00e9 votado apenas pelas comiss\u00f5es designadas para analis\u00e1-lo, dispensada a delibera\u00e7\u00e3o do Plen\u00e1rio. O projeto perde o car\u00e1ter conclusivo se houver decis\u00e3o divergente entre as comiss\u00f5es ou se, independentemente de ser aprovado ou rejeitado, houver recurso assinado por 52 deputados para a aprecia\u00e7\u00e3o da mat\u00e9ria no Plen\u00e1rio.\" contenteditable=\"false\" data-toggle=\"tooltip\" data-placement=\"top\" style=\"color:#5f5f5e;border-bottom:none\">car\u00e1ter conclusivo<\/span>, pelas comiss\u00f5es de Previd\u00eancia, Assist\u00eancia Social, Inf\u00e2ncia, Adolesc\u00eancia e Fam\u00edlia; de Defesa dos Direitos da Pessoa Idosa; de Finan\u00e7as e Tributa\u00e7\u00e3o; e de Constitui\u00e7\u00e3o e Justi\u00e7a e de Cidadania.<\/p>\n<p>Para virar lei, o texto ter\u00e1 de ser aprovado pela C\u00e2mara e pelo Senado.<\/p>\n<p><a href=\"https:\/\/www.camara.leg.br\/noticias\/573454-SAIBA-MAIS-SOBRE-A-TRAMITACAO-DE-PROJETOS-DE-LEI\">Saiba mais sobre a tramita\u00e7\u00e3o de projetos de lei<\/a><\/p>\n<\/p><\/div>\n<p><br \/>\n<br \/><a href=\"https:\/\/www.camara.leg.br\/noticias\/1301710-projeto-cria-auxilio-alimentacao-para-pessoas-idosas-em-situacao-de-vulnerabilidade\">postagem original <\/a><\/p>\n","protected":false},"excerpt":{"rendered":"<p>A medida \u00e9 voltada para pessoas idosas em situa\u00e7\u00e3o de vulnerabilidade social inscritos no Cad\u00danico &#8211; Foto: Pedro Ribas\/Ag\u00eancia de [&hellip;]<\/p>\n","protected":false},"author":1,"featured_media":6909,"comment_status":"open","ping_status":"open","sticky":false,"template":"","format":"standard","meta":{"site-sidebar-layout":"default","site-content-layout":"","ast-site-content-layout":"default","site-content-style":"default","site-sidebar-style":"default","ast-global-header-display":"","ast-banner-title-visibility":"","ast-main-header-display":"","ast-hfb-above-header-display":"","ast-hfb-below-header-display":"","ast-hfb-mobile-header-display":"","site-post-title":"","ast-breadcrumbs-content":"","ast-featured-img":"","footer-sml-layout":"","theme-transparent-header-meta":"","adv-header-id-meta":"","stick-header-meta":"","header-above-stick-meta":"","header-main-stick-meta":"","header-below-stick-meta":"","astra-migrate-meta-layouts":"default","ast-page-background-enabled":"default","ast-page-background-meta":{"desktop":{"background-color":"var(--ast-global-color-5)","background-image":"","background-repeat":"repeat","background-position":"center center","background-size":"auto","background-attachment":"scroll","background-type":"","background-media":"","overlay-type":"","overlay-color":"","overlay-opacity":"","overlay-gradient":""},"tablet":{"background-color":"","background-image":"","background-repeat":"repeat","background-position":"center center","background-size":"auto","background-attachment":"scroll","background-type":"","background-media":"","overlay-type":"","overlay-color":"","overlay-opacity":"","overlay-gradient":""},"mobile":{"background-color":"","background-image":"","background-repeat":"repeat","background-position":"center center","background-size":"auto","background-attachment":"scroll","background-type":"","background-media":"","overlay-type":"","overlay-color":"","overlay-opacity":"","overlay-gradient":""}},"ast-content-background-meta":{"desktop":{"background-color":"var(--ast-global-color-4)","background-image":"","background-repeat":"repeat","background-position":"center center","background-size":"auto","background-attachment":"scroll","background-type":"","background-media":"","overlay-type":"","overlay-color":"","overlay-opacity":"","overlay-gradient":""},"tablet":{"background-color":"var(--ast-global-color-4)","background-image":"","background-repeat":"repeat","background-position":"center center","background-size":"auto","background-attachment":"scroll","background-type":"","background-media":"","overlay-type":"","overlay-color":"","overlay-opacity":"","overlay-gradient":""},"mobile":{"background-color":"var(--ast-global-color-4)","background-image":"","background-repeat":"repeat","background-position":"center center","background-size":"auto","background-attachment":"scroll","background-type":"","background-media":"","overlay-type":"","overlay-color":"","overlay-opacity":"","overlay-gradient":""}},"_joinchat":[],"footnotes":""},"categories":[32],"tags":[],"_links":{"self":[{"href":"https:\/\/radiosantaclara.sitetopfm.com.br\/site\/wp-json\/wp\/v2\/posts\/11113"}],"collection":[{"href":"https:\/\/radiosantaclara.sitetopfm.com.br\/site\/wp-json\/wp\/v2\/posts"}],"about":[{"href":"https:\/\/radiosantaclara.sitetopfm.com.br\/site\/wp-json\/wp\/v2\/types\/post"}],"author":[{"embeddable":true,"href":"https:\/\/radiosantaclara.sitetopfm.com.br\/site\/wp-json\/wp\/v2\/users\/1"}],"replies":[{"embeddable":true,"href":"https:\/\/radiosantaclara.sitetopfm.com.br\/site\/wp-json\/wp\/v2\/comments?post=11113"}],"version-history":[{"count":0,"href":"https:\/\/radiosantaclara.sitetopfm.com.br\/site\/wp-json\/wp\/v2\/posts\/11113\/revisions"}],"wp:featuredmedia":[{"embeddable":true,"href":"https:\/\/radiosantaclara.sitetopfm.com.br\/site\/wp-json\/wp\/v2\/media\/6909"}],"wp:attachment":[{"href":"https:\/\/radiosantaclara.sitetopfm.com.br\/site\/wp-json\/wp\/v2\/media?parent=11113"}],"wp:term":[{"taxonomy":"category","embeddable":true,"href":"https:\/\/radiosantaclara.sitetopfm.com.br\/site\/wp-json\/wp\/v2\/categories?post=11113"},{"taxonomy":"post_tag","embeddable":true,"href":"https:\/\/radiosantaclara.sitetopfm.com.br\/site\/wp-json\/wp\/v2\/tags?post=11113"}],"curies":[{"name":"wp","href":"https:\/\/api.w.org\/{rel}","templated":true}]}}