{"id":11111,"date":"2026-09-04T10:09:58","date_gmt":"2026-09-04T13:09:58","guid":{"rendered":"https:\/\/radiosantaclara.sitetopfm.com.br\/site\/eleicoes-2026-conheca-as-regras-no-dia-da-votacao-para-eleitores-e-candidatos\/"},"modified":"2026-09-04T10:09:58","modified_gmt":"2026-09-04T13:09:58","slug":"eleicoes-2026-conheca-as-regras-no-dia-da-votacao-para-eleitores-e-candidatos","status":"publish","type":"post","link":"https:\/\/radiosantaclara.sitetopfm.com.br\/site\/eleicoes-2026-conheca-as-regras-no-dia-da-votacao-para-eleitores-e-candidatos\/","title":{"rendered":"Elei\u00e7\u00f5es 2026: conhe\u00e7a as regras no dia da vota\u00e7\u00e3o para eleitores e candidatos"},"content":{"rendered":"<p> <br \/>\n<\/p>\n<div id=\"\">\n<figure class=\"materia__midia\" style=\"float: none; margin: 24px 0px;\" data-midia=\"733307\"><img decoding=\"async\" src=\"https:\/\/www.camara.leg.br\/midias\/image\/2021\/03\/img20201116103838590.jpg\" alt=\"Elei\u00e7\u00f5es - Elei\u00e7\u00e3o 2020 - elei\u00e7\u00f5es municipais - prefeitos - boca de urna - santinhos - Eleitores votam nas se\u00e7\u00f5es eleitorais da Rocinha\"\/><figcaption><span class=\"materia__legenda-imagem\">\u00c9 proibido espalhar santinhos no dia das elei\u00e7\u00f5es<\/span> &#8211; <span class=\"materia__creditos-imagem\" style=\"color:#5f5f5e\">Foto: Fernando Fraz\u00e3o\/Ag\u00eancia Brasil<\/span><\/figcaption><\/figure>\n<p>A Justi\u00e7a Eleitoral lan\u00e7ou um <a href=\"https:\/\/www.tse.jus.br\/eleicoes\/arquivos\/manual-do-eleitor-2026\/@@display-file\/file\/MANUAL%2520DO%2520ELEITOR%25202026.pdf\">Manual do Eleitor<\/a>, com orienta\u00e7\u00f5es sobre direitos e deveres durante o per\u00edodo eleitoral e no dia da vota\u00e7\u00e3o.<\/p>\n<p>No dia da vota\u00e7\u00e3o, \u00e9 proibida a propaganda eleitoral. O eleitor pode usar broches, adesivos, bandeiras e camisetas de seu candidato, de forma individual e silenciosa, na hora de votar. Mas boca de urna e aglomera\u00e7\u00f5es com roupas padronizadas s\u00e3o proibidas.<\/p>\n<p>Tamb\u00e9m \u00e9 proibido o uso de aparelhos eletr\u00f4nicos na cabine de vota\u00e7\u00e3o. Celulares e c\u00e2meras devem ser entregues aos mes\u00e1rios antes do voto, mesmo desligados.<\/p>\n<p><a href=\"https:\/\/especial.camara.leg.br\/eleicoes-2026\">Confira p\u00e1gina especial da C\u00e2mara sobre as Elei\u00e7\u00f5es 2026<\/a><\/p>\n<p>Quem se recusar a entregar o aparelho n\u00e3o ser\u00e1 autorizado a votar. O fato ser\u00e1 registrado em ata e, se necess\u00e1rio, a for\u00e7a policial poder\u00e1 ser acionada.<\/p>\n<p>Para votar, o eleitor deve apresentar documento oficial com foto. Pode ser o e-T\u00edtulo com biometria e foto cadastrada tamb\u00e9m.<\/p>\n<p>Nas se\u00e7\u00f5es eleitorais, os mes\u00e1rios verificam o comportamento dos eleitores e devem manter neutralidade na disputa, sem omitir opini\u00f5es sobre candidatos.<\/p>\n<p>O <a href=\"https:\/\/www2.camara.leg.br\/legin\/fed\/lei\/1960-1969\/lei-4737-15-julho-1965-356297-norma-pl.html\">C\u00f3digo Eleitoral<\/a> restringe a pris\u00e3o de eleitores de cinco dias antes at\u00e9 48 horas ap\u00f3s o encerramento oficial da vota\u00e7\u00e3o. As exce\u00e7\u00f5es s\u00e3o casos de flagrante delito ou crimes inafian\u00e7\u00e1veis.<\/p>\n<p>Den\u00fancias de irregularidades podem ser feitas pelo <a href=\"https:\/\/www.tse.jus.br\/eleicoes\/pardal-eleicoes-2026\">aplicativo Pardal<\/a>, da Justi\u00e7a Eleitoral.<\/p>\n<h3 class=\"ds-titulo-subsecao\">Candidatos<\/h3>\n<p>\n                        Os candidatos podem circular e acompanhar as vota\u00e7\u00f5es, respeitando as regras de acesso, manifestar individualmente suas prefer\u00eancias, sem fazer propaganda ou boca de urna, acompanhar a apura\u00e7\u00e3o e exercer os direitos previstos para candidatos e partidos.<\/p>\n<p>A ju\u00edza Ana Cl\u00e1udia Barreto, do Tribunal Regional Eleitoral do Distrito Federal, explica que o candidato n\u00e3o pode pedir voto no dia da elei\u00e7\u00e3o.<\/p>\n<p>&#8220;Tamb\u00e9m \u00e9 vedada a distribui\u00e7\u00e3o dos chamados santinhos, aqueles folhetinhos. N\u00e3o pode haver derrama, que \u00e9 jogar esses santinhos no ch\u00e3o, nem utiliza\u00e7\u00e3o de carro de som&#8221;, afirma.<\/p>\n<h3 class=\"ds-titulo-subsecao\">Regras para a liberdade<\/h3>\n<p>A ju\u00edza acrescenta que as regras garantem ao eleitor liberdade na hora de decidir o voto. Ela lembra que \u00e9 um per\u00edodo de festa para a democracia, mas tamb\u00e9m de tens\u00f5es entre os candidatos.<\/p>\n<p>&#8220;A gente precisa ter regras para que o eleitor possa escolher livremente o seu candidato e n\u00e3o se sinta pressionado por doa\u00e7\u00e3o de materiais, de brindes ou at\u00e9 mesmo de comida, distribui\u00e7\u00e3o de bebida alco\u00f3lica\u201d, diz.<\/p>\n<h3 class=\"ds-titulo-subsecao\">Infra\u00e7\u00f5es mais comuns<\/h3>\n<p>O advogado especialista em direito eleitoral Jos\u00e9 Lima explica que as infra\u00e7\u00f5es eleitorais mais corriqueiras s\u00e3o compra de votos, transporte irregular de eleitores e propaganda irregular. Ele enfatiza que o comportamento do eleitor tem limites.<\/p>\n<p>\u201cQualquer coisa que fuja da manifesta\u00e7\u00e3o individual, silenciosa, pode ser caracterizada como crime eleitoral sujeito \u00e0s penas previstas na legisla\u00e7\u00e3o\u201d, afirma.<\/p>\n<p>A compra de votos, por exemplo, pode gerar multa e cassa\u00e7\u00e3o do registro do candidato ou do diploma ap\u00f3s a posse.<\/p>\n<p><a href=\"https:\/\/www.camara.leg.br\/noticias\/ultimas\/tags?tag=Elei%C3%A7%C3%B5es%202026\">Mais not\u00edcias sobre as Elei\u00e7\u00f5es 2026<\/a><\/p>\n<p>\u00a0<\/p>\n<p>\u00a0<\/p>\n<div id=\"infografico-embed-1302827\" style=\"width: 100%; max-width: 100%; overflow: hidden;\"><img decoding=\"async\" src=\"https:\/\/www.camara.leg.br\/internet\/agencia\/infograficos-html5\/eleicoes-2026-informacoes-ao-eleitor\/images\/desktop.jpg\" alt=\"\" loading=\"lazy\" style=\"width: 100%; max-width: 100%; height: auto; display: block; border: 0; margin: 0 auto;\"\/><\/div>\n<p>\u00a0<\/p>\n<p>\u00a0<\/p>\n<\/p><\/div>\n<p><br \/>\n<br \/><a href=\"https:\/\/www.camara.leg.br\/noticias\/1302574-eleicoes-2026-conheca-as-regras-no-dia-da-votacao-para-eleitores-e-candidatos\">postagem original <\/a><\/p>\n","protected":false},"excerpt":{"rendered":"<p>\u00c9 proibido espalhar santinhos no dia das elei\u00e7\u00f5es &#8211; Foto: Fernando Fraz\u00e3o\/Ag\u00eancia Brasil A Justi\u00e7a Eleitoral lan\u00e7ou um Manual do [&hellip;]<\/p>\n","protected":false},"author":1,"featured_media":6909,"comment_status":"open","ping_status":"open","sticky":false,"template":"","format":"standard","meta":{"site-sidebar-layout":"default","site-content-layout":"","ast-site-content-layout":"default","site-content-style":"default","site-sidebar-style":"default","ast-global-header-display":"","ast-banner-title-visibility":"","ast-main-header-display":"","ast-hfb-above-header-display":"","ast-hfb-below-header-display":"","ast-hfb-mobile-header-display":"","site-post-title":"","ast-breadcrumbs-content":"","ast-featured-img":"","footer-sml-layout":"","theme-transparent-header-meta":"","adv-header-id-meta":"","stick-header-meta":"","header-above-stick-meta":"","header-main-stick-meta":"","header-below-stick-meta":"","astra-migrate-meta-layouts":"default","ast-page-background-enabled":"default","ast-page-background-meta":{"desktop":{"background-color":"var(--ast-global-color-5)","background-image":"","background-repeat":"repeat","background-position":"center center","background-size":"auto","background-attachment":"scroll","background-type":"","background-media":"","overlay-type":"","overlay-color":"","overlay-opacity":"","overlay-gradient":""},"tablet":{"background-color":"","background-image":"","background-repeat":"repeat","background-position":"center center","background-size":"auto","background-attachment":"scroll","background-type":"","background-media":"","overlay-type":"","overlay-color":"","overlay-opacity":"","overlay-gradient":""},"mobile":{"background-color":"","background-image":"","background-repeat":"repeat","background-position":"center center","background-size":"auto","background-attachment":"scroll","background-type":"","background-media":"","overlay-type":"","overlay-color":"","overlay-opacity":"","overlay-gradient":""}},"ast-content-background-meta":{"desktop":{"background-color":"var(--ast-global-color-4)","background-image":"","background-repeat":"repeat","background-position":"center center","background-size":"auto","background-attachment":"scroll","background-type":"","background-media":"","overlay-type":"","overlay-color":"","overlay-opacity":"","overlay-gradient":""},"tablet":{"background-color":"var(--ast-global-color-4)","background-image":"","background-repeat":"repeat","background-position":"center center","background-size":"auto","background-attachment":"scroll","background-type":"","background-media":"","overlay-type":"","overlay-color":"","overlay-opacity":"","overlay-gradient":""},"mobile":{"background-color":"var(--ast-global-color-4)","background-image":"","background-repeat":"repeat","background-position":"center center","background-size":"auto","background-attachment":"scroll","background-type":"","background-media":"","overlay-type":"","overlay-color":"","overlay-opacity":"","overlay-gradient":""}},"_joinchat":[],"footnotes":""},"categories":[36],"tags":[],"_links":{"self":[{"href":"https:\/\/radiosantaclara.sitetopfm.com.br\/site\/wp-json\/wp\/v2\/posts\/11111"}],"collection":[{"href":"https:\/\/radiosantaclara.sitetopfm.com.br\/site\/wp-json\/wp\/v2\/posts"}],"about":[{"href":"https:\/\/radiosantaclara.sitetopfm.com.br\/site\/wp-json\/wp\/v2\/types\/post"}],"author":[{"embeddable":true,"href":"https:\/\/radiosantaclara.sitetopfm.com.br\/site\/wp-json\/wp\/v2\/users\/1"}],"replies":[{"embeddable":true,"href":"https:\/\/radiosantaclara.sitetopfm.com.br\/site\/wp-json\/wp\/v2\/comments?post=11111"}],"version-history":[{"count":0,"href":"https:\/\/radiosantaclara.sitetopfm.com.br\/site\/wp-json\/wp\/v2\/posts\/11111\/revisions"}],"wp:featuredmedia":[{"embeddable":true,"href":"https:\/\/radiosantaclara.sitetopfm.com.br\/site\/wp-json\/wp\/v2\/media\/6909"}],"wp:attachment":[{"href":"https:\/\/radiosantaclara.sitetopfm.com.br\/site\/wp-json\/wp\/v2\/media?parent=11111"}],"wp:term":[{"taxonomy":"category","embeddable":true,"href":"https:\/\/radiosantaclara.sitetopfm.com.br\/site\/wp-json\/wp\/v2\/categories?post=11111"},{"taxonomy":"post_tag","embeddable":true,"href":"https:\/\/radiosantaclara.sitetopfm.com.br\/site\/wp-json\/wp\/v2\/tags?post=11111"}],"curies":[{"name":"wp","href":"https:\/\/api.w.org\/{rel}","templated":true}]}}