{"id":11107,"date":"2026-09-03T20:55:09","date_gmt":"2026-09-03T23:55:09","guid":{"rendered":"https:\/\/radiosantaclara.sitetopfm.com.br\/site\/leis-viabilizam-a-copa-feminina-de-2027-e-propostas-reforcam-o-protagonismo-das-mulheres-no-futebol\/"},"modified":"2026-09-03T20:55:09","modified_gmt":"2026-09-03T23:55:09","slug":"leis-viabilizam-a-copa-feminina-de-2027-e-propostas-reforcam-o-protagonismo-das-mulheres-no-futebol","status":"publish","type":"post","link":"https:\/\/radiosantaclara.sitetopfm.com.br\/site\/leis-viabilizam-a-copa-feminina-de-2027-e-propostas-reforcam-o-protagonismo-das-mulheres-no-futebol\/","title":{"rendered":"Leis viabilizam a Copa Feminina de 2027 e propostas refor\u00e7am o protagonismo das mulheres no futebol"},"content":{"rendered":"<p> <br \/>\n<\/p>\n<div id=\"\">\n<figure class=\"materia__midia\" style=\"float: none; margin: 24px 0px;\" data-midia=\"1234853\"><img decoding=\"async\" src=\"https:\/\/www.camara.leg.br\/midias\/image\/2025\/12\/brasil-chile1-mcamgo-abr-02072023-23-768x512.jpg\"\/><figcaption><span class=\"materia__legenda-imagem\">A jogadora Marta (C) durante amistoso entre Brasil e Chile, em 2023, em Bras\u00edlia<\/span> &#8211; <span class=\"materia__creditos-imagem\" style=\"color:#5f5f5e\">Foto: Marcelo Camargo\/Ag\u00eancia Brasil<\/span><\/figcaption><\/figure>\n<p>A realiza\u00e7\u00e3o no Brasil da Copa do Mundo de Futebol Feminino e o fortalecimento do protagonismo das mulheres no esporte passam pelo Congresso Nacional. Deputados e senadores j\u00e1 aprovaram leis que viabilizam a competi\u00e7\u00e3o, prevista para 2027, e analisam v\u00e1rias propostas de incentivo permanente \u00e0s jogadoras, desde as divis\u00f5es de base.<\/p>\n<p>Uma das leis em vigor permite que as oito cidades-sede da Copa deem isen\u00e7\u00e3o de Imposto sobre Servi\u00e7os (<span id=\"4497\" class=\"termoGlossario materia__glossario\" title=\"Tributo de compet\u00eancia dos munic\u00edpios e do Distrito Federal, incide sobre 40 tipos de servi\u00e7os listados na Lei Complementar 116\/03. As al\u00edquotas variam de 2% a 5%, dependendo do servi\u00e7o.\" contenteditable=\"false\" data-toggle=\"tooltip\" data-placement=\"top\" style=\"color:#5f5f5e;border-bottom:none\">ISS<\/span>) para empresas envolvidas na organiza\u00e7\u00e3o do evento (<a href=\"https:\/\/www2.camara.leg.br\/legin\/fed\/leicom\/2026\/leicomplementar-232-26-junho-2026-799430-norma-pl.html\">Lei Complementar 232\/26<\/a>).<\/p>\n<p>J\u00e1 a\u00a0<a class=\"linkLegislacao\" href=\"https:\/\/www2.camara.gov.br\/legin\/fed\/lei\/2026\/lei-15421-1-junho-2026-799207-norma-pl.html\" target=\"_blank\" rel=\"noopener noreferrer\">Lei 15.421\/26<\/a>, chamada Lei Geral da Copa Feminina, regulamenta direitos e deveres da Uni\u00e3o e da Fifa durante o evento.<\/p>\n<p>A deputada Gleisi Hoffmann (PT-PR), que relatou o texto na C\u00e2mara, destacou os reflexos positivos da competi\u00e7\u00e3o para o Brasil. \u201cAo investir em um grande evento, criam-se empregos, estimula-se a economia do turismo e melhora a infraestrutura, com um legado de obras. A Copa contribuir\u00e1 para o alcance de objetivos como viabilizar a entrega de infraestrutura esportiva e paradesportiva e fomentar a pr\u00e1tica do futebol feminino em todas as regi\u00f5es do Brasil.\u201d<\/p>\n<h3 class=\"ds-titulo-subsecao\">Lei Geral da Copa<\/h3>\n<p>\n                        A lei traz regras sobre:<\/p>\n<ul>\n<li>com\u00e9rcio nas \u00e1reas dos eventos;<\/li>\n<li>publicidade;<\/li>\n<li>explora\u00e7\u00e3o de marcas e imagens;<\/li>\n<li>concess\u00e3o de vistos para trabalhadores estrangeiros;<\/li>\n<li>venda de ingressos;<\/li>\n<li>seguran\u00e7a p\u00fablica; e<\/li>\n<li>funcionamento de servi\u00e7os durante a competi\u00e7\u00e3o.<\/li>\n<\/ul>\n<p>A aprova\u00e7\u00e3o n\u00e3o foi un\u00e2nime. O deputado Kim Kataguiri (Miss\u00e3o-SP) lembrou a Copa masculina de 2014 para criticar o fato de o Brasil sediar outro evento da Fifa. \u201cO discurso de que a Copa deixa infraestrutura, deixa legado, \u00e9 falacioso. A gente j\u00e1 escutou essa balela, n\u00e3o deixou nada. A Fifa vem, saqueia o pa\u00eds e depois vai embora\u201d, reclamou.<\/p>\n<p>J\u00e1 a diretora de legado e rela\u00e7\u00f5es institucionais da Fifa, a ex-jogadora Aline Pellegrino, s\u00f3 v\u00ea vantagens no evento. Em entrevista \u00e0 CBF TV, ela destacou o protagonismo feminino na organiza\u00e7\u00e3o da Copa: 70% do comando operacional est\u00e1 nas m\u00e3os das mulheres.<\/p>\n<p>\u201cUma oportunidade \u00fanica para mostrar que a gente est\u00e1 dentro do jogo, que a gente pode atuar em todas as posi\u00e7\u00f5es, dentro e fora do campo. E \u00e9 muito bom quando voc\u00ea olha para o lado e v\u00ea essas mulheres tendo protagonismo, dando as principais diretrizes\u201d, afirmou.<\/p>\n<h3 class=\"ds-titulo-subsecao\">Hist\u00f3ria<\/h3>\n<p>\n                        Durante muitos anos, as mulheres foram proibidas de praticar o esporte no Brasil. O <a class=\"linkLegislacao\" href=\"https:\/\/www2.camara.gov.br\/legin\/fed\/declei\/1940-1949\/decreto-lei-3199-14-abril-1941-413238-norma-pe.html\" target=\"_blank\" rel=\"noopener noreferrer\">Decreto-Lei 3.199\/41<\/a> vedava a participa\u00e7\u00e3o das mulheres nos chamados esportes \u201cincompat\u00edveis com as condi\u00e7\u00f5es de sua natureza\u201d. S\u00f3 em 1983, o ent\u00e3o Conselho Nacional de Desportos (CND) aceitou e regulamentou o futebol feminino no Brasil.<\/p>\n<p>Aline Pellegrino, que foi zagueira da sele\u00e7\u00e3o brasileira na conquista da medalha de prata ol\u00edmpica de 2004, em Atenas, comemora os avan\u00e7os cont\u00ednuos no futebol feminino. Ela destacou o impacto positivo daquela medalha na popula\u00e7\u00e3o do pa\u00eds. &#8220;S\u00e3o meninas, mulheres que est\u00e3o sonhando, que est\u00e3o se inspirando, porque a gente tem que abrir a porta e deix\u00e1-la aberta para mais mulheres\u201d, disse.<\/p>\n<p>O Brasil participou de todas as nove edi\u00e7\u00f5es j\u00e1 realizadas da Copa Feminina e tem a maior artilheira da competi\u00e7\u00e3o: a alagoana Marta, com 17 gols em 22 jogos de seis copas.<\/p>\n<p>A Copa Feminina de 2027 ser\u00e1 a primeira na Am\u00e9rica do Sul. Vai reunir 32 sele\u00e7\u00f5es entre 24 de junho e 25 de julho do ano que vem, com jogos em Belo Horizonte, Bras\u00edlia, Fortaleza, Porto Alegre, Recife, Rio de Janeiro, Salvador e S\u00e3o Paulo.<\/p>\n<h3 class=\"ds-titulo-subsecao\">Outras propostas<\/h3>\n<p>\n                        A C\u00e2mara dos Deputados ainda analisa v\u00e1rios outros projetos de lei para incentivar o futebol feminino. Os textos tratam de incentivos financeiros (PL 657\/26 e PL 658\/26) e supera\u00e7\u00e3o da discrimina\u00e7\u00e3o de g\u00eanero (<a class=\"linkProposicao\" href=\"https:\/\/www.camara.leg.br\/noticias\/1234864-projeto-cria-diretrizes-para-desenvolvimento-do-futebol-feminino\">PL 4578\/25<\/a>), entre outros temas.<\/p>\n<p>O deputado Marcos Braz (PSDB-RJ) tem proposta (PL 2839\/26) com foco nas categorias de base que exige turmas femininas nas escolinhas de futebol financiadas com dinheiro p\u00fablico federal. &#8220;N\u00e3o d\u00e1 mais para o Estado financiar projeto esportivo que s\u00f3 enxerga o menino. Se tem verba p\u00fablica, tem que ter vaga para menina tamb\u00e9m. \u00c9 assim que a gente forma a pr\u00f3xima Marta.\u201d<\/p>\n<p>Tamb\u00e9m aguarda vota\u00e7\u00e3o na C\u00e2mara o projeto de lei que cria o marco legal do futebol feminino (<a href=\"https:\/\/www.camara.leg.br\/noticias\/1199623-COMISSAO-APROVA-MARCO-LEGAL-PARA-FORTALECER-O-FUTEBOL-FEMININO-NO-BRASIL\">PL 3968\/24<\/a>). A proposta foi apresentada pela ex-deputada Carla Ayres (SC), atualmente vereadora em Florian\u00f3polis, e j\u00e1 passou por duas comiss\u00f5es.<\/p>\n<p><a href=\"https:\/\/www.camara.leg.br\/noticias\/573454-SAIBA-MAIS-SOBRE-A-TRAMITACAO-DE-PROJETOS-DE-LEI\">Saiba mais sobre a tramita\u00e7\u00e3o de projetos de lei<\/a><\/p>\n<\/p><\/div>\n<p><br \/>\n<br \/><a href=\"https:\/\/www.camara.leg.br\/noticias\/1302724-leis-viabilizam-a-copa-feminina-de-2027-e-propostas-reforcam-o-protagonismo-das-mulheres-no-futebol\">postagem original <\/a><\/p>\n","protected":false},"excerpt":{"rendered":"<p>A jogadora Marta (C) durante amistoso entre Brasil e Chile, em 2023, em Bras\u00edlia &#8211; Foto: Marcelo Camargo\/Ag\u00eancia Brasil A [&hellip;]<\/p>\n","protected":false},"author":1,"featured_media":6909,"comment_status":"open","ping_status":"open","sticky":false,"template":"","format":"standard","meta":{"site-sidebar-layout":"default","site-content-layout":"","ast-site-content-layout":"default","site-content-style":"default","site-sidebar-style":"default","ast-global-header-display":"","ast-banner-title-visibility":"","ast-main-header-display":"","ast-hfb-above-header-display":"","ast-hfb-below-header-display":"","ast-hfb-mobile-header-display":"","site-post-title":"","ast-breadcrumbs-content":"","ast-featured-img":"","footer-sml-layout":"","theme-transparent-header-meta":"","adv-header-id-meta":"","stick-header-meta":"","header-above-stick-meta":"","header-main-stick-meta":"","header-below-stick-meta":"","astra-migrate-meta-layouts":"default","ast-page-background-enabled":"default","ast-page-background-meta":{"desktop":{"background-color":"var(--ast-global-color-5)","background-image":"","background-repeat":"repeat","background-position":"center center","background-size":"auto","background-attachment":"scroll","background-type":"","background-media":"","overlay-type":"","overlay-color":"","overlay-opacity":"","overlay-gradient":""},"tablet":{"background-color":"","background-image":"","background-repeat":"repeat","background-position":"center center","background-size":"auto","background-attachment":"scroll","background-type":"","background-media":"","overlay-type":"","overlay-color":"","overlay-opacity":"","overlay-gradient":""},"mobile":{"background-color":"","background-image":"","background-repeat":"repeat","background-position":"center center","background-size":"auto","background-attachment":"scroll","background-type":"","background-media":"","overlay-type":"","overlay-color":"","overlay-opacity":"","overlay-gradient":""}},"ast-content-background-meta":{"desktop":{"background-color":"var(--ast-global-color-4)","background-image":"","background-repeat":"repeat","background-position":"center center","background-size":"auto","background-attachment":"scroll","background-type":"","background-media":"","overlay-type":"","overlay-color":"","overlay-opacity":"","overlay-gradient":""},"tablet":{"background-color":"var(--ast-global-color-4)","background-image":"","background-repeat":"repeat","background-position":"center center","background-size":"auto","background-attachment":"scroll","background-type":"","background-media":"","overlay-type":"","overlay-color":"","overlay-opacity":"","overlay-gradient":""},"mobile":{"background-color":"var(--ast-global-color-4)","background-image":"","background-repeat":"repeat","background-position":"center center","background-size":"auto","background-attachment":"scroll","background-type":"","background-media":"","overlay-type":"","overlay-color":"","overlay-opacity":"","overlay-gradient":""}},"_joinchat":[],"footnotes":""},"categories":[30],"tags":[],"_links":{"self":[{"href":"https:\/\/radiosantaclara.sitetopfm.com.br\/site\/wp-json\/wp\/v2\/posts\/11107"}],"collection":[{"href":"https:\/\/radiosantaclara.sitetopfm.com.br\/site\/wp-json\/wp\/v2\/posts"}],"about":[{"href":"https:\/\/radiosantaclara.sitetopfm.com.br\/site\/wp-json\/wp\/v2\/types\/post"}],"author":[{"embeddable":true,"href":"https:\/\/radiosantaclara.sitetopfm.com.br\/site\/wp-json\/wp\/v2\/users\/1"}],"replies":[{"embeddable":true,"href":"https:\/\/radiosantaclara.sitetopfm.com.br\/site\/wp-json\/wp\/v2\/comments?post=11107"}],"version-history":[{"count":0,"href":"https:\/\/radiosantaclara.sitetopfm.com.br\/site\/wp-json\/wp\/v2\/posts\/11107\/revisions"}],"wp:featuredmedia":[{"embeddable":true,"href":"https:\/\/radiosantaclara.sitetopfm.com.br\/site\/wp-json\/wp\/v2\/media\/6909"}],"wp:attachment":[{"href":"https:\/\/radiosantaclara.sitetopfm.com.br\/site\/wp-json\/wp\/v2\/media?parent=11107"}],"wp:term":[{"taxonomy":"category","embeddable":true,"href":"https:\/\/radiosantaclara.sitetopfm.com.br\/site\/wp-json\/wp\/v2\/categories?post=11107"},{"taxonomy":"post_tag","embeddable":true,"href":"https:\/\/radiosantaclara.sitetopfm.com.br\/site\/wp-json\/wp\/v2\/tags?post=11107"}],"curies":[{"name":"wp","href":"https:\/\/api.w.org\/{rel}","templated":true}]}}