{"id":11105,"date":"2026-09-03T19:22:28","date_gmt":"2026-09-03T22:22:28","guid":{"rendered":"https:\/\/radiosantaclara.sitetopfm.com.br\/site\/camara-aprova-excecoes-as-regras-fiscais-para-beneficios-e-despesas-de-2026\/"},"modified":"2026-09-03T19:22:28","modified_gmt":"2026-09-03T22:22:28","slug":"camara-aprova-excecoes-as-regras-fiscais-para-beneficios-e-despesas-de-2026","status":"publish","type":"post","link":"https:\/\/radiosantaclara.sitetopfm.com.br\/site\/camara-aprova-excecoes-as-regras-fiscais-para-beneficios-e-despesas-de-2026\/","title":{"rendered":"C\u00e2mara aprova exce\u00e7\u00f5es \u00e0s regras fiscais para benef\u00edcios e despesas de 2026"},"content":{"rendered":"<p> <br \/>\n<\/p>\n<div id=\"\">\n<figure class=\"materia__midia\" style=\"float: none; margin: 24px 0px;\" data-midia=\"1302721\"><img decoding=\"async\" src=\"https:\/\/www.camara.leg.br\/midias\/image\/2026\/09\/img20260903172435457-768x473.jpg\" alt=\"Discuss\u00e3o e vota\u00e7\u00e3o de propostas legislativas. Dep. Isnaldo Bulh\u00f5es Jr (MDB - AL)\"\/><figcaption><span class=\"materia__legenda-imagem\">Isnaldo Bulh\u00f5es Jr, relator do projeto de lei<\/span> &#8211; <span class=\"materia__creditos-imagem\" style=\"color:#5f5f5e\">Foto: Kayo Magalh\u00e3es\/C\u00e2mara dos Deputados<\/span><\/figcaption><\/figure>\n<p>A C\u00e2mara dos Deputados aprovou projeto que estabelece exce\u00e7\u00f5es \u00e0s regras fiscais para alguns benef\u00edcios tribut\u00e1rios e despesas obrigat\u00f3rias em 2026. Pelo texto, as exce\u00e7\u00f5es s\u00f3 poder\u00e3o ser usadas em situa\u00e7\u00f5es que atendam \u00e0s condi\u00e7\u00f5es listadas no pr\u00f3prio projeto, como a exist\u00eancia de recursos previstos no Or\u00e7amento de 2026 ou de medidas de compensa\u00e7\u00e3o fiscal. A proposta ainda deve ser analisada pelo Senado.<\/p>\n<p>O projeto foi aprovado em Plen\u00e1rio nesta quinta-feira (3), por <a href=\"https:\/\/www.camara.leg.br\/presenca-comissoes\/votacao-portal?reuniao=82965&amp;itemVotacao=13931\">346 votos a 46 e 3 absten\u00e7\u00f5es<\/a>. O texto \u00e9 o <span id=\"4098\" class=\"termoGlossario materia__glossario\" title=\"Nome que se d\u00e1 ao texto que altera substancialmente o conte\u00fado original da proposta. O substitutivo \u00e9 apresentado pelo relator e tem prefer\u00eancia na vota\u00e7\u00e3o sobre o projeto original.\" contenteditable=\"false\" data-toggle=\"tooltip\" data-placement=\"top\" style=\"color:#5f5f5e;border-bottom:none\">substitutivo<\/span> do relator, deputado Isnaldo Bulh\u00f5es Jr. (MDB-AL), ao Projeto de Lei Complementar (PLP) 74\/26, do deputado licenciado Jos\u00e9 Guimar\u00e3es (PT-CE).<\/p>\n<p>Bulh\u00f5es Jr, que tamb\u00e9m foi relator do Or\u00e7amento deste ano, destacou as \u00e1reas de livre com\u00e9rcio entre os benef\u00edcios alcan\u00e7ados pela proposta e o incentivo para instala\u00e7\u00e3o de data centers no Brasil, criado pelo Regime Especial de Tributa\u00e7\u00e3o para Servi\u00e7os de Datacenter (Redata).<\/p>\n<p>&#8220;Trata-se de setor intensivo em investimentos e marcado por elevada competi\u00e7\u00e3o internacional na escolha da localiza\u00e7\u00e3o de novos empreendimentos, circunst\u00e2ncia que recomenda a exist\u00eancia de um ambiente tribut\u00e1rio capaz de favorecer a atra\u00e7\u00e3o e a realiza\u00e7\u00e3o desses investimentos no Brasil&#8221;, disse o relator.<\/p>\n<h3 class=\"ds-titulo-subsecao\">Apoio \u00e0 sa\u00fade<\/h3>\n<p>\n                        O texto do relator ampliou as exce\u00e7\u00f5es para o programa federal de financiamento de a\u00e7\u00f5es de apoio \u00e0s pessoas com c\u00e2ncer e \u00e0s pessoas com defici\u00eancia (Pronon e Pronas).<\/p>\n<p>&#8220;A medida permite financiar pol\u00edticas de inequ\u00edvoco interesse social, assegurando condi\u00e7\u00f5es para a continuidade e o fortalecimento de a\u00e7\u00f5es de preven\u00e7\u00e3o e combate ao c\u00e2ncer, e de promo\u00e7\u00e3o da sa\u00fade, habilita\u00e7\u00e3o e reabilita\u00e7\u00e3o das pessoas com defici\u00eancia&#8221;, afirmou Bulh\u00f5es.<\/p>\n<h3 class=\"ds-titulo-subsecao\">Resseguradoras<\/h3>\n<p>Tamb\u00e9m ser\u00e3o beneficiadas proposi\u00e7\u00f5es que buscam a desonera\u00e7\u00e3o do IRPJ e da <span id=\"4154\" class=\"termoGlossario materia__glossario\" title=\"Tributo a ser pago \u00e0 Receita Federal por pessoas jur\u00eddicas domiciliadas no Pa\u00eds e por empresas que lhes s\u00e3o equiparadas pela legisla\u00e7\u00e3o do Imposto de Renda. A CSLL ser\u00e1 determinada mediante aplica\u00e7\u00e3o da al\u00edquota de 9% sobre o resultado ajustado, presumido ou arbitrado. Essa contribui\u00e7\u00e3o tamb\u00e9m incide sobre os lucros obtidos no exterior.\" contenteditable=\"false\" data-toggle=\"tooltip\" data-placement=\"top\" style=\"color:#5f5f5e;border-bottom:none\">CSLL<\/span> de sociedades resseguradoras locais. &#8220;A iniciativa \u00e9 especialmente oportuna ao compatibilizar as exig\u00eancias de responsabilidade fiscal com a necessidade de preservar instrumentos relevantes para o desenvolvimento econ\u00f4mico e social do Pa\u00eds&#8221;, explicou o relator.<\/p>\n<h3 class=\"ds-titulo-subsecao\">Pequenos munic\u00edpios<\/h3>\n<p>Munic\u00edpios de at\u00e9 65 mil habitantes ser\u00e3o dispensados de exig\u00eancias para transfer\u00eancias volunt\u00e1rias. &#8220;S\u00e3o os menores do Pa\u00eds em todos os recantos, de sul a norte. Eles t\u00eam um tratamento especial porque buscam cada vez mais aperfei\u00e7oar a capacidade t\u00e9cnica. \u00c0s vezes, por motivos simples, deixam de estar aptos a receber recursos&#8221;, justificou.<\/p>\n<p>Isnaldo Bulh\u00f5es Jr destacou que o texto aprovado preserva a responsabilidade na pol\u00edtica fiscal, ao condicionar as exce\u00e7\u00f5es \u00e0 sua compatibilidade com a meta de resultado prim\u00e1rio de 2026.<\/p>\n<p><a href=\"https:\/\/www.camara.leg.br\/noticias\/606442-conheca-a-tramitacao-de-projetos-de-lei-complementar\">Saiba mais sobre a tramita\u00e7\u00e3o de projetos de lei complementar<\/a><\/p>\n<\/p><\/div>\n<p><br \/>\n<br \/><a href=\"https:\/\/www.camara.leg.br\/noticias\/1302681-camara-aprova-excecoes-as-regras-fiscais-para-beneficios-e-despesas-de-2026\">postagem original <\/a><\/p>\n","protected":false},"excerpt":{"rendered":"<p>Isnaldo Bulh\u00f5es Jr, relator do projeto de lei &#8211; Foto: Kayo Magalh\u00e3es\/C\u00e2mara dos Deputados A C\u00e2mara dos Deputados aprovou projeto [&hellip;]<\/p>\n","protected":false},"author":1,"featured_media":6909,"comment_status":"open","ping_status":"open","sticky":false,"template":"","format":"standard","meta":{"site-sidebar-layout":"default","site-content-layout":"","ast-site-content-layout":"default","site-content-style":"default","site-sidebar-style":"default","ast-global-header-display":"","ast-banner-title-visibility":"","ast-main-header-display":"","ast-hfb-above-header-display":"","ast-hfb-below-header-display":"","ast-hfb-mobile-header-display":"","site-post-title":"","ast-breadcrumbs-content":"","ast-featured-img":"","footer-sml-layout":"","theme-transparent-header-meta":"","adv-header-id-meta":"","stick-header-meta":"","header-above-stick-meta":"","header-main-stick-meta":"","header-below-stick-meta":"","astra-migrate-meta-layouts":"default","ast-page-background-enabled":"default","ast-page-background-meta":{"desktop":{"background-color":"var(--ast-global-color-5)","background-image":"","background-repeat":"repeat","background-position":"center center","background-size":"auto","background-attachment":"scroll","background-type":"","background-media":"","overlay-type":"","overlay-color":"","overlay-opacity":"","overlay-gradient":""},"tablet":{"background-color":"","background-image":"","background-repeat":"repeat","background-position":"center center","background-size":"auto","background-attachment":"scroll","background-type":"","background-media":"","overlay-type":"","overlay-color":"","overlay-opacity":"","overlay-gradient":""},"mobile":{"background-color":"","background-image":"","background-repeat":"repeat","background-position":"center center","background-size":"auto","background-attachment":"scroll","background-type":"","background-media":"","overlay-type":"","overlay-color":"","overlay-opacity":"","overlay-gradient":""}},"ast-content-background-meta":{"desktop":{"background-color":"var(--ast-global-color-4)","background-image":"","background-repeat":"repeat","background-position":"center center","background-size":"auto","background-attachment":"scroll","background-type":"","background-media":"","overlay-type":"","overlay-color":"","overlay-opacity":"","overlay-gradient":""},"tablet":{"background-color":"var(--ast-global-color-4)","background-image":"","background-repeat":"repeat","background-position":"center center","background-size":"auto","background-attachment":"scroll","background-type":"","background-media":"","overlay-type":"","overlay-color":"","overlay-opacity":"","overlay-gradient":""},"mobile":{"background-color":"var(--ast-global-color-4)","background-image":"","background-repeat":"repeat","background-position":"center center","background-size":"auto","background-attachment":"scroll","background-type":"","background-media":"","overlay-type":"","overlay-color":"","overlay-opacity":"","overlay-gradient":""}},"_joinchat":[],"footnotes":""},"categories":[34],"tags":[],"_links":{"self":[{"href":"https:\/\/radiosantaclara.sitetopfm.com.br\/site\/wp-json\/wp\/v2\/posts\/11105"}],"collection":[{"href":"https:\/\/radiosantaclara.sitetopfm.com.br\/site\/wp-json\/wp\/v2\/posts"}],"about":[{"href":"https:\/\/radiosantaclara.sitetopfm.com.br\/site\/wp-json\/wp\/v2\/types\/post"}],"author":[{"embeddable":true,"href":"https:\/\/radiosantaclara.sitetopfm.com.br\/site\/wp-json\/wp\/v2\/users\/1"}],"replies":[{"embeddable":true,"href":"https:\/\/radiosantaclara.sitetopfm.com.br\/site\/wp-json\/wp\/v2\/comments?post=11105"}],"version-history":[{"count":0,"href":"https:\/\/radiosantaclara.sitetopfm.com.br\/site\/wp-json\/wp\/v2\/posts\/11105\/revisions"}],"wp:featuredmedia":[{"embeddable":true,"href":"https:\/\/radiosantaclara.sitetopfm.com.br\/site\/wp-json\/wp\/v2\/media\/6909"}],"wp:attachment":[{"href":"https:\/\/radiosantaclara.sitetopfm.com.br\/site\/wp-json\/wp\/v2\/media?parent=11105"}],"wp:term":[{"taxonomy":"category","embeddable":true,"href":"https:\/\/radiosantaclara.sitetopfm.com.br\/site\/wp-json\/wp\/v2\/categories?post=11105"},{"taxonomy":"post_tag","embeddable":true,"href":"https:\/\/radiosantaclara.sitetopfm.com.br\/site\/wp-json\/wp\/v2\/tags?post=11105"}],"curies":[{"name":"wp","href":"https:\/\/api.w.org\/{rel}","templated":true}]}}