{"id":11104,"date":"2026-09-03T19:18:38","date_gmt":"2026-09-03T22:18:38","guid":{"rendered":"https:\/\/radiosantaclara.sitetopfm.com.br\/site\/emendas-parlamentares-no-orcamento-de-2027-podem-chegar-a-r-575-bilhoes\/"},"modified":"2026-09-03T19:18:38","modified_gmt":"2026-09-03T22:18:38","slug":"emendas-parlamentares-no-orcamento-de-2027-podem-chegar-a-r-575-bilhoes","status":"publish","type":"post","link":"https:\/\/radiosantaclara.sitetopfm.com.br\/site\/emendas-parlamentares-no-orcamento-de-2027-podem-chegar-a-r-575-bilhoes\/","title":{"rendered":"Emendas parlamentares no Or\u00e7amento de 2027 podem chegar a R$ 57,5 bilh\u00f5es"},"content":{"rendered":"<p> <br \/>\n<\/p>\n<div id=\"\">\n<figure class=\"materia__midia\" style=\"float: none; margin: 24px 0px;\" data-midia=\"1302705\"><img decoding=\"async\" src=\"https:\/\/www.camara.leg.br\/midias\/image\/2026\/09\/img20230424111448985-768x512.jpg\" alt=\"Administra\u00e7\u00e3o p\u00fablica - geral - economia - or\u00e7amento - contas p\u00fablicas - tributos - reforma\"\/><figcaption><span class=\"materia__legenda-imagem\">Para 2026 foram aprovados R$ 12,1 bilh\u00f5es em emendas de comiss\u00f5es permanentes da C\u00e2mara e do Senado<\/span> &#8211; <span class=\"materia__creditos-imagem\" style=\"color:#5f5f5e\">Foto: Depositphotos<\/span><\/figcaption><\/figure>\n<p>As emendas parlamentares ao Or\u00e7amento de 2027 (<a class=\"linkProposicao\" href=\"https:\/\/www.camara.leg.br\/noticias\/1301496-orcamento-de-2027-tem-salario-minimo-de-r-1-741-e-reducao-de-despesas-com-pessoal\">PLN 24\/26<\/a>) poder\u00e3o atingir at\u00e9 R$ 57,5 bilh\u00f5es. Em 2026, elas somaram cerca de R$ 50 bilh\u00f5es, mas \u00e9 preciso levar em conta que R$ 3,9 bilh\u00f5es reservados para as emendas de bancadas estaduais foram remanejados para o Fundo Eleitoral.<\/p>\n<p>Portanto, o crescimento das emendas seria de quase 7%, um pouco menor que o aplicado para o conjunto das despesas pelas regras do arcabou\u00e7o fiscal. O total estimado para as emendas representa pouco mais de 25% das despesas n\u00e3o obrigat\u00f3rias do governo federal \u2013 ou seja, custeio e investimentos.<\/p>\n<p>Com as emendas, os parlamentares destinam recursos para obras em estados e munic\u00edpios, mas a maior parte \u00e9 alocada para a \u00e1rea de sa\u00fade.<\/p>\n<h3 class=\"ds-titulo-subsecao\">Regra de corre\u00e7\u00e3o<\/h3>\n<p>\n                        Na proposta or\u00e7ament\u00e1ria, o Executivo reservou R$ 44,8 bilh\u00f5es para as emendas individuais e de bancadas estaduais, que s\u00e3o as emendas de execu\u00e7\u00e3o obrigat\u00f3ria. Foi feita uma corre\u00e7\u00e3o dos valores de acordo com regra fixada pelo ministro do Supremo Tribunal Federal (STF) Fl\u00e1vio Dino.<\/p>\n<p>Pela regra, a corre\u00e7\u00e3o das emendas deve levar em conta o menor valor entre o reajuste fixado pelo arcabou\u00e7o fiscal para o limite de gastos total, a varia\u00e7\u00e3o da <span id=\"4332\" class=\"termoGlossario materia__glossario\" title=\"Para a Uni\u00e3o, \u00e9 o somat\u00f3rio das receitas arrecadadas e das transfer\u00eancias recebidas deduzidas das verbas transferidas, por determina\u00e7\u00e3o constitucional ou legal, para os estados, os munic\u00edpios e o Distrito Federal.\" contenteditable=\"false\" data-toggle=\"tooltip\" data-placement=\"top\" style=\"color:#5f5f5e;border-bottom:none\">receita corrente l\u00edquida<\/span> e o crescimento das despesas n\u00e3o obrigat\u00f3rias. De acordo com o diretor da Consultoria de Or\u00e7amento da C\u00e2mara, Graciano Rocha Mendes, o reajuste do arcabou\u00e7o foi o menor.<\/p>\n<p>\u201cO governo fez esta compara\u00e7\u00e3o entre os crit\u00e9rios e considerou que o ajuste pela regra do teto de gastos, que \u00e9 a reposi\u00e7\u00e3o de infla\u00e7\u00e3o com um ganho real calculado, seria conforme essa decis\u00e3o do ministro Fl\u00e1vio Dino. Ent\u00e3o a gente tem as emendas ainda crescendo, s\u00f3 que em ritmo de acelera\u00e7\u00e3o mais controlado porque o crit\u00e9rio menor de crescimento \u00e9 o levado em conta a cada ano\u201d, explicou.<\/p>\n<h3 class=\"ds-titulo-subsecao\">Emendas de comiss\u00e3o<\/h3>\n<p>\n                        Al\u00e9m disso, para 2026 tamb\u00e9m foram aprovados R$ 12,1 bilh\u00f5es em emendas de comiss\u00f5es permanentes da C\u00e2mara e do Senado. Pela Lei Complementar 210\/24, a corre\u00e7\u00e3o desse valor deve ser feita pelo <span id=\"4413\" class=\"termoGlossario materia__glossario\" title=\"Calculado pelo IBGE, mede o custo de vida de fam\u00edlias com rendimento mensal de um a 40 sal\u00e1rios m\u00ednimos em onze regi\u00f5es metropolitanas. Desde 1999, \u00e9 usado pelo governo com o \u00edndice oficial de infla\u00e7\u00e3o do Pa\u00eds.\" contenteditable=\"false\" data-toggle=\"tooltip\" data-placement=\"top\" style=\"color:#5f5f5e;border-bottom:none\">IPCA<\/span> acumulado at\u00e9 junho deste ano, ou 4,64%. Portanto, essas emendas poderiam ser de at\u00e9 R$ 12,7 bilh\u00f5es.<\/p>\n<p>Como o valor das emendas de comiss\u00e3o n\u00e3o est\u00e1 na proposta or\u00e7ament\u00e1ria, o Congresso ter\u00e1 que decidir se vai retirar esse total de outras a\u00e7\u00f5es.<\/p>\n<p>O governo at\u00e9 prev\u00ea uma \u201cfolga\u201d de R$ 10,1 bilh\u00f5es no alcance da meta fiscal de 2027, que \u00e9 de um <span id=\"4267\" class=\"termoGlossario materia__glossario\" title=\"Economia que a Uni\u00e3o, os estados, o Distrito Federal e os munic\u00edpios fazem para controlar a d\u00edvida p\u00fablica.\" contenteditable=\"false\" data-toggle=\"tooltip\" data-placement=\"top\" style=\"color:#5f5f5e;border-bottom:none\">super\u00e1vit<\/span> (receitas maiores que despesas) de R$ 73,2 bilh\u00f5es. Mas o arcabou\u00e7o tamb\u00e9m tem um teto de gastos de R$ 2.576,5 bilh\u00f5es. Al\u00e9m disso, o governo quer obter um super\u00e1vit \u201cefetivo\u201d \u2013 sem contar as dedu\u00e7\u00f5es legais de algumas despesas \u2013 de R$ 18,6 bilh\u00f5es.<\/p>\n<p>Graciano afirma que o super\u00e1vit \u00e9 pequeno e pode ser desfeito por alguma frustra\u00e7\u00e3o de receitas, por exemplo. Mas classificou a sinaliza\u00e7\u00e3o de contas equilibradas como \u201cpositiva\u201d.<\/p>\n<\/p><\/div>\n<p><br \/>\n<br \/><a href=\"https:\/\/www.camara.leg.br\/noticias\/1302633-emendas-parlamentares-no-orcamento-de-2027-podem-chegar-a-r-575-bilhoes\">postagem original <\/a><\/p>\n","protected":false},"excerpt":{"rendered":"<p>Para 2026 foram aprovados R$ 12,1 bilh\u00f5es em emendas de comiss\u00f5es permanentes da C\u00e2mara e do Senado &#8211; Foto: Depositphotos [&hellip;]<\/p>\n","protected":false},"author":1,"featured_media":6909,"comment_status":"open","ping_status":"open","sticky":false,"template":"","format":"standard","meta":{"site-sidebar-layout":"default","site-content-layout":"","ast-site-content-layout":"default","site-content-style":"default","site-sidebar-style":"default","ast-global-header-display":"","ast-banner-title-visibility":"","ast-main-header-display":"","ast-hfb-above-header-display":"","ast-hfb-below-header-display":"","ast-hfb-mobile-header-display":"","site-post-title":"","ast-breadcrumbs-content":"","ast-featured-img":"","footer-sml-layout":"","theme-transparent-header-meta":"","adv-header-id-meta":"","stick-header-meta":"","header-above-stick-meta":"","header-main-stick-meta":"","header-below-stick-meta":"","astra-migrate-meta-layouts":"default","ast-page-background-enabled":"default","ast-page-background-meta":{"desktop":{"background-color":"var(--ast-global-color-5)","background-image":"","background-repeat":"repeat","background-position":"center center","background-size":"auto","background-attachment":"scroll","background-type":"","background-media":"","overlay-type":"","overlay-color":"","overlay-opacity":"","overlay-gradient":""},"tablet":{"background-color":"","background-image":"","background-repeat":"repeat","background-position":"center center","background-size":"auto","background-attachment":"scroll","background-type":"","background-media":"","overlay-type":"","overlay-color":"","overlay-opacity":"","overlay-gradient":""},"mobile":{"background-color":"","background-image":"","background-repeat":"repeat","background-position":"center center","background-size":"auto","background-attachment":"scroll","background-type":"","background-media":"","overlay-type":"","overlay-color":"","overlay-opacity":"","overlay-gradient":""}},"ast-content-background-meta":{"desktop":{"background-color":"var(--ast-global-color-4)","background-image":"","background-repeat":"repeat","background-position":"center center","background-size":"auto","background-attachment":"scroll","background-type":"","background-media":"","overlay-type":"","overlay-color":"","overlay-opacity":"","overlay-gradient":""},"tablet":{"background-color":"var(--ast-global-color-4)","background-image":"","background-repeat":"repeat","background-position":"center center","background-size":"auto","background-attachment":"scroll","background-type":"","background-media":"","overlay-type":"","overlay-color":"","overlay-opacity":"","overlay-gradient":""},"mobile":{"background-color":"var(--ast-global-color-4)","background-image":"","background-repeat":"repeat","background-position":"center center","background-size":"auto","background-attachment":"scroll","background-type":"","background-media":"","overlay-type":"","overlay-color":"","overlay-opacity":"","overlay-gradient":""}},"_joinchat":[],"footnotes":""},"categories":[36],"tags":[],"_links":{"self":[{"href":"https:\/\/radiosantaclara.sitetopfm.com.br\/site\/wp-json\/wp\/v2\/posts\/11104"}],"collection":[{"href":"https:\/\/radiosantaclara.sitetopfm.com.br\/site\/wp-json\/wp\/v2\/posts"}],"about":[{"href":"https:\/\/radiosantaclara.sitetopfm.com.br\/site\/wp-json\/wp\/v2\/types\/post"}],"author":[{"embeddable":true,"href":"https:\/\/radiosantaclara.sitetopfm.com.br\/site\/wp-json\/wp\/v2\/users\/1"}],"replies":[{"embeddable":true,"href":"https:\/\/radiosantaclara.sitetopfm.com.br\/site\/wp-json\/wp\/v2\/comments?post=11104"}],"version-history":[{"count":0,"href":"https:\/\/radiosantaclara.sitetopfm.com.br\/site\/wp-json\/wp\/v2\/posts\/11104\/revisions"}],"wp:featuredmedia":[{"embeddable":true,"href":"https:\/\/radiosantaclara.sitetopfm.com.br\/site\/wp-json\/wp\/v2\/media\/6909"}],"wp:attachment":[{"href":"https:\/\/radiosantaclara.sitetopfm.com.br\/site\/wp-json\/wp\/v2\/media?parent=11104"}],"wp:term":[{"taxonomy":"category","embeddable":true,"href":"https:\/\/radiosantaclara.sitetopfm.com.br\/site\/wp-json\/wp\/v2\/categories?post=11104"},{"taxonomy":"post_tag","embeddable":true,"href":"https:\/\/radiosantaclara.sitetopfm.com.br\/site\/wp-json\/wp\/v2\/tags?post=11104"}],"curies":[{"name":"wp","href":"https:\/\/api.w.org\/{rel}","templated":true}]}}