{"id":11101,"date":"2026-09-03T17:45:43","date_gmt":"2026-09-03T20:45:43","guid":{"rendered":"https:\/\/radiosantaclara.sitetopfm.com.br\/site\/comissao-aprova-regras-para-acompanhante-de-autistas-na-saude\/"},"modified":"2026-09-03T17:45:43","modified_gmt":"2026-09-03T20:45:43","slug":"comissao-aprova-regras-para-acompanhante-de-autistas-na-saude","status":"publish","type":"post","link":"https:\/\/radiosantaclara.sitetopfm.com.br\/site\/comissao-aprova-regras-para-acompanhante-de-autistas-na-saude\/","title":{"rendered":"Comiss\u00e3o aprova regras para acompanhante de autistas na sa\u00fade"},"content":{"rendered":"<p> <br \/>\n<\/p>\n<div id=\"\">\n<figure class=\"materia__midia\" style=\"float: none; margin: 24px 0px;\" data-midia=\"875260\"><img decoding=\"async\" src=\"https:\/\/www.camara.leg.br\/midias\/image\/2022\/05\/img20200723124731932-768x512.jpg\" alt=\"Direitos Humanos - deficientes - doen\u00e7as autismo atendimento defici\u00eancia intelectual sa\u00fade psicologia fonoaudiologia Sistema \u00danico de Sa\u00fade coronav\u00edrus Covid-19 pandemia m\u00e1scaras tratamento consultas SUS pacientes mental infantil (Psic\u00f3loga e fonoaudi\u00f3loga atendem crian\u00e7a (Gabriel Guiomar Brasil, 8 anos) com transtorno do espectro autista no Centro Integrado de Inclus\u00e3o e Reabilita\u00e7\u00e3o, (CIIR), Bel\u00e9m-PA)\"\/><figcaption><span class=\"materia__legenda-imagem\">Pela proposta, o acompanhante tamb\u00e9m dever\u00e1 seguir as normas sanit\u00e1rias<\/span> &#8211; <span class=\"materia__creditos-imagem\" style=\"color:#5f5f5e\">Foto: Ricardo Amanaj\u00e1s\/Ag\u00eancia Par\u00e1<\/span><\/figcaption><\/figure>\n<p>A Comiss\u00e3o de Defesa dos Direitos das Pessoas com Defici\u00eancia da C\u00e2mara dos Deputados aprovou projeto de lei que estabelece regras para o acompanhamento de crian\u00e7as e adolescentes com transtorno do espectro autista (TEA) durante atendimentos cl\u00ednicos, terap\u00eauticos e outros procedimentos de sa\u00fade.<\/p>\n<p>Pela proposta, o acompanhante poder\u00e1 ser um dos pais, o respons\u00e1vel legal ou outra pessoa indicada por eles. O direito vale para atendimentos realizados em estabelecimentos p\u00fablicos ou privados.<\/p>\n<p>O acompanhamento inclui, sempre que for compat\u00edvel com o atendimento, a perman\u00eancia durante o procedimento e o recebimento de orienta\u00e7\u00f5es para a continuidade dos cuidados. No caso dos adolescentes, o texto deixa claro que devem ser preservados o sigilo profissional, a privacidade e a autonomia progressiva.<\/p>\n<p>A comiss\u00e3o acolheu o parecer do relator, deputado M\u00e1rcio Jerry (PCdoB-MA), favor\u00e1vel \u00e0 aprova\u00e7\u00e3o do Projeto de Lei 4183\/25, do deputado Kim Kataguiri (Miss\u00e3o-SP) (Miss\u00e3o-SP), com as altera\u00e7\u00f5es aprovadas anteriormente pela Comiss\u00e3o de Sa\u00fade.<\/p>\n<p>A vers\u00e3o original limitava o direito a crian\u00e7as com TEA. O texto aprovado incluiu adolescentes e estabeleceu deveres para os acompanhantes, al\u00e9m de inserir o direito na\u00a0 <a class=\"linkLegislacao\" href=\"https:\/\/www2.camara.gov.br\/legin\/fed\/lei\/2012\/lei-12764-27-dezembro-2012-774838-norma-pl.html\" target=\"_blank\" rel=\"noopener noreferrer\">Pol\u00edtica Nacional de Prote\u00e7\u00e3o dos Direitos da Pessoa com Transtorno do Espectro Autista<\/a>.<\/p>\n<p>M\u00e1rcio Jerry observou que a presen\u00e7a de uma pessoa de refer\u00eancia pode reduzir a ansiedade, facilitar a comunica\u00e7\u00e3o com os profissionais e ajudar na regula\u00e7\u00e3o emocional e comportamental da crian\u00e7a ou do adolescente.<\/p>\n<p>\u201cEssa participa\u00e7\u00e3o n\u00e3o deve ser compreendida como interfer\u00eancia indevida na autonomia t\u00e9cnica dos profissionais de sa\u00fade, mas como elemento de cuidado centrado na pessoa, na fam\u00edlia e nas necessidades espec\u00edficas da crian\u00e7a ou do adolescente com TEA\u201d, disse na justificativa.<\/p>\n<h3 class=\"ds-titulo-subsecao\">Restri\u00e7\u00e3o em casos excepcionais<\/h3>\n<p>Pelo projeto, a restri\u00e7\u00e3o ao direito de acompanhamento deve ser excepcional, pelo tempo necess\u00e1rio, estar relacionada ao melhor interesse da crian\u00e7a ou do adolescente ou \u00e0 realiza\u00e7\u00e3o adequada do atendimento e ser justificada e registrada no prontu\u00e1rio.<\/p>\n<p>O acompanhante tamb\u00e9m dever\u00e1 seguir as normas sanit\u00e1rias, de seguran\u00e7a e de organiza\u00e7\u00e3o do servi\u00e7o, al\u00e9m de preservar o sigilo das informa\u00e7\u00f5es de sa\u00fade \u00e0s quais tiver acesso durante o acompanhamento.<\/p>\n<p>A <a href=\"https:\/\/www2.camara.leg.br\/legin\/fed\/lei\/2026\/lei-15378-6-abril-2026-798918-publicacaooriginal-178753-pl.html\">Lei dos Direitos do Paciente<\/a>, sancionada em 2026, passou a estabelecer que o paciente tem direito a acompanhante em consultas e interna\u00e7\u00f5es, salvo quando o profissional entender que a presen\u00e7a pode prejudicar a sa\u00fade, a intimidade ou a seguran\u00e7a do paciente ou de terceiros.<\/p>\n<h3 class=\"ds-titulo-subsecao\">Pr\u00f3ximos passos<\/h3>\n<p>O projeto tramita em <span id=\"4322\" class=\"termoGlossario materia__glossario\" title=\"Rito de tramita\u00e7\u00e3o pelo qual o projeto \u00e9 votado apenas pelas comiss\u00f5es designadas para analis\u00e1-lo, dispensada a delibera\u00e7\u00e3o do Plen\u00e1rio. O projeto perde o car\u00e1ter conclusivo se houver decis\u00e3o divergente entre as comiss\u00f5es ou se, independentemente de ser aprovado ou rejeitado, houver recurso assinado por 52 deputados para a aprecia\u00e7\u00e3o da mat\u00e9ria no Plen\u00e1rio.\" contenteditable=\"false\" data-toggle=\"tooltip\" data-placement=\"top\" style=\"color:#5f5f5e;border-bottom:none\">car\u00e1ter conclusivo<\/span> e ser\u00e1 analisado agora pela Comiss\u00e3o de Constitui\u00e7\u00e3o e Justi\u00e7a e de Cidadania. Para virar lei, precisa ser aprovado pela C\u00e2mara e pelo Senado.<\/p>\n<p><a href=\"https:\/\/www.camara.leg.br\/noticias\/573454-SAIBA-MAIS-SOBRE-A-TRAMITACAO-DE-PROJETOS-DE-LEI\">Saiba mais sobre a tramita\u00e7\u00e3o de projetos de lei<\/a><\/p>\n<p>\u00a0<\/p>\n<div id=\"infografico-embed-1010730\" style=\"width: 100%; max-width: 100%; overflow: hidden;\"><img decoding=\"async\" src=\"https:\/\/www.camara.leg.br\/internet\/agencia\/infograficos-html5\/transtorno-autismo-completa\/images\/desktop.jpg\" alt=\"\" loading=\"lazy\" style=\"width: 100%; max-width: 100%; height: auto; display: block; border: 0; margin: 0 auto;\"\/><\/div>\n<\/p><\/div>\n<p><br \/>\n<br \/><a href=\"https:\/\/www.camara.leg.br\/noticias\/1302599-comissao-aprova-regras-para-acompanhante-de-autistas-na-saude\">postagem original <\/a><\/p>\n","protected":false},"excerpt":{"rendered":"<p>Pela proposta, o acompanhante tamb\u00e9m dever\u00e1 seguir as normas sanit\u00e1rias &#8211; Foto: Ricardo Amanaj\u00e1s\/Ag\u00eancia Par\u00e1 A Comiss\u00e3o de Defesa dos [&hellip;]<\/p>\n","protected":false},"author":1,"featured_media":6909,"comment_status":"open","ping_status":"open","sticky":false,"template":"","format":"standard","meta":{"site-sidebar-layout":"default","site-content-layout":"","ast-site-content-layout":"default","site-content-style":"default","site-sidebar-style":"default","ast-global-header-display":"","ast-banner-title-visibility":"","ast-main-header-display":"","ast-hfb-above-header-display":"","ast-hfb-below-header-display":"","ast-hfb-mobile-header-display":"","site-post-title":"","ast-breadcrumbs-content":"","ast-featured-img":"","footer-sml-layout":"","theme-transparent-header-meta":"","adv-header-id-meta":"","stick-header-meta":"","header-above-stick-meta":"","header-main-stick-meta":"","header-below-stick-meta":"","astra-migrate-meta-layouts":"default","ast-page-background-enabled":"default","ast-page-background-meta":{"desktop":{"background-color":"var(--ast-global-color-5)","background-image":"","background-repeat":"repeat","background-position":"center center","background-size":"auto","background-attachment":"scroll","background-type":"","background-media":"","overlay-type":"","overlay-color":"","overlay-opacity":"","overlay-gradient":""},"tablet":{"background-color":"","background-image":"","background-repeat":"repeat","background-position":"center center","background-size":"auto","background-attachment":"scroll","background-type":"","background-media":"","overlay-type":"","overlay-color":"","overlay-opacity":"","overlay-gradient":""},"mobile":{"background-color":"","background-image":"","background-repeat":"repeat","background-position":"center center","background-size":"auto","background-attachment":"scroll","background-type":"","background-media":"","overlay-type":"","overlay-color":"","overlay-opacity":"","overlay-gradient":""}},"ast-content-background-meta":{"desktop":{"background-color":"var(--ast-global-color-4)","background-image":"","background-repeat":"repeat","background-position":"center center","background-size":"auto","background-attachment":"scroll","background-type":"","background-media":"","overlay-type":"","overlay-color":"","overlay-opacity":"","overlay-gradient":""},"tablet":{"background-color":"var(--ast-global-color-4)","background-image":"","background-repeat":"repeat","background-position":"center center","background-size":"auto","background-attachment":"scroll","background-type":"","background-media":"","overlay-type":"","overlay-color":"","overlay-opacity":"","overlay-gradient":""},"mobile":{"background-color":"var(--ast-global-color-4)","background-image":"","background-repeat":"repeat","background-position":"center center","background-size":"auto","background-attachment":"scroll","background-type":"","background-media":"","overlay-type":"","overlay-color":"","overlay-opacity":"","overlay-gradient":""}},"_joinchat":[],"footnotes":""},"categories":[31],"tags":[],"_links":{"self":[{"href":"https:\/\/radiosantaclara.sitetopfm.com.br\/site\/wp-json\/wp\/v2\/posts\/11101"}],"collection":[{"href":"https:\/\/radiosantaclara.sitetopfm.com.br\/site\/wp-json\/wp\/v2\/posts"}],"about":[{"href":"https:\/\/radiosantaclara.sitetopfm.com.br\/site\/wp-json\/wp\/v2\/types\/post"}],"author":[{"embeddable":true,"href":"https:\/\/radiosantaclara.sitetopfm.com.br\/site\/wp-json\/wp\/v2\/users\/1"}],"replies":[{"embeddable":true,"href":"https:\/\/radiosantaclara.sitetopfm.com.br\/site\/wp-json\/wp\/v2\/comments?post=11101"}],"version-history":[{"count":0,"href":"https:\/\/radiosantaclara.sitetopfm.com.br\/site\/wp-json\/wp\/v2\/posts\/11101\/revisions"}],"wp:featuredmedia":[{"embeddable":true,"href":"https:\/\/radiosantaclara.sitetopfm.com.br\/site\/wp-json\/wp\/v2\/media\/6909"}],"wp:attachment":[{"href":"https:\/\/radiosantaclara.sitetopfm.com.br\/site\/wp-json\/wp\/v2\/media?parent=11101"}],"wp:term":[{"taxonomy":"category","embeddable":true,"href":"https:\/\/radiosantaclara.sitetopfm.com.br\/site\/wp-json\/wp\/v2\/categories?post=11101"},{"taxonomy":"post_tag","embeddable":true,"href":"https:\/\/radiosantaclara.sitetopfm.com.br\/site\/wp-json\/wp\/v2\/tags?post=11101"}],"curies":[{"name":"wp","href":"https:\/\/api.w.org\/{rel}","templated":true}]}}