{"id":11099,"date":"2026-09-03T16:51:54","date_gmt":"2026-09-03T19:51:54","guid":{"rendered":"https:\/\/radiosantaclara.sitetopfm.com.br\/site\/hugo-motta-destaca-aumento-do-poder-de-compra-da-populacao-com-fim-da-taxa-das-blusinhas\/"},"modified":"2026-09-03T16:51:54","modified_gmt":"2026-09-03T19:51:54","slug":"hugo-motta-destaca-aumento-do-poder-de-compra-da-populacao-com-fim-da-taxa-das-blusinhas","status":"publish","type":"post","link":"https:\/\/radiosantaclara.sitetopfm.com.br\/site\/hugo-motta-destaca-aumento-do-poder-de-compra-da-populacao-com-fim-da-taxa-das-blusinhas\/","title":{"rendered":"Hugo Motta destaca aumento do poder de compra da popula\u00e7\u00e3o com fim da &#8220;taxa das blusinhas&#8221;"},"content":{"rendered":"<p> <br \/>\n<\/p>\n<div id=\"\">\n<figure class=\"materia__midia\" style=\"float: none; margin: 24px 0px;\" data-midia=\"1302684\"><img decoding=\"async\" src=\"https:\/\/www.camara.leg.br\/midias\/image\/2026\/09\/img20260903160821008-768x473.jpg\" alt=\"Discuss\u00e3o e vota\u00e7\u00e3o de propostas legislativas. Presidente da C\u00e2mara dos Deputados, Hugo Motta (REPUBLICANOS - PB)\"\/><figcaption><span class=\"materia__legenda-imagem\">Hugo Motta: a vota\u00e7\u00e3o foi resultado do di\u00e1logo entre C\u00e2mara, Senado e governo<\/span> &#8211; <span class=\"materia__creditos-imagem\" style=\"color:#5f5f5e\">Foto: Kayo Magalh\u00e3es\/C\u00e2mara dos Deputados<\/span><\/figcaption><\/figure>\n<p>O presidente da C\u00e2mara dos Deputados, Hugo Motta (Republicanos-PB), afirmou que a aprova\u00e7\u00e3o da Medida Provis\u00f3ria 1357\/26 amplia o poder de compra da popula\u00e7\u00e3o brasileira. &#8220;Aprovamos o fim da taxa das blusinhas, que estabelecia a cobran\u00e7a de 20% sobre as compras internacionais de at\u00e9 50 d\u00f3lares. Essa vota\u00e7\u00e3o foi resultado do di\u00e1logo entre a C\u00e2mara, o Senado e o governo federal&#8221;, observou.<\/p>\n<p>Hugo Motta avalia que a decis\u00e3o tem impacto concreto na vida das fam\u00edlias. &#8220;As compras de at\u00e9 50 d\u00f3lares representam uma alternativa importante de consumo, especialmente para a popula\u00e7\u00e3o de menor renda. S\u00e3o brasileiros que enfrentam diariamente a press\u00e3o sobre o or\u00e7amento dom\u00e9stico e encontram nesse com\u00e9rcio uma forma de adquirir produtos do cotidiano a pre\u00e7os mais acess\u00edveis. Ao retirarmos essa cobran\u00e7a, reduzimos o peso dos impostos justamente sobre quem mais precisa, sobre quem mais sente o impacto de cada real no or\u00e7amento familiar.&#8221;<\/p>\n<h3 class=\"ds-titulo-subsecao\">Renda familiar<\/h3>\n<p>\n                        Segundo o presidente da C\u00e2mara, a medida tamb\u00e9m deve beneficiar trabalhadores e empreendedores que usam as compras internacionais para complementar a renda da fam\u00edlia. &#8220;Estamos falando de um ecossistema que re\u00fane consumidores, trabalhadores e empreendedores, movimenta a economia e j\u00e1 faz parte da realidade do pa\u00eds. E o poder p\u00fablico n\u00e3o pode ignorar as transforma\u00e7\u00f5es econ\u00f4micas e sociais que fazem parte da vida dos brasileiros&#8221;, ponderou.<\/p>\n<p>O presidente da C\u00e2mara avalia que o varejo est\u00e1 passando por mudan\u00e7as estruturais que imp\u00f5em novos desafios \u00e0s empresas brasileiras. &#8220;Sabemos que existem preocupa\u00e7\u00f5es da ind\u00fastria e do varejo em rela\u00e7\u00e3o a essa medida. E a C\u00e2mara dos Deputados n\u00e3o dar\u00e1 as costas a essas preocupa\u00e7\u00f5es.&#8221;<\/p>\n<h3 class=\"ds-titulo-subsecao\">Di\u00e1logo<\/h3>\n<p>\n                        Hugo Motta afirmou que a C\u00e2mara continuar\u00e1 dialogando com o setor produtivo, buscando conciliar a prote\u00e7\u00e3o do poder de compra das fam\u00edlias sem deixar de olhar para a competitividade da ind\u00fastria e a for\u00e7a do varejo nacional.<\/p>\n<p>&#8220;A vota\u00e7\u00e3o de hoje n\u00e3o encerra este debate. Ao contr\u00e1rio, refor\u00e7a a nossa responsabilidade de avan\u00e7ar na constru\u00e7\u00e3o de respostas para as transforma\u00e7\u00f5es que acontecem na economia e no com\u00e9rcio brasileiro&#8221;, declarou.<\/p>\n<p><a href=\"https:\/\/www.youtube.com\/watch?v=gPFSq60O3Xg&amp;pp=0gcJCRsMAYcqIYzv\">Assista ao vivo<\/a><\/p>\n<h3 class=\"ds-titulo-subsecao\">Mais informa\u00e7\u00f5es em instantes<\/h3>\n<\/p><\/div>\n<p><br \/>\n<br \/><a href=\"https:\/\/www.camara.leg.br\/noticias\/1302672-hugo-motta-destaca-aumento-do-poder-de-compra-da-populacao-com-fim-da-taxa-das-blusinhas\">postagem original <\/a><\/p>\n","protected":false},"excerpt":{"rendered":"<p>Hugo Motta: a vota\u00e7\u00e3o foi resultado do di\u00e1logo entre C\u00e2mara, Senado e governo &#8211; Foto: Kayo Magalh\u00e3es\/C\u00e2mara dos Deputados O [&hellip;]<\/p>\n","protected":false},"author":1,"featured_media":6909,"comment_status":"open","ping_status":"open","sticky":false,"template":"","format":"standard","meta":{"site-sidebar-layout":"default","site-content-layout":"","ast-site-content-layout":"default","site-content-style":"default","site-sidebar-style":"default","ast-global-header-display":"","ast-banner-title-visibility":"","ast-main-header-display":"","ast-hfb-above-header-display":"","ast-hfb-below-header-display":"","ast-hfb-mobile-header-display":"","site-post-title":"","ast-breadcrumbs-content":"","ast-featured-img":"","footer-sml-layout":"","theme-transparent-header-meta":"","adv-header-id-meta":"","stick-header-meta":"","header-above-stick-meta":"","header-main-stick-meta":"","header-below-stick-meta":"","astra-migrate-meta-layouts":"default","ast-page-background-enabled":"default","ast-page-background-meta":{"desktop":{"background-color":"var(--ast-global-color-5)","background-image":"","background-repeat":"repeat","background-position":"center center","background-size":"auto","background-attachment":"scroll","background-type":"","background-media":"","overlay-type":"","overlay-color":"","overlay-opacity":"","overlay-gradient":""},"tablet":{"background-color":"","background-image":"","background-repeat":"repeat","background-position":"center center","background-size":"auto","background-attachment":"scroll","background-type":"","background-media":"","overlay-type":"","overlay-color":"","overlay-opacity":"","overlay-gradient":""},"mobile":{"background-color":"","background-image":"","background-repeat":"repeat","background-position":"center center","background-size":"auto","background-attachment":"scroll","background-type":"","background-media":"","overlay-type":"","overlay-color":"","overlay-opacity":"","overlay-gradient":""}},"ast-content-background-meta":{"desktop":{"background-color":"var(--ast-global-color-4)","background-image":"","background-repeat":"repeat","background-position":"center center","background-size":"auto","background-attachment":"scroll","background-type":"","background-media":"","overlay-type":"","overlay-color":"","overlay-opacity":"","overlay-gradient":""},"tablet":{"background-color":"var(--ast-global-color-4)","background-image":"","background-repeat":"repeat","background-position":"center center","background-size":"auto","background-attachment":"scroll","background-type":"","background-media":"","overlay-type":"","overlay-color":"","overlay-opacity":"","overlay-gradient":""},"mobile":{"background-color":"var(--ast-global-color-4)","background-image":"","background-repeat":"repeat","background-position":"center center","background-size":"auto","background-attachment":"scroll","background-type":"","background-media":"","overlay-type":"","overlay-color":"","overlay-opacity":"","overlay-gradient":""}},"_joinchat":[],"footnotes":""},"categories":[37],"tags":[],"_links":{"self":[{"href":"https:\/\/radiosantaclara.sitetopfm.com.br\/site\/wp-json\/wp\/v2\/posts\/11099"}],"collection":[{"href":"https:\/\/radiosantaclara.sitetopfm.com.br\/site\/wp-json\/wp\/v2\/posts"}],"about":[{"href":"https:\/\/radiosantaclara.sitetopfm.com.br\/site\/wp-json\/wp\/v2\/types\/post"}],"author":[{"embeddable":true,"href":"https:\/\/radiosantaclara.sitetopfm.com.br\/site\/wp-json\/wp\/v2\/users\/1"}],"replies":[{"embeddable":true,"href":"https:\/\/radiosantaclara.sitetopfm.com.br\/site\/wp-json\/wp\/v2\/comments?post=11099"}],"version-history":[{"count":0,"href":"https:\/\/radiosantaclara.sitetopfm.com.br\/site\/wp-json\/wp\/v2\/posts\/11099\/revisions"}],"wp:featuredmedia":[{"embeddable":true,"href":"https:\/\/radiosantaclara.sitetopfm.com.br\/site\/wp-json\/wp\/v2\/media\/6909"}],"wp:attachment":[{"href":"https:\/\/radiosantaclara.sitetopfm.com.br\/site\/wp-json\/wp\/v2\/media?parent=11099"}],"wp:term":[{"taxonomy":"category","embeddable":true,"href":"https:\/\/radiosantaclara.sitetopfm.com.br\/site\/wp-json\/wp\/v2\/categories?post=11099"},{"taxonomy":"post_tag","embeddable":true,"href":"https:\/\/radiosantaclara.sitetopfm.com.br\/site\/wp-json\/wp\/v2\/tags?post=11099"}],"curies":[{"name":"wp","href":"https:\/\/api.w.org\/{rel}","templated":true}]}}