{"id":11098,"date":"2026-09-03T16:39:19","date_gmt":"2026-09-03T19:39:19","guid":{"rendered":"https:\/\/radiosantaclara.sitetopfm.com.br\/site\/camara-aprova-mp-que-acaba-com-a-taxa-das-blusinhas-texto-vai-ao-senado\/"},"modified":"2026-09-03T16:39:19","modified_gmt":"2026-09-03T19:39:19","slug":"camara-aprova-mp-que-acaba-com-a-taxa-das-blusinhas-texto-vai-ao-senado","status":"publish","type":"post","link":"https:\/\/radiosantaclara.sitetopfm.com.br\/site\/camara-aprova-mp-que-acaba-com-a-taxa-das-blusinhas-texto-vai-ao-senado\/","title":{"rendered":"C\u00e2mara aprova MP que acaba com a &#8220;taxa das blusinhas&#8221;; texto vai ao Senado"},"content":{"rendered":"<p> <br \/>\n<\/p>\n<div id=\"\">\n<figure class=\"materia__midia\" style=\"float: none; margin: 24px 0px;\" data-midia=\"1302674\"><img decoding=\"async\" src=\"https:\/\/www.camara.leg.br\/midias\/image\/2026\/09\/img20260903160846209-768x473.jpg\" alt=\"Discuss\u00e3o e vota\u00e7\u00e3o de propostas legislativas. Presidente da C\u00e2mara dos Deputados, Hugo Motta (REPUBLICANOS - PB)\"\/><figcaption><span class=\"materia__legenda-imagem\">Deputados na sess\u00e3o do Plen\u00e1rio desta quinta-feira<\/span> &#8211; <span class=\"materia__creditos-imagem\" style=\"color:#5f5f5e\">Foto: Kayo Magalh\u00e3es\/C\u00e2mara dos Deputados<\/span><\/figcaption><\/figure>\n<p>A C\u00e2mara dos Deputados concluiu a vota\u00e7\u00e3o da Medida Provis\u00f3ria 1357\/26, que permite zerar o Imposto de Importa\u00e7\u00e3o sobre compras internacionais de at\u00e9 50 d\u00f3lares. Por tratar de compras de pequeno valor, a cobran\u00e7a do tributo ficou popularmente conhecida como \u201ctaxa das blusinhas\u201d. A MP segue agora para an\u00e1lise no Senado.<\/p>\n<p>O texto aprovado permite que o Minist\u00e9rio da Fazenda reduza a al\u00edquota do tributo, inclusive a zero, para remessas postais internacionais de at\u00e9 50 d\u00f3lares. Para valores superiores, at\u00e9 o limite de 3 mil d\u00f3lares, a al\u00edquota poder\u00e1 ser reduzida dos atuais 60% para at\u00e9 30%.<\/p>\n<p>A MP foi aprovada na forma do <span id=\"4131\" class=\"termoGlossario materia__glossario\" title=\"\" contenteditable=\"false\" data-toggle=\"tooltip\" data-placement=\"top\" data-original-title=\"Nome que recebe a medida provis\u00f3ria alterada por emenda.\" style=\"color:#5f5f5e;border-bottom:none\">projeto de lei de convers\u00e3o<\/span> da relatora na comiss\u00e3o mista, senadora Leila Barros (PDT-DF), que acolheu parte das emendas apresentadas por deputados e senadores e ainda sugest\u00f5es de diferentes setores da economia.<\/p>\n<h3 class=\"ds-titulo-subsecao\">Doen\u00e7as raras<\/h3>\n<p>\n                        Uma das altera\u00e7\u00f5es zera tamb\u00e9m a al\u00edquota de importa\u00e7\u00e3o para medicamentos destinados a doen\u00e7as raras e negligenciadas sem similar nacional.<br \/>A relatora manteve no texto a op\u00e7\u00e3o de o governo federal ajustar as al\u00edquotas conforme as varia\u00e7\u00f5es do mercado.<\/p>\n<p>\u201cAo dar ao Poder Executivo a capacidade de ajustar a intensidade da tributa\u00e7\u00e3o conforme fatores relevantes, como arrecada\u00e7\u00e3o, din\u00e2mica concorrencial, comportamento do mercado e impacto sobre os consumidores, a MP aperfei\u00e7oa o RTS [Regime de Tributa\u00e7\u00e3o Simplificada]\u201d, disse a senadora.<\/p>\n<h3 class=\"ds-titulo-subsecao\">Regras de prote\u00e7\u00e3o<\/h3>\n<p>\n                        Para proteger o com\u00e9rcio local, o texto prev\u00ea ainda que o governo defina limites de quantidade e frequ\u00eancia para compras com al\u00edquota reduzida. Estabelece ainda que as plataformas digitais e os operadores log\u00edsticos adotem medidas para combater fraudes, valores declarados abaixo do real e divis\u00e3o de remessas para evitar a tributa\u00e7\u00e3o.<\/p>\n<p>A nova reda\u00e7\u00e3o tamb\u00e9m permite que mercadorias estrangeiras compradas em plataformas de com\u00e9rcio eletr\u00f4nico habilitadas no Programa Remessa Conforme, da Receita Federal, sejam nacionalizadas usando a taxa de c\u00e2mbio vigente na data da compra.<\/p>\n<h3 class=\"ds-titulo-subsecao\">Efeitos econ\u00f4micos<\/h3>\n<p>\n                        O texto aprovado passa a prever, por fim, que o Minist\u00e9rio da Fazenda fa\u00e7a avalia\u00e7\u00f5es peri\u00f3dicas sobre os efeitos econ\u00f4micos das importa\u00e7\u00f5es simplificadas. Os estudos analisar\u00e3o, entre outros pontos, o impacto sobre o emprego e a renda, a competitividade da ind\u00fastria e do com\u00e9rcio varejista brasileiros, os pre\u00e7os de produtos de consumo popular e a arrecada\u00e7\u00e3o p\u00fablica.<\/p>\n<p>O monitoramento dever\u00e1 incluir, obrigatoriamente, produtos como roupas, cal\u00e7ados, acess\u00f3rios, brinquedos e cosm\u00e9ticos.<\/p>\n<p>A primeira avalia\u00e7\u00e3o do governo federal dever\u00e1 ser publicada em tr\u00eas meses. As seguintes ser\u00e3o realizadas a cada seis meses.<\/p>\n<p>O Congresso Nacional tamb\u00e9m realizar\u00e1 uma avalia\u00e7\u00e3o anual para acompanhar os resultados da nova pol\u00edtica.<\/p>\n<h3 class=\"ds-titulo-subsecao\">Debate em Plen\u00e1rio<\/h3>\n<p>O deputado Rodrigo Rollemberg (PSB-DF) destacou a import\u00e2ncia da medida provis\u00f3ria para a popula\u00e7\u00e3o comprar produtos mais baratos. &#8220;J\u00e1 temos uma carga tribut\u00e1ria muito alta no Brasil, precisamos melhorar o ambiente econ\u00f4mico para desenvolver a economia e gerar empregos&#8221;, afirmou.<\/p>\n<p>Para o deputado Gilson Marques (Novo-SC), o empreendedor brasileiro paga impostos car\u00edssimos e ainda precisa concorrer com produtos do exterior. &#8220;O produto da China, que tem regra trabalhista an\u00e1loga \u00e0 escravid\u00e3o, entra sem nada de imposto e sem dificuldade regulat\u00f3ria&#8221;, protestou. &#8220;Se fosse para dar um benef\u00edcio, deveria ser dado \u00e0 empresa brasileira. Mas o governo sempre quer arrecadar mais, para tirar dinheiro do empreendedor, do trabalhador&#8221;, criticou.<\/p>\n<p><a href=\"https:\/\/www.youtube.com\/watch?v=gPFSq60O3Xg&amp;pp=0gcJCRsMAYcqIYzv\">Assista ao vivo<\/a><\/p>\n<h3 class=\"ds-titulo-subsecao\">Mais informa\u00e7\u00f5es em instantes<\/h3>\n<\/p><\/div>\n<p><br \/>\n<br \/><a href=\"https:\/\/www.camara.leg.br\/noticias\/1302664-camara-aprova-mp-que-acaba-com-a-taxa-das-blusinhas-texto-vai-ao-senado\">postagem original <\/a><\/p>\n","protected":false},"excerpt":{"rendered":"<p>Deputados na sess\u00e3o do Plen\u00e1rio desta quinta-feira &#8211; Foto: Kayo Magalh\u00e3es\/C\u00e2mara dos Deputados A C\u00e2mara dos Deputados concluiu a vota\u00e7\u00e3o [&hellip;]<\/p>\n","protected":false},"author":1,"featured_media":6909,"comment_status":"open","ping_status":"open","sticky":false,"template":"","format":"standard","meta":{"site-sidebar-layout":"default","site-content-layout":"","ast-site-content-layout":"default","site-content-style":"default","site-sidebar-style":"default","ast-global-header-display":"","ast-banner-title-visibility":"","ast-main-header-display":"","ast-hfb-above-header-display":"","ast-hfb-below-header-display":"","ast-hfb-mobile-header-display":"","site-post-title":"","ast-breadcrumbs-content":"","ast-featured-img":"","footer-sml-layout":"","theme-transparent-header-meta":"","adv-header-id-meta":"","stick-header-meta":"","header-above-stick-meta":"","header-main-stick-meta":"","header-below-stick-meta":"","astra-migrate-meta-layouts":"default","ast-page-background-enabled":"default","ast-page-background-meta":{"desktop":{"background-color":"var(--ast-global-color-5)","background-image":"","background-repeat":"repeat","background-position":"center center","background-size":"auto","background-attachment":"scroll","background-type":"","background-media":"","overlay-type":"","overlay-color":"","overlay-opacity":"","overlay-gradient":""},"tablet":{"background-color":"","background-image":"","background-repeat":"repeat","background-position":"center center","background-size":"auto","background-attachment":"scroll","background-type":"","background-media":"","overlay-type":"","overlay-color":"","overlay-opacity":"","overlay-gradient":""},"mobile":{"background-color":"","background-image":"","background-repeat":"repeat","background-position":"center center","background-size":"auto","background-attachment":"scroll","background-type":"","background-media":"","overlay-type":"","overlay-color":"","overlay-opacity":"","overlay-gradient":""}},"ast-content-background-meta":{"desktop":{"background-color":"var(--ast-global-color-4)","background-image":"","background-repeat":"repeat","background-position":"center center","background-size":"auto","background-attachment":"scroll","background-type":"","background-media":"","overlay-type":"","overlay-color":"","overlay-opacity":"","overlay-gradient":""},"tablet":{"background-color":"var(--ast-global-color-4)","background-image":"","background-repeat":"repeat","background-position":"center center","background-size":"auto","background-attachment":"scroll","background-type":"","background-media":"","overlay-type":"","overlay-color":"","overlay-opacity":"","overlay-gradient":""},"mobile":{"background-color":"var(--ast-global-color-4)","background-image":"","background-repeat":"repeat","background-position":"center center","background-size":"auto","background-attachment":"scroll","background-type":"","background-media":"","overlay-type":"","overlay-color":"","overlay-opacity":"","overlay-gradient":""}},"_joinchat":[],"footnotes":""},"categories":[34],"tags":[],"_links":{"self":[{"href":"https:\/\/radiosantaclara.sitetopfm.com.br\/site\/wp-json\/wp\/v2\/posts\/11098"}],"collection":[{"href":"https:\/\/radiosantaclara.sitetopfm.com.br\/site\/wp-json\/wp\/v2\/posts"}],"about":[{"href":"https:\/\/radiosantaclara.sitetopfm.com.br\/site\/wp-json\/wp\/v2\/types\/post"}],"author":[{"embeddable":true,"href":"https:\/\/radiosantaclara.sitetopfm.com.br\/site\/wp-json\/wp\/v2\/users\/1"}],"replies":[{"embeddable":true,"href":"https:\/\/radiosantaclara.sitetopfm.com.br\/site\/wp-json\/wp\/v2\/comments?post=11098"}],"version-history":[{"count":0,"href":"https:\/\/radiosantaclara.sitetopfm.com.br\/site\/wp-json\/wp\/v2\/posts\/11098\/revisions"}],"wp:featuredmedia":[{"embeddable":true,"href":"https:\/\/radiosantaclara.sitetopfm.com.br\/site\/wp-json\/wp\/v2\/media\/6909"}],"wp:attachment":[{"href":"https:\/\/radiosantaclara.sitetopfm.com.br\/site\/wp-json\/wp\/v2\/media?parent=11098"}],"wp:term":[{"taxonomy":"category","embeddable":true,"href":"https:\/\/radiosantaclara.sitetopfm.com.br\/site\/wp-json\/wp\/v2\/categories?post=11098"},{"taxonomy":"post_tag","embeddable":true,"href":"https:\/\/radiosantaclara.sitetopfm.com.br\/site\/wp-json\/wp\/v2\/tags?post=11098"}],"curies":[{"name":"wp","href":"https:\/\/api.w.org\/{rel}","templated":true}]}}