{"id":11097,"date":"2026-09-03T14:45:42","date_gmt":"2026-09-03T17:45:42","guid":{"rendered":"https:\/\/radiosantaclara.sitetopfm.com.br\/site\/comissao-aprova-porte-de-arma-para-agentes-socioeducativos-e-oficiais-de-justica\/"},"modified":"2026-09-03T14:45:42","modified_gmt":"2026-09-03T17:45:42","slug":"comissao-aprova-porte-de-arma-para-agentes-socioeducativos-e-oficiais-de-justica","status":"publish","type":"post","link":"https:\/\/radiosantaclara.sitetopfm.com.br\/site\/comissao-aprova-porte-de-arma-para-agentes-socioeducativos-e-oficiais-de-justica\/","title":{"rendered":"Comiss\u00e3o aprova porte de arma para agentes socioeducativos e oficiais de Justi\u00e7a"},"content":{"rendered":"<p> <br \/>\n<\/p>\n<div id=\"\">\n<figure class=\"materia__midia\" style=\"float: none; margin: 24px 0px;\" data-midia=\"1302494\"><img decoding=\"async\" src=\"https:\/\/www.camara.leg.br\/midias\/image\/2026\/09\/img20260415160526860-768x473.jpg\" alt=\"Deputado Emanuel Pinheiro Neto (PSD-MT) fala no Plen\u00e1rio da C\u00e2mara dos Deputados\"\/><figcaption><span class=\"materia__legenda-imagem\">Emanuel Pinheiro Neto recomendou a aprova\u00e7\u00e3o da proposta<\/span> &#8211; <span class=\"materia__creditos-imagem\" style=\"color:#5f5f5e\">Foto: Kayo Magalh\u00e3es \/ C\u00e2mara dos Deputados<\/span><\/figcaption><\/figure>\n<p>A Comiss\u00e3o de Finan\u00e7as e Tributa\u00e7\u00e3o da C\u00e2mara dos Deputados aprovou o Projeto de Lei 4256\/19, do Senado, que autoriza o porte de arma de fogo para agentes de seguran\u00e7a socioeducativos e oficiais de justi\u00e7a.<\/p>\n<p>O relator, deputado Emanuel Pinheiro Neto (PSD-MT), recomendou a aprova\u00e7\u00e3o. Segundo ele, a eventual isen\u00e7\u00e3o da taxa de porte de arma para essas categorias, conforme previsto no texto, n\u00e3o causar\u00e1 impacto financeiro relevante.<\/p>\n<p>A proposta altera o <a href=\"https:\/\/www2.camara.gov.br\/legin\/fed\/lei\/2003\/lei-10826-22-dezembro-2003-490580-norma-pl.html\">Estatuto do Desarmamento<\/a>. \u201cDesta forma, viabiliza-se o desempenho das fun\u00e7\u00f5es desses profissionais e, ao mesmo tempo, resguarda-se a integridade f\u00edsica\u201d, disse o autor, senador Fabiano Contarato (Rede-ES).<\/p>\n<h3 class=\"ds-titulo-subsecao\">Regras<\/h3>\n<p>\n                        Pelo projeto aprovado, os agentes respons\u00e1veis pela seguran\u00e7a, vigil\u00e2ncia, cust\u00f3dia e escolta de adolescentes e os oficiais de justi\u00e7a ter\u00e3o direito ao porte de arma tanto em servi\u00e7o quanto fora dele.<\/p>\n<p>As armas poder\u00e3o ser particulares ou fornecidas pela institui\u00e7\u00e3o \u00e0 qual os profissionais est\u00e3o ligados. Conforme a proposta, ser\u00e1 proibido o uso ostensivo da arma pelos agentes de seguran\u00e7a socioeducativos \u2013 ou seja, as armas dever\u00e3o ser escondidas na vestimenta.<\/p>\n<h3 class=\"ds-titulo-subsecao\">Pr\u00f3ximos passos<\/h3>\n<p>\n                        O projeto ainda ser\u00e1 analisado, em <span id=\"4322\" class=\"termoGlossario materia__glossario\" title=\"Rito de tramita\u00e7\u00e3o pelo qual o projeto \u00e9 votado apenas pelas comiss\u00f5es designadas para analis\u00e1-lo, dispensada a delibera\u00e7\u00e3o do Plen\u00e1rio. O projeto perde o car\u00e1ter conclusivo se houver decis\u00e3o divergente entre as comiss\u00f5es ou se, independentemente de ser aprovado ou rejeitado, houver recurso assinado por 52 deputados para a aprecia\u00e7\u00e3o da mat\u00e9ria no Plen\u00e1rio.\" contenteditable=\"false\" data-toggle=\"tooltip\" data-placement=\"top\" style=\"color:#5f5f5e;border-bottom:none\">car\u00e1ter conclusivo<\/span>, pela Comiss\u00e3o de Constitui\u00e7\u00e3o e Justi\u00e7a e de Cidadania.<\/p>\n<p>Para virar lei, o texto ter\u00e1 de ser aprovado sem altera\u00e7\u00f5es pela C\u00e2mara. Caso contr\u00e1rio, voltar\u00e1 para nova an\u00e1lise do Senado.<\/p>\n<p><a href=\"https:\/\/www.camara.leg.br\/noticias\/573454-SAIBA-MAIS-SOBRE-A-TRAMITACAO-DE-PROJETOS-DE-LEI\">Saiba mais sobre a tramita\u00e7\u00e3o de projetos de lei<\/a><\/p>\n<\/p><\/div>\n<p><br \/>\n<br \/><a href=\"https:\/\/www.camara.leg.br\/noticias\/1302474-comissao-aprova-porte-de-arma-para-agentes-socioeducativos-e-oficiais-de-justica\">postagem original <\/a><\/p>\n","protected":false},"excerpt":{"rendered":"<p>Emanuel Pinheiro Neto recomendou a aprova\u00e7\u00e3o da proposta &#8211; Foto: Kayo Magalh\u00e3es \/ C\u00e2mara dos Deputados A Comiss\u00e3o de Finan\u00e7as [&hellip;]<\/p>\n","protected":false},"author":1,"featured_media":6909,"comment_status":"open","ping_status":"open","sticky":false,"template":"","format":"standard","meta":{"site-sidebar-layout":"default","site-content-layout":"","ast-site-content-layout":"default","site-content-style":"default","site-sidebar-style":"default","ast-global-header-display":"","ast-banner-title-visibility":"","ast-main-header-display":"","ast-hfb-above-header-display":"","ast-hfb-below-header-display":"","ast-hfb-mobile-header-display":"","site-post-title":"","ast-breadcrumbs-content":"","ast-featured-img":"","footer-sml-layout":"","theme-transparent-header-meta":"","adv-header-id-meta":"","stick-header-meta":"","header-above-stick-meta":"","header-main-stick-meta":"","header-below-stick-meta":"","astra-migrate-meta-layouts":"default","ast-page-background-enabled":"default","ast-page-background-meta":{"desktop":{"background-color":"var(--ast-global-color-5)","background-image":"","background-repeat":"repeat","background-position":"center center","background-size":"auto","background-attachment":"scroll","background-type":"","background-media":"","overlay-type":"","overlay-color":"","overlay-opacity":"","overlay-gradient":""},"tablet":{"background-color":"","background-image":"","background-repeat":"repeat","background-position":"center center","background-size":"auto","background-attachment":"scroll","background-type":"","background-media":"","overlay-type":"","overlay-color":"","overlay-opacity":"","overlay-gradient":""},"mobile":{"background-color":"","background-image":"","background-repeat":"repeat","background-position":"center center","background-size":"auto","background-attachment":"scroll","background-type":"","background-media":"","overlay-type":"","overlay-color":"","overlay-opacity":"","overlay-gradient":""}},"ast-content-background-meta":{"desktop":{"background-color":"var(--ast-global-color-4)","background-image":"","background-repeat":"repeat","background-position":"center center","background-size":"auto","background-attachment":"scroll","background-type":"","background-media":"","overlay-type":"","overlay-color":"","overlay-opacity":"","overlay-gradient":""},"tablet":{"background-color":"var(--ast-global-color-4)","background-image":"","background-repeat":"repeat","background-position":"center center","background-size":"auto","background-attachment":"scroll","background-type":"","background-media":"","overlay-type":"","overlay-color":"","overlay-opacity":"","overlay-gradient":""},"mobile":{"background-color":"var(--ast-global-color-4)","background-image":"","background-repeat":"repeat","background-position":"center center","background-size":"auto","background-attachment":"scroll","background-type":"","background-media":"","overlay-type":"","overlay-color":"","overlay-opacity":"","overlay-gradient":""}},"_joinchat":[],"footnotes":""},"categories":[36],"tags":[],"_links":{"self":[{"href":"https:\/\/radiosantaclara.sitetopfm.com.br\/site\/wp-json\/wp\/v2\/posts\/11097"}],"collection":[{"href":"https:\/\/radiosantaclara.sitetopfm.com.br\/site\/wp-json\/wp\/v2\/posts"}],"about":[{"href":"https:\/\/radiosantaclara.sitetopfm.com.br\/site\/wp-json\/wp\/v2\/types\/post"}],"author":[{"embeddable":true,"href":"https:\/\/radiosantaclara.sitetopfm.com.br\/site\/wp-json\/wp\/v2\/users\/1"}],"replies":[{"embeddable":true,"href":"https:\/\/radiosantaclara.sitetopfm.com.br\/site\/wp-json\/wp\/v2\/comments?post=11097"}],"version-history":[{"count":0,"href":"https:\/\/radiosantaclara.sitetopfm.com.br\/site\/wp-json\/wp\/v2\/posts\/11097\/revisions"}],"wp:featuredmedia":[{"embeddable":true,"href":"https:\/\/radiosantaclara.sitetopfm.com.br\/site\/wp-json\/wp\/v2\/media\/6909"}],"wp:attachment":[{"href":"https:\/\/radiosantaclara.sitetopfm.com.br\/site\/wp-json\/wp\/v2\/media?parent=11097"}],"wp:term":[{"taxonomy":"category","embeddable":true,"href":"https:\/\/radiosantaclara.sitetopfm.com.br\/site\/wp-json\/wp\/v2\/categories?post=11097"},{"taxonomy":"post_tag","embeddable":true,"href":"https:\/\/radiosantaclara.sitetopfm.com.br\/site\/wp-json\/wp\/v2\/tags?post=11097"}],"curies":[{"name":"wp","href":"https:\/\/api.w.org\/{rel}","templated":true}]}}