{"id":11093,"date":"2026-09-03T10:27:09","date_gmt":"2026-09-03T13:27:09","guid":{"rendered":"https:\/\/radiosantaclara.sitetopfm.com.br\/site\/lei-do-combustivel-do-futuro-impulsiona-investimentos-avaliam-debatedores\/"},"modified":"2026-09-03T10:27:09","modified_gmt":"2026-09-03T13:27:09","slug":"lei-do-combustivel-do-futuro-impulsiona-investimentos-avaliam-debatedores","status":"publish","type":"post","link":"https:\/\/radiosantaclara.sitetopfm.com.br\/site\/lei-do-combustivel-do-futuro-impulsiona-investimentos-avaliam-debatedores\/","title":{"rendered":"Lei do Combust\u00edvel do Futuro impulsiona investimentos, avaliam debatedores"},"content":{"rendered":"<p> <br \/>\n<\/p>\n<div id=\"\">\n<figure class=\"materia__midia\" style=\"float: none; margin: 24px 0px;\" data-midia=\"1302487\"><img decoding=\"async\" src=\"https:\/\/www.camara.leg.br\/midias\/image\/2026\/09\/img20260902151625613-768x473.jpeg\" alt=\"Semin\u00e1rio - Lei Combust\u00edvel do Futuro: Implementa\u00e7\u00e3o e Desafios. Dep. Arnaldo Jardim (CIDADANIA-SP). Ministro de Minas e Energia, Alexandre Silveira\"\/><figcaption><span class=\"materia__legenda-imagem\">Ministro de Minas e Energia participou do debate<\/span> &#8211; <span class=\"materia__creditos-imagem\" style=\"color:#5f5f5e\">Foto: Renato Ara\u00fajo \/ C\u00e2mara dos Deputados<\/span><\/figcaption><\/figure>\n<p>Representantes do governo e dos setores econ\u00f4micos apresentaram, na C\u00e2mara dos Deputados, nesta quarta-feira (2), avan\u00e7os e desafios em torno da <a class=\"linkLegislacao\" href=\"https:\/\/www2.camara.gov.br\/legin\/fed\/lei\/2024\/lei-14993-8-outubro-2024-796443-norma-pl.html\" target=\"_blank\" rel=\"noopener noreferrer\">Lei do Combust\u00edvel do Futuro<\/a>, que completa dois anos em 8 de outubro.<\/p>\n<p>Al\u00e9m do aumento da mistura de etanol \u00e0 gasolina e de biodiesel ao diesel, a lei trata de biometano, diesel verde e combust\u00edvel sustent\u00e1vel de avia\u00e7\u00e3o (SAF, na sigla em ingl\u00eas), considerados fundamentais para a gradual substitui\u00e7\u00e3o dos poluentes combust\u00edveis f\u00f3sseis, como petr\u00f3leo, g\u00e1s natural e carv\u00e3o.<\/p>\n<p>Estimativas do Monitor Energia do Futuro apontam para cerca de R$ 200 bilh\u00f5es investidos ou em planejamento de aplica\u00e7\u00e3o. O ministro de Minas e Energia, Alexandre Silveira, destacou o recente investimento de uma multinacional, com atua\u00e7\u00e3o no norte de Minas Gerais e no Rec\u00f4ncavo Baiano.<\/p>\n<p>\u201cQuando eu vi a Acelen fazer a insemina\u00e7\u00e3o da semente de maca\u00faba e agora, h\u00e1 poucos dias, assinar o contrato para plantar 180 mil hectares de maca\u00faba e fazer biorrefino de diesel verde e de SAF, l\u00e1 em Mataripe, eu pude ver que valeu a pena\u201d, afirmou.<\/p>\n<p>A implementa\u00e7\u00e3o da lei foi debatida em semin\u00e1rio da Comiss\u00e3o Especial sobre Transi\u00e7\u00e3o Energ\u00e9tica, coordenada pelo deputado Arnaldo Jardim (Cidadania-SP), relator na C\u00e2mara da proposta (PL 528\/20) que deu origem \u00e0 Lei do Combust\u00edvel do Futuro.<\/p>\n<p>Para o parlamentar, fatos geopol\u00edticos recentes tornaram ainda mais relevantes as nossas decis\u00f5es, como o que acontece agora no Estreito de Ormuz, com o conflito entre Ir\u00e3 e Estados Unidos elevando o pre\u00e7o dos combust\u00edveis f\u00f3sseis.<\/p>\n<p>&#8220;E agora? \u00c9 olhar menos para tr\u00e1s e ver como \u00e9 que n\u00f3s vamos aumentar a produ\u00e7\u00e3o (dos combust\u00edveis do futuro), que saltos dar e como avan\u00e7ar no mercado\u201d, afirmou.<\/p>\n<p>O diretor-geral da Ag\u00eancia Nacional do Petr\u00f3leo, G\u00e1s Natural e Biocombust\u00edveis (ANP), Artur Watt Neto, citou avan\u00e7os na conclus\u00e3o de decretos de regulamenta\u00e7\u00e3o dos combust\u00edveis do futuro e nos conv\u00eanios para aprimorar a fiscaliza\u00e7\u00e3o do setor.<\/p>\n<p>Ele defendeu a aprova\u00e7\u00e3o do Projeto de Lei Complementar (PLP 109\/25) que autoriza a ANP a acessar dados fiscais para combater fraudes. <a href=\"https:\/\/www.camara.leg.br\/noticias\/1260959-CAMARA-APROVA-PROJETO-QUE-AUTORIZA-ANP-A-ACESSAR-DADOS-FISCAIS-PARA-COMBATER-FRAUDES-EM-COMBUSTIVEIS\">O texto j\u00e1 passou pela C\u00e2mara<\/a> e est\u00e1 em an\u00e1lise no Senado.<\/p>\n<p>\u201cEle nos permite ter uma fiscaliza\u00e7\u00e3o inteligente, n\u00e3o s\u00f3 voltada para voc\u00ea conseguir ir a campo e apurar, mas conseguir fazer, por exemplo, o balan\u00e7o de massa, em que a gente sabe das fraudes que pode haver\u201d, afirmou o diretor<\/p>\n<h3 class=\"ds-titulo-subsecao\">Avalia\u00e7\u00f5es setoriais<\/h3>\n<p>O semin\u00e1rio contou com mais de 20 convidados, que apresentaram avalia\u00e7\u00f5es setoriais.<\/p>\n<p>A presidente da Associa\u00e7\u00e3o Brasileira do Biog\u00e1s e do Biometano (Abiogas), Josiani Napolitano, mostrou o potencial de produ\u00e7\u00e3o no Brasil a partir dos grandes volumes de res\u00edduos que hoje s\u00e3o descartados e se tornam passivos ambientais. Segundo ela, o volume pode chegar a 216 milh\u00f5es de metros c\u00fabicos de biog\u00e1s e a 120 milh\u00f5es de metros c\u00fabicos de biometano por dia.<\/p>\n<p>O presidente da Associa\u00e7\u00e3o Brasileira das Ind\u00fastrias de \u00d3leos Vegetais (Abiove), Andr\u00e9 Nassar, previu que o mercado de biodiesel para usos rodovi\u00e1rio e aquavi\u00e1rio deve chegar a 25 milh\u00f5es de metros c\u00fabicos em 2035.<\/p>\n<p>Para o presidente da Bioenergia Brasil, Mario Campos, o cen\u00e1rio \u00e9 de plena expans\u00e3o da produ\u00e7\u00e3o de etanol, sobretudo com o aumento da mistura na gasolina. Segundo ele, o avan\u00e7o geral dos combust\u00edveis do futuro fortalece a agroind\u00fastria nacional.<\/p>\n<p>\u201cEnquanto muitos lugares do mundo est\u00e3o escolhendo a tecnologia \u2013 e obviamente perdendo capacidade de industrializa\u00e7\u00e3o, porque v\u00e3o importar praticamente tudo da China \u2013, o Brasil est\u00e1 dando um recado ao mundo no sentido de que a gente pode fazer uma transi\u00e7\u00e3o energ\u00e9tica utilizando uma capacidade produtiva dentro do nosso pa\u00eds\u201d, afirmou.<\/p>\n<p>O volume estimado de produ\u00e7\u00e3o de SAF pode chegar a 2 milh\u00f5es de metros c\u00fabicos at\u00e9 2035, dependendo dos variados cen\u00e1rios para uso em voos nacionais e internacionais.<\/p>\n<\/p><\/div>\n<p><br \/>\n<br \/><a href=\"https:\/\/www.camara.leg.br\/noticias\/1302402-lei-do-combustivel-do-futuro-impulsiona-investimentos-avaliam-debatedores\">postagem original <\/a><\/p>\n","protected":false},"excerpt":{"rendered":"<p>Ministro de Minas e Energia participou do debate &#8211; Foto: Renato Ara\u00fajo \/ C\u00e2mara dos Deputados Representantes do governo e [&hellip;]<\/p>\n","protected":false},"author":1,"featured_media":6909,"comment_status":"open","ping_status":"open","sticky":false,"template":"","format":"standard","meta":{"site-sidebar-layout":"default","site-content-layout":"","ast-site-content-layout":"default","site-content-style":"default","site-sidebar-style":"default","ast-global-header-display":"","ast-banner-title-visibility":"","ast-main-header-display":"","ast-hfb-above-header-display":"","ast-hfb-below-header-display":"","ast-hfb-mobile-header-display":"","site-post-title":"","ast-breadcrumbs-content":"","ast-featured-img":"","footer-sml-layout":"","theme-transparent-header-meta":"","adv-header-id-meta":"","stick-header-meta":"","header-above-stick-meta":"","header-main-stick-meta":"","header-below-stick-meta":"","astra-migrate-meta-layouts":"default","ast-page-background-enabled":"default","ast-page-background-meta":{"desktop":{"background-color":"var(--ast-global-color-5)","background-image":"","background-repeat":"repeat","background-position":"center center","background-size":"auto","background-attachment":"scroll","background-type":"","background-media":"","overlay-type":"","overlay-color":"","overlay-opacity":"","overlay-gradient":""},"tablet":{"background-color":"","background-image":"","background-repeat":"repeat","background-position":"center center","background-size":"auto","background-attachment":"scroll","background-type":"","background-media":"","overlay-type":"","overlay-color":"","overlay-opacity":"","overlay-gradient":""},"mobile":{"background-color":"","background-image":"","background-repeat":"repeat","background-position":"center center","background-size":"auto","background-attachment":"scroll","background-type":"","background-media":"","overlay-type":"","overlay-color":"","overlay-opacity":"","overlay-gradient":""}},"ast-content-background-meta":{"desktop":{"background-color":"var(--ast-global-color-4)","background-image":"","background-repeat":"repeat","background-position":"center center","background-size":"auto","background-attachment":"scroll","background-type":"","background-media":"","overlay-type":"","overlay-color":"","overlay-opacity":"","overlay-gradient":""},"tablet":{"background-color":"var(--ast-global-color-4)","background-image":"","background-repeat":"repeat","background-position":"center center","background-size":"auto","background-attachment":"scroll","background-type":"","background-media":"","overlay-type":"","overlay-color":"","overlay-opacity":"","overlay-gradient":""},"mobile":{"background-color":"var(--ast-global-color-4)","background-image":"","background-repeat":"repeat","background-position":"center center","background-size":"auto","background-attachment":"scroll","background-type":"","background-media":"","overlay-type":"","overlay-color":"","overlay-opacity":"","overlay-gradient":""}},"_joinchat":[],"footnotes":""},"categories":[36],"tags":[],"_links":{"self":[{"href":"https:\/\/radiosantaclara.sitetopfm.com.br\/site\/wp-json\/wp\/v2\/posts\/11093"}],"collection":[{"href":"https:\/\/radiosantaclara.sitetopfm.com.br\/site\/wp-json\/wp\/v2\/posts"}],"about":[{"href":"https:\/\/radiosantaclara.sitetopfm.com.br\/site\/wp-json\/wp\/v2\/types\/post"}],"author":[{"embeddable":true,"href":"https:\/\/radiosantaclara.sitetopfm.com.br\/site\/wp-json\/wp\/v2\/users\/1"}],"replies":[{"embeddable":true,"href":"https:\/\/radiosantaclara.sitetopfm.com.br\/site\/wp-json\/wp\/v2\/comments?post=11093"}],"version-history":[{"count":0,"href":"https:\/\/radiosantaclara.sitetopfm.com.br\/site\/wp-json\/wp\/v2\/posts\/11093\/revisions"}],"wp:featuredmedia":[{"embeddable":true,"href":"https:\/\/radiosantaclara.sitetopfm.com.br\/site\/wp-json\/wp\/v2\/media\/6909"}],"wp:attachment":[{"href":"https:\/\/radiosantaclara.sitetopfm.com.br\/site\/wp-json\/wp\/v2\/media?parent=11093"}],"wp:term":[{"taxonomy":"category","embeddable":true,"href":"https:\/\/radiosantaclara.sitetopfm.com.br\/site\/wp-json\/wp\/v2\/categories?post=11093"},{"taxonomy":"post_tag","embeddable":true,"href":"https:\/\/radiosantaclara.sitetopfm.com.br\/site\/wp-json\/wp\/v2\/tags?post=11093"}],"curies":[{"name":"wp","href":"https:\/\/api.w.org\/{rel}","templated":true}]}}