{"id":11092,"date":"2026-09-03T08:18:28","date_gmt":"2026-09-03T11:18:28","guid":{"rendered":"https:\/\/radiosantaclara.sitetopfm.com.br\/site\/camara-pode-decidir-nesta-quinta-sobre-mp-que-zera-taxa-para-compras-de-ate-50-dolares\/"},"modified":"2026-09-03T08:18:28","modified_gmt":"2026-09-03T11:18:28","slug":"camara-pode-decidir-nesta-quinta-sobre-mp-que-zera-taxa-para-compras-de-ate-50-dolares","status":"publish","type":"post","link":"https:\/\/radiosantaclara.sitetopfm.com.br\/site\/camara-pode-decidir-nesta-quinta-sobre-mp-que-zera-taxa-para-compras-de-ate-50-dolares\/","title":{"rendered":"C\u00e2mara pode decidir nesta quinta sobre MP que zera taxa para compras de at\u00e9 50 d\u00f3lares"},"content":{"rendered":"<p> <br \/>\n<\/p>\n<div id=\"\">\n<figure class=\"materia__midia\" style=\"float: none; margin: 24px 0px;\" data-midia=\"1301517\"><img decoding=\"async\" src=\"https:\/\/www.camara.leg.br\/midias\/image\/2026\/08\/img20260831194503021-768x473.jpg\" alt=\"Discuss\u00e3o e vota\u00e7\u00e3o de propostas legislativas.\"\/><figcaption><span class=\"materia__legenda-imagem\">Plen\u00e1rio durante sess\u00e3o deliberativa<\/span> &#8211; <span class=\"materia__creditos-imagem\" style=\"color:#5f5f5e\">Foto: Bruno Spada\/C\u00e2mara dos Deputados<\/span><\/figcaption><\/figure>\n<p class=\"isSelectedEnd\">Os deputados re\u00fanem-se na manh\u00e3 desta quinta-feira (3) tendo ainda na pauta a medida provis\u00f3ria que zerou o Imposto de Importa\u00e7\u00e3o sobre compras internacionais de at\u00e9 50 d\u00f3lares, conhecida como MP da \u201ctaxa das blusinhas\u201d (<a class=\"linkProposicao\" href=\"https:\/\/www.camara.leg.br\/noticias\/1271806-mp-1357-26-governo-do-brasil-publica-mp-que-zera-imposto-da-chamada-taxa-das-blusinhas\">MP 1357\/26<\/a>).<\/p>\n<p>A MP foi <a href=\"https:\/\/www.camara.leg.br\/noticias\/1302214-comissao-mista-aprova-fim-da-taxa-das-blusinhas-proposta-segue-para-o-plenario-da-camara\">aprovada ontem na comiss\u00e3o mista sobre o tema<\/a>. A medida provis\u00f3ria perde a validade em 8 de setembro se n\u00e3o for aprovada pela C\u00e2mara e pelo Senado.<\/p>\n<p>A sess\u00e3o deliberativa ser\u00e1 realizada no Plen\u00e1rio Ulysses Guimar\u00e3es, e est\u00e1 agendada para as 13h55.<\/p>\n<p class=\"isSelectedEnd\"><a href=\"https:\/\/www.camara.leg.br\/evento-legislativo\/82956\">Veja a pauta da sess\u00e3o<\/a><\/p>\n<p>Tamb\u00e9m na pauta, a <a class=\"linkProposicao\" href=\"https:\/\/www.camara.leg.br\/noticias\/1283992-mp-amplia-atuacao-de-programa-para-reduzir-fila-do-inss\">MP 1369\/26<\/a> amplia a extens\u00e3o do Programa de Gerenciamento de Benef\u00edcios (PGB), criado em 2025 para diminuir as filas de requerimentos do Instituto Nacional do Seguro Social (INSS) e da Per\u00edcia M\u00e9dica Federal. A MP tamb\u00e9m reduz de 45 para 30 dias o prazo m\u00ednimo de espera para que um processo entre no escopo do PGB.<\/p>\n<p><a href=\"https:\/\/www.camara.leg.br\/noticias\/1302163-COMISSAO-MISTA-APROVA-MEDIDA-PROVISORIA-QUE-VISA-DIMINUIR-FILAS-DO-INSS\">A proposta j\u00e1 foi aprovada por comiss\u00e3o mista<\/a>.<\/p>\n<p class=\"isSelectedEnd\">Segue na pauta ainda a <a class=\"linkProposicao\" href=\"https:\/\/www.camara.leg.br\/noticias\/1274260-mp-1360-26-medida-provisoria-simplifica-regras-para-atividade-de-mototaxistas\">MP 1360\/26<\/a>, que simplifica as regras para mototaxistas, motoboys e profissionais de motofrete. O texto retira, entre outras exig\u00eancias, a idade m\u00ednima de 21 anos, o per\u00edodo m\u00ednimo de dois anos de habilita\u00e7\u00e3o e a aprova\u00e7\u00e3o em curso especializado para o exerc\u00edcio dessas atividades.<\/p>\n<p>A proposta depende de vota\u00e7\u00e3o pr\u00e9via pela comiss\u00e3o mista. A MP perde a validade em 15 de setembro se n\u00e3o for aprovada pela C\u00e2mara e pelo Senado.<\/p>\n<h3 class=\"ds-titulo-subsecao\">Regime fiscal<\/h3>\n<p>\n                        Os parlamentares podem votar ainda o Projeto de Lei Complementar (<a class=\"linkProposicao\" href=\"https:\/\/www.camara.leg.br\/noticias\/1302085-projeto-cria-excecoes-a-restricoes-fiscais-para-beneficios-e-despesas-em-2026\">PLP 74\/26<\/a>), do deputado licenciado Jos\u00e9 Guimar\u00e3es (CE), que cria exce\u00e7\u00f5es \u00e0s regras fiscais para alguns benef\u00edcios tribut\u00e1rios e despesas obrigat\u00f3rias em 2026. Pelo texto, as exce\u00e7\u00f5es s\u00f3 poder\u00e3o ser usadas em situa\u00e7\u00f5es que atendam \u00e0s condi\u00e7\u00f5es previstas no pr\u00f3prio projeto, como a exist\u00eancia de recursos previstos no Or\u00e7amento de 2026 ou de medidas de compensa\u00e7\u00e3o fiscal.<\/p>\n<p>Outra proposta na pauta \u00e9 o\u00a0 <a class=\"linkProposicao\" href=\"https:\/\/www.camara.leg.br\/noticias\/1302089-projeto-proibe-bloqueio-de-gastos-de-agencias-reguladoras-federais\">PLP 73\/25<\/a>, do Senado, que impede que determinadas despesas das ag\u00eancias reguladoras federais sejam atingidas por limita\u00e7\u00f5es de empenho e de movimenta\u00e7\u00e3o financeira. O texto altera a <a class=\"linkLegislacao\" href=\"https:\/\/www2.camara.gov.br\/legin\/fed\/leicom\/2000\/leicomplementar-101-4-maio-2000-351480-norma-pl.html\" target=\"_blank\" rel=\"noopener noreferrer\">Lei de Responsabilidade Fiscal<\/a> com o objetivo de preservar os recursos necess\u00e1rios ao funcionamento de suas atividades de regula\u00e7\u00e3o e fiscaliza\u00e7\u00e3o.<\/p>\n<h3 class=\"ds-titulo-subsecao\">Trabalho<\/h3>\n<p>Os deputados podem analisar ainda o <a class=\"linkProposicao\" href=\"https:\/\/www.camara.leg.br\/noticias\/1286501-projeto-regulamenta-negociacao-trabalhista-e-representacao-sindical-no-setor-publico\">PL 1893\/26<\/a>, do Poder Executivo, que regulamenta a negocia\u00e7\u00e3o das rela\u00e7\u00f5es de trabalho no setor p\u00fablico e a representa\u00e7\u00e3o sindical dos servidores e empregados p\u00fablicos.<\/p>\n<\/p><\/div>\n<p><br \/>\n<br \/><a href=\"https:\/\/www.camara.leg.br\/noticias\/1302462-camara-pode-decidir-nesta-quinta-sobre-mp-que-zera-taxa-para-compras-de-ate-50-dolares\">postagem original <\/a><\/p>\n","protected":false},"excerpt":{"rendered":"<p>Plen\u00e1rio durante sess\u00e3o deliberativa &#8211; Foto: Bruno Spada\/C\u00e2mara dos Deputados Os deputados re\u00fanem-se na manh\u00e3 desta quinta-feira (3) tendo ainda [&hellip;]<\/p>\n","protected":false},"author":1,"featured_media":6909,"comment_status":"open","ping_status":"open","sticky":false,"template":"","format":"standard","meta":{"site-sidebar-layout":"default","site-content-layout":"","ast-site-content-layout":"default","site-content-style":"default","site-sidebar-style":"default","ast-global-header-display":"","ast-banner-title-visibility":"","ast-main-header-display":"","ast-hfb-above-header-display":"","ast-hfb-below-header-display":"","ast-hfb-mobile-header-display":"","site-post-title":"","ast-breadcrumbs-content":"","ast-featured-img":"","footer-sml-layout":"","theme-transparent-header-meta":"","adv-header-id-meta":"","stick-header-meta":"","header-above-stick-meta":"","header-main-stick-meta":"","header-below-stick-meta":"","astra-migrate-meta-layouts":"default","ast-page-background-enabled":"default","ast-page-background-meta":{"desktop":{"background-color":"var(--ast-global-color-5)","background-image":"","background-repeat":"repeat","background-position":"center center","background-size":"auto","background-attachment":"scroll","background-type":"","background-media":"","overlay-type":"","overlay-color":"","overlay-opacity":"","overlay-gradient":""},"tablet":{"background-color":"","background-image":"","background-repeat":"repeat","background-position":"center center","background-size":"auto","background-attachment":"scroll","background-type":"","background-media":"","overlay-type":"","overlay-color":"","overlay-opacity":"","overlay-gradient":""},"mobile":{"background-color":"","background-image":"","background-repeat":"repeat","background-position":"center center","background-size":"auto","background-attachment":"scroll","background-type":"","background-media":"","overlay-type":"","overlay-color":"","overlay-opacity":"","overlay-gradient":""}},"ast-content-background-meta":{"desktop":{"background-color":"var(--ast-global-color-4)","background-image":"","background-repeat":"repeat","background-position":"center center","background-size":"auto","background-attachment":"scroll","background-type":"","background-media":"","overlay-type":"","overlay-color":"","overlay-opacity":"","overlay-gradient":""},"tablet":{"background-color":"var(--ast-global-color-4)","background-image":"","background-repeat":"repeat","background-position":"center center","background-size":"auto","background-attachment":"scroll","background-type":"","background-media":"","overlay-type":"","overlay-color":"","overlay-opacity":"","overlay-gradient":""},"mobile":{"background-color":"var(--ast-global-color-4)","background-image":"","background-repeat":"repeat","background-position":"center center","background-size":"auto","background-attachment":"scroll","background-type":"","background-media":"","overlay-type":"","overlay-color":"","overlay-opacity":"","overlay-gradient":""}},"_joinchat":[],"footnotes":""},"categories":[36],"tags":[],"_links":{"self":[{"href":"https:\/\/radiosantaclara.sitetopfm.com.br\/site\/wp-json\/wp\/v2\/posts\/11092"}],"collection":[{"href":"https:\/\/radiosantaclara.sitetopfm.com.br\/site\/wp-json\/wp\/v2\/posts"}],"about":[{"href":"https:\/\/radiosantaclara.sitetopfm.com.br\/site\/wp-json\/wp\/v2\/types\/post"}],"author":[{"embeddable":true,"href":"https:\/\/radiosantaclara.sitetopfm.com.br\/site\/wp-json\/wp\/v2\/users\/1"}],"replies":[{"embeddable":true,"href":"https:\/\/radiosantaclara.sitetopfm.com.br\/site\/wp-json\/wp\/v2\/comments?post=11092"}],"version-history":[{"count":0,"href":"https:\/\/radiosantaclara.sitetopfm.com.br\/site\/wp-json\/wp\/v2\/posts\/11092\/revisions"}],"wp:featuredmedia":[{"embeddable":true,"href":"https:\/\/radiosantaclara.sitetopfm.com.br\/site\/wp-json\/wp\/v2\/media\/6909"}],"wp:attachment":[{"href":"https:\/\/radiosantaclara.sitetopfm.com.br\/site\/wp-json\/wp\/v2\/media?parent=11092"}],"wp:term":[{"taxonomy":"category","embeddable":true,"href":"https:\/\/radiosantaclara.sitetopfm.com.br\/site\/wp-json\/wp\/v2\/categories?post=11092"},{"taxonomy":"post_tag","embeddable":true,"href":"https:\/\/radiosantaclara.sitetopfm.com.br\/site\/wp-json\/wp\/v2\/tags?post=11092"}],"curies":[{"name":"wp","href":"https:\/\/api.w.org\/{rel}","templated":true}]}}