{"id":11089,"date":"2026-09-03T00:57:03","date_gmt":"2026-09-03T03:57:03","guid":{"rendered":"https:\/\/radiosantaclara.sitetopfm.com.br\/site\/projeto-amplia-transparencia-sobre-presentes-e-beneficios-recebidos-por-agentes-publicos\/"},"modified":"2026-09-03T00:57:03","modified_gmt":"2026-09-03T03:57:03","slug":"projeto-amplia-transparencia-sobre-presentes-e-beneficios-recebidos-por-agentes-publicos","status":"publish","type":"post","link":"https:\/\/radiosantaclara.sitetopfm.com.br\/site\/projeto-amplia-transparencia-sobre-presentes-e-beneficios-recebidos-por-agentes-publicos\/","title":{"rendered":"Projeto amplia transpar\u00eancia sobre presentes e benef\u00edcios recebidos por agentes p\u00fablicos"},"content":{"rendered":"<p> <br \/>\n<\/p>\n<div id=\"\">\n<figure class=\"materia__midia\" style=\"float: none; margin: 24px 0px;\" data-midia=\"909825\"><img decoding=\"async\" src=\"https:\/\/www.camara.leg.br\/midias\/image\/2022\/09\/img20191203114910251-768x512.jpg\" alt=\"Turismo - geral - cruzeiros passageiros pacotes viagens turistas viajantes (temporada de cruzeiros em Manaus-AM)\"\/><figcaption><span class=\"materia__legenda-imagem\">Viagens e hospedagens est\u00e3o entre os benef\u00edcios que devem ser divulgados<\/span> &#8211; <span class=\"materia__creditos-imagem\" style=\"color:#5f5f5e\">Foto: Marcio James\/Prefeitura de Manaus<\/span><\/figcaption><\/figure>\n<p>O Projeto de Lei 3200\/26 altera a <a href=\"https:\/\/www2.camara.leg.br\/legin\/fed\/lei\/2011\/lei-12527-18-novembro-2011-611802-norma-pl.html\">Lei de Acesso \u00e0 Informa\u00e7\u00e3o<\/a> para prever a divulga\u00e7\u00e3o de informa\u00e7\u00f5es sobre presentes, viagens, hospedagens, transporte e outros benef\u00edcios recebidos por agentes p\u00fablicos. A C\u00e2mara dos Deputados analisa a proposta.<\/p>\n<p>O texto obriga quem trabalha e recebe sal\u00e1rio do setor p\u00fablico a informar sempre que receber benef\u00edcios de valor relevante de pessoas ou empresas que tenham contratos, sejam fiscalizadas ou tenham qualquer tipo de rela\u00e7\u00e3o com a administra\u00e7\u00e3o p\u00fablica.<\/p>\n<p>A comunica\u00e7\u00e3o deve conter, no m\u00ednimo:<\/p>\n<ul>\n<li>a identifica\u00e7\u00e3o do agente benefici\u00e1rio e de quem concedeu o benef\u00edcio;<\/li>\n<li>a descri\u00e7\u00e3o do que foi recebido, incluindo o valor; e<\/li>\n<li>a data da transa\u00e7\u00e3o.<\/li>\n<\/ul>\n<p>Pelo projeto, os \u00f3rg\u00e3os p\u00fablicos dever\u00e3o divulgar essas informa\u00e7\u00f5es em uma se\u00e7\u00e3o espec\u00edfica de seus sites oficiais, respeitando as regras de prote\u00e7\u00e3o de dados pessoais e os casos previstos em lei para sigilo.<\/p>\n<p>Ser\u00e1 considerado relevante o benef\u00edcio que, sozinho ou somado a outros recebidos da mesma fonte em um per\u00edodo de 12 meses, ultrapassar 1% do limite remunerat\u00f3rio constitucional (R$ 463,66).<\/p>\n<p>Autor do projeto, o deputado Tarc\u00edsio Motta (Psol-RJ) afirma que a transpar\u00eancia \u00e9 essencial para o Estado Democr\u00e1tico de Direito e para o fortalecimento da integridade p\u00fablica. \u201cO projeto permite que cidad\u00e3os, \u00f3rg\u00e3os de controle, imprensa e institui\u00e7\u00f5es da sociedade civil acompanhem situa\u00e7\u00f5es potencialmente relacionadas a conflitos de interesses&#8221;, justificou.<\/p>\n<h3 class=\"ds-titulo-subsecao\">Pr\u00f3ximas etapas<\/h3>\n<p>A proposta ser\u00e1 analisada, em <span id=\"4322\" class=\"termoGlossario materia__glossario\" title=\"Rito de tramita\u00e7\u00e3o pelo qual o projeto \u00e9 votado apenas pelas comiss\u00f5es designadas para analis\u00e1-lo, dispensada a delibera\u00e7\u00e3o do Plen\u00e1rio. O projeto perde o car\u00e1ter conclusivo se houver decis\u00e3o divergente entre as comiss\u00f5es ou se, independentemente de ser aprovado ou rejeitado, houver recurso assinado por 52 deputados para a aprecia\u00e7\u00e3o da mat\u00e9ria no Plen\u00e1rio.\" contenteditable=\"false\" data-toggle=\"tooltip\" data-placement=\"top\" style=\"color:#5f5f5e;border-bottom:none\">car\u00e1ter conclusivo<\/span>, pelas comiss\u00f5es de Administra\u00e7\u00e3o e Servi\u00e7o P\u00fablico; e de Constitui\u00e7\u00e3o e Justi\u00e7a e de Cidadania.<\/p>\n<p>Para virar lei, o texto precisa ser aprovado pela C\u00e2mara dos Deputados e pelo Senado Federal.<\/p>\n<p><a href=\"https:\/\/www.camara.leg.br\/noticias\/573454-SAIBA-MAIS-SOBRE-A-TRAMITACAO-DE-PROJETOS-DE-LEI\">Saiba mais sobre a tramita\u00e7\u00e3o de projetos de lei<\/a><\/p>\n<\/p><\/div>\n<p><br \/>\n<br \/><a href=\"https:\/\/www.camara.leg.br\/noticias\/1299906-projeto-amplia-transparencia-sobre-presentes-e-beneficios-recebidos-por-agentes-publicos\">postagem original <\/a><\/p>\n","protected":false},"excerpt":{"rendered":"<p>Viagens e hospedagens est\u00e3o entre os benef\u00edcios que devem ser divulgados &#8211; Foto: Marcio James\/Prefeitura de Manaus O Projeto de [&hellip;]<\/p>\n","protected":false},"author":1,"featured_media":6909,"comment_status":"open","ping_status":"open","sticky":false,"template":"","format":"standard","meta":{"site-sidebar-layout":"default","site-content-layout":"","ast-site-content-layout":"default","site-content-style":"default","site-sidebar-style":"default","ast-global-header-display":"","ast-banner-title-visibility":"","ast-main-header-display":"","ast-hfb-above-header-display":"","ast-hfb-below-header-display":"","ast-hfb-mobile-header-display":"","site-post-title":"","ast-breadcrumbs-content":"","ast-featured-img":"","footer-sml-layout":"","theme-transparent-header-meta":"","adv-header-id-meta":"","stick-header-meta":"","header-above-stick-meta":"","header-main-stick-meta":"","header-below-stick-meta":"","astra-migrate-meta-layouts":"default","ast-page-background-enabled":"default","ast-page-background-meta":{"desktop":{"background-color":"var(--ast-global-color-5)","background-image":"","background-repeat":"repeat","background-position":"center center","background-size":"auto","background-attachment":"scroll","background-type":"","background-media":"","overlay-type":"","overlay-color":"","overlay-opacity":"","overlay-gradient":""},"tablet":{"background-color":"","background-image":"","background-repeat":"repeat","background-position":"center center","background-size":"auto","background-attachment":"scroll","background-type":"","background-media":"","overlay-type":"","overlay-color":"","overlay-opacity":"","overlay-gradient":""},"mobile":{"background-color":"","background-image":"","background-repeat":"repeat","background-position":"center center","background-size":"auto","background-attachment":"scroll","background-type":"","background-media":"","overlay-type":"","overlay-color":"","overlay-opacity":"","overlay-gradient":""}},"ast-content-background-meta":{"desktop":{"background-color":"var(--ast-global-color-4)","background-image":"","background-repeat":"repeat","background-position":"center center","background-size":"auto","background-attachment":"scroll","background-type":"","background-media":"","overlay-type":"","overlay-color":"","overlay-opacity":"","overlay-gradient":""},"tablet":{"background-color":"var(--ast-global-color-4)","background-image":"","background-repeat":"repeat","background-position":"center center","background-size":"auto","background-attachment":"scroll","background-type":"","background-media":"","overlay-type":"","overlay-color":"","overlay-opacity":"","overlay-gradient":""},"mobile":{"background-color":"var(--ast-global-color-4)","background-image":"","background-repeat":"repeat","background-position":"center center","background-size":"auto","background-attachment":"scroll","background-type":"","background-media":"","overlay-type":"","overlay-color":"","overlay-opacity":"","overlay-gradient":""}},"_joinchat":[],"footnotes":""},"categories":[36],"tags":[],"_links":{"self":[{"href":"https:\/\/radiosantaclara.sitetopfm.com.br\/site\/wp-json\/wp\/v2\/posts\/11089"}],"collection":[{"href":"https:\/\/radiosantaclara.sitetopfm.com.br\/site\/wp-json\/wp\/v2\/posts"}],"about":[{"href":"https:\/\/radiosantaclara.sitetopfm.com.br\/site\/wp-json\/wp\/v2\/types\/post"}],"author":[{"embeddable":true,"href":"https:\/\/radiosantaclara.sitetopfm.com.br\/site\/wp-json\/wp\/v2\/users\/1"}],"replies":[{"embeddable":true,"href":"https:\/\/radiosantaclara.sitetopfm.com.br\/site\/wp-json\/wp\/v2\/comments?post=11089"}],"version-history":[{"count":0,"href":"https:\/\/radiosantaclara.sitetopfm.com.br\/site\/wp-json\/wp\/v2\/posts\/11089\/revisions"}],"wp:featuredmedia":[{"embeddable":true,"href":"https:\/\/radiosantaclara.sitetopfm.com.br\/site\/wp-json\/wp\/v2\/media\/6909"}],"wp:attachment":[{"href":"https:\/\/radiosantaclara.sitetopfm.com.br\/site\/wp-json\/wp\/v2\/media?parent=11089"}],"wp:term":[{"taxonomy":"category","embeddable":true,"href":"https:\/\/radiosantaclara.sitetopfm.com.br\/site\/wp-json\/wp\/v2\/categories?post=11089"},{"taxonomy":"post_tag","embeddable":true,"href":"https:\/\/radiosantaclara.sitetopfm.com.br\/site\/wp-json\/wp\/v2\/tags?post=11089"}],"curies":[{"name":"wp","href":"https:\/\/api.w.org\/{rel}","templated":true}]}}