{"id":11086,"date":"2026-09-02T20:51:29","date_gmt":"2026-09-02T23:51:29","guid":{"rendered":"https:\/\/radiosantaclara.sitetopfm.com.br\/site\/novas-tecnologias-facilitam-atendimento-a-mulheres-vitimas-de-violencia\/"},"modified":"2026-09-02T20:51:29","modified_gmt":"2026-09-02T23:51:29","slug":"novas-tecnologias-facilitam-atendimento-a-mulheres-vitimas-de-violencia","status":"publish","type":"post","link":"https:\/\/radiosantaclara.sitetopfm.com.br\/site\/novas-tecnologias-facilitam-atendimento-a-mulheres-vitimas-de-violencia\/","title":{"rendered":"Novas tecnologias facilitam atendimento a mulheres v\u00edtimas de viol\u00eancia"},"content":{"rendered":"<p> <br \/>\n<\/p>\n<div id=\"\">\n<figure class=\"materia__midia\" style=\"float: none; margin: 24px 0px;\" data-midia=\"1302425\"><img decoding=\"async\" src=\"https:\/\/www.camara.leg.br\/midias\/image\/2026\/09\/img20260902153638332-768x474.jpg\" alt=\"Audi\u00eancia P\u00fablica - Uso de tecnologias como ferramentas de apoio no combate \u00e0 viol\u00eancia contra mulheres. Defensora P\u00fablica-Geral do Estado de S\u00e3o Paulo, Luciana Jord\u00e3o da Motta Armiliato de Carvalho\"\/><figcaption><span class=\"materia__legenda-imagem\">Luciana de Carvalho: assistente virtual permite a mulheres registrar boletim de ocorr\u00eancia a qualquer hora<\/span> &#8211; <span class=\"materia__creditos-imagem\" style=\"color:#5f5f5e\">Foto: Bruno Spada \/ C\u00e2mara dos Deputados<\/span><\/figcaption><\/figure>\n<p>\u00c0 medida que a viol\u00eancia contra mulheres cresce com as novas tecnologias, como as redes sociais, tamb\u00e9m surgem mecanismos tecnol\u00f3gicos para combater o problema. Em audi\u00eancia p\u00fablica da Comiss\u00e3o Permanente Mista de Combate \u00e0 Viol\u00eancia contra a Mulher, nesta quarta-feira (2), a defensora p\u00fablica-geral do estado de S\u00e3o Paulo, Luciana Armiliato de Carvalho, citou como exemplo assistente virtual que, desde 2020, permite a mulheres v\u00edtimas de viol\u00eancia registrar um boletim de ocorr\u00eancia a qualquer hora.<\/p>\n<p>De acordo com Luciana de Carvalho, entre 2020 e 2026 foram quase 36 mil atendimentos relacionados a viol\u00eancia dom\u00e9stica. Somente de 2023 a 2025, segundo ela, houve um aumento de 15% no n\u00famero de pedidos de medida protetiva de urg\u00eancia por meio da assistente virtual, que foi batizada de J\u00falia.<\/p>\n<p>\u201cHoje, 23% dos atendimentos feitos pela Defensoria P\u00fablica do estado de S\u00e3o Paulo s\u00e3o realizados fora do hor\u00e1rio comercial e 11% desses agendamentos est\u00e3o sendo realizados no final de semana. Isso s\u00f3 \u00e9 poss\u00edvel porque temos uma tecnologia que est\u00e1 \u00e0 disposi\u00e7\u00e3o de todas as mulheres 24 horas por dia, 7 dias por semana. E isso \u00e9 importante porque a hora em que uma mulher consegue pedir ajuda nem sempre \u00e9 hor\u00e1rio que as institui\u00e7\u00f5es est\u00e3o dispon\u00edveis\u201d, enfatizou.<\/p>\n<h3 class=\"ds-titulo-subsecao\">Sistema eletr\u00f4nico<\/h3>\n<p>\n                        A coordenadora da Delegacia de Defesa da Mulher on-line de S\u00e3o Paulo, Jamila Jorge Ferrari, tamb\u00e9m relatou que, durante a pandemia de Covid-19, o \u00f3rg\u00e3o adotou o registros de ocorr\u00eancia on-line, com pedido de medida protetiva de urg\u00eancia. A delegada afirma que hoje 26% de todos os boletins de viol\u00eancia dom\u00e9stica de S\u00e3o Paulo s\u00e3o registrados por meio do sistema eletr\u00f4nico.<\/p>\n<p>Atualmente, Jamila Ferrari relata que o pedido de medida protetiva \u00e9 enviado automaticamente ao Judici\u00e1rio e ao Minist\u00e9rio P\u00fablico de forma imediata, para que o juiz decida da forma mais r\u00e1pida poss\u00edvel.<\/p>\n<p>Diretor de uma organiza\u00e7\u00e3o da sociedade civil chamada Direito \u00c1gil, Rafael Wanderley relatou um servi\u00e7o criado por estudantes de direito do Rio de Janeiro chamado Maria da Penha virtual. Por meio da plataforma, mulheres conseguem registrar ocorr\u00eancias de viol\u00eancia dom\u00e9stica. De acordo com o ativista, 16 mil v\u00edtimas j\u00e1 foram atendidas.<\/p>\n<h3 class=\"ds-titulo-subsecao\">Integra\u00e7\u00e3o<\/h3>\n<p>\n                        Ainda durante a reuni\u00e3o, a defensora Luciana de Carvalho defendeu a integra\u00e7\u00e3o dos diversos \u00f3rg\u00e3os p\u00fablicos e entidades da sociedade civil por meio da cria\u00e7\u00e3o de uma base nacional de registros de viol\u00eancia dom\u00e9stica, todos dotados de sistemas que conversem entre si.<\/p>\n<p>Dessa forma, ela sustenta que seria poss\u00edvel a mesma mulher buscar ajuda em diferentes \u00f3rg\u00e3os de forma r\u00e1pida e mais eficiente.<\/p>\n<figure class=\"materia__midia\" style=\"float: none; margin: 24px 0px;\" data-midia=\"1302444\"><img decoding=\"async\" src=\"https:\/\/www.camara.leg.br\/midias\/image\/2026\/09\/img20260902162744986-768x473.jpg\" alt=\"Audi\u00eancia P\u00fablica - Uso de tecnologias como ferramentas de apoio no combate \u00e0 viol\u00eancia contra mulheres. Dep. Luizianne Lins (REDE - CE)\"\/><figcaption><span class=\"materia__legenda-imagem\">Luizianne Lins prop\u00f5e a realiza\u00e7\u00e3o de um semin\u00e1rio sobre o assunto<\/span> &#8211; <span class=\"materia__creditos-imagem\" style=\"color:#5f5f5e\">Foto: Bruno Spada \/ C\u00e2mara dos Deputados<\/span><\/figcaption><\/figure>\n<h3 class=\"ds-titulo-subsecao\">16 Dias de Ativismo<\/h3>\n<p>\n                        Autora do pedido para a realiza\u00e7\u00e3o do debate na comiss\u00e3o, a deputada Luizianne Lins (Rede-CE) sugeriu um semin\u00e1rio para apresentar novas tecnologias para o combate \u00e0 viol\u00eancia contra mulheres. Segundo a parlamentar, o evento poder\u00e1 integrar as atividades dos 16 Dias de Ativismo pelo Fim da Viol\u00eancia contra as Mulheres. A campanha global ocorre anualmente de 25 de novembro a 10 de dezembro.<\/p>\n<p>\u201cA gente pode fazer um semin\u00e1rio, coisa robusta, seria um semin\u00e1rio do Congresso Nacional sobre as novas tecnologias e o combate \u00e0 viol\u00eancia contra a mulher no Brasil, onde podemos, al\u00e9m do debate te\u00f3rico, demonstrar na pr\u00e1tica essas ferramentas, inclusive as das institui\u00e7\u00f5es que hoje est\u00e3o trabalhando com essas novas tecnologias. Sempre nessa afirma\u00e7\u00e3o que elas t\u00eam de ser suporte, que n\u00e3o podem substituir, de fato, as pol\u00edticas p\u00fablicas concretas e afetivas e efetivas e presenciais\u201d, disse a deputada.<\/p>\n<\/p><\/div>\n<p><br \/>\n<br \/><a href=\"https:\/\/www.camara.leg.br\/noticias\/1302374-novas-tecnologias-facilitam-atendimento-a-mulheres-vitimas-de-violencia\">postagem original <\/a><\/p>\n","protected":false},"excerpt":{"rendered":"<p>Luciana de Carvalho: assistente virtual permite a mulheres registrar boletim de ocorr\u00eancia a qualquer hora &#8211; Foto: Bruno Spada \/ [&hellip;]<\/p>\n","protected":false},"author":1,"featured_media":6909,"comment_status":"open","ping_status":"open","sticky":false,"template":"","format":"standard","meta":{"site-sidebar-layout":"default","site-content-layout":"","ast-site-content-layout":"default","site-content-style":"default","site-sidebar-style":"default","ast-global-header-display":"","ast-banner-title-visibility":"","ast-main-header-display":"","ast-hfb-above-header-display":"","ast-hfb-below-header-display":"","ast-hfb-mobile-header-display":"","site-post-title":"","ast-breadcrumbs-content":"","ast-featured-img":"","footer-sml-layout":"","theme-transparent-header-meta":"","adv-header-id-meta":"","stick-header-meta":"","header-above-stick-meta":"","header-main-stick-meta":"","header-below-stick-meta":"","astra-migrate-meta-layouts":"default","ast-page-background-enabled":"default","ast-page-background-meta":{"desktop":{"background-color":"var(--ast-global-color-5)","background-image":"","background-repeat":"repeat","background-position":"center center","background-size":"auto","background-attachment":"scroll","background-type":"","background-media":"","overlay-type":"","overlay-color":"","overlay-opacity":"","overlay-gradient":""},"tablet":{"background-color":"","background-image":"","background-repeat":"repeat","background-position":"center center","background-size":"auto","background-attachment":"scroll","background-type":"","background-media":"","overlay-type":"","overlay-color":"","overlay-opacity":"","overlay-gradient":""},"mobile":{"background-color":"","background-image":"","background-repeat":"repeat","background-position":"center center","background-size":"auto","background-attachment":"scroll","background-type":"","background-media":"","overlay-type":"","overlay-color":"","overlay-opacity":"","overlay-gradient":""}},"ast-content-background-meta":{"desktop":{"background-color":"var(--ast-global-color-4)","background-image":"","background-repeat":"repeat","background-position":"center center","background-size":"auto","background-attachment":"scroll","background-type":"","background-media":"","overlay-type":"","overlay-color":"","overlay-opacity":"","overlay-gradient":""},"tablet":{"background-color":"var(--ast-global-color-4)","background-image":"","background-repeat":"repeat","background-position":"center center","background-size":"auto","background-attachment":"scroll","background-type":"","background-media":"","overlay-type":"","overlay-color":"","overlay-opacity":"","overlay-gradient":""},"mobile":{"background-color":"var(--ast-global-color-4)","background-image":"","background-repeat":"repeat","background-position":"center center","background-size":"auto","background-attachment":"scroll","background-type":"","background-media":"","overlay-type":"","overlay-color":"","overlay-opacity":"","overlay-gradient":""}},"_joinchat":[],"footnotes":""},"categories":[36],"tags":[],"_links":{"self":[{"href":"https:\/\/radiosantaclara.sitetopfm.com.br\/site\/wp-json\/wp\/v2\/posts\/11086"}],"collection":[{"href":"https:\/\/radiosantaclara.sitetopfm.com.br\/site\/wp-json\/wp\/v2\/posts"}],"about":[{"href":"https:\/\/radiosantaclara.sitetopfm.com.br\/site\/wp-json\/wp\/v2\/types\/post"}],"author":[{"embeddable":true,"href":"https:\/\/radiosantaclara.sitetopfm.com.br\/site\/wp-json\/wp\/v2\/users\/1"}],"replies":[{"embeddable":true,"href":"https:\/\/radiosantaclara.sitetopfm.com.br\/site\/wp-json\/wp\/v2\/comments?post=11086"}],"version-history":[{"count":0,"href":"https:\/\/radiosantaclara.sitetopfm.com.br\/site\/wp-json\/wp\/v2\/posts\/11086\/revisions"}],"wp:featuredmedia":[{"embeddable":true,"href":"https:\/\/radiosantaclara.sitetopfm.com.br\/site\/wp-json\/wp\/v2\/media\/6909"}],"wp:attachment":[{"href":"https:\/\/radiosantaclara.sitetopfm.com.br\/site\/wp-json\/wp\/v2\/media?parent=11086"}],"wp:term":[{"taxonomy":"category","embeddable":true,"href":"https:\/\/radiosantaclara.sitetopfm.com.br\/site\/wp-json\/wp\/v2\/categories?post=11086"},{"taxonomy":"post_tag","embeddable":true,"href":"https:\/\/radiosantaclara.sitetopfm.com.br\/site\/wp-json\/wp\/v2\/tags?post=11086"}],"curies":[{"name":"wp","href":"https:\/\/api.w.org\/{rel}","templated":true}]}}