{"id":11085,"date":"2026-09-02T20:48:36","date_gmt":"2026-09-02T23:48:36","guid":{"rendered":"https:\/\/radiosantaclara.sitetopfm.com.br\/site\/importacao-de-aco-chines-ameaca-empregos-e-siderurgia-nacional-alertam-debatedores\/"},"modified":"2026-09-02T20:48:36","modified_gmt":"2026-09-02T23:48:36","slug":"importacao-de-aco-chines-ameaca-empregos-e-siderurgia-nacional-alertam-debatedores","status":"publish","type":"post","link":"https:\/\/radiosantaclara.sitetopfm.com.br\/site\/importacao-de-aco-chines-ameaca-empregos-e-siderurgia-nacional-alertam-debatedores\/","title":{"rendered":"Importa\u00e7\u00e3o de a\u00e7o chin\u00eas amea\u00e7a empregos e siderurgia nacional, alertam debatedores"},"content":{"rendered":"<p> <br \/>\n<\/p>\n<div id=\"\">\n<figure class=\"materia__midia\" style=\"float: none; margin: 24px 0px;\" data-midia=\"1302384\"><img decoding=\"async\" src=\"https:\/\/www.camara.leg.br\/midias\/image\/2026\/09\/img20260901170439586-768x473.jpg\" alt=\"Audi\u00eancia P\u00fablica - Impacto da importa\u00e7\u00e3o de a\u00e7o na Siderurgia Nacional.\"\/><figcaption><span class=\"materia__legenda-imagem\">A Comiss\u00e3o de Trabalho da C\u00e2mara debateu o assunto<\/span> &#8211; <span class=\"materia__creditos-imagem\" style=\"color:#5f5f5e\">Foto: Kayo Magalh\u00e3es \/ C\u00e2mara dos Deputados<\/span><\/figcaption><\/figure>\n<p>O aumento da importa\u00e7\u00e3o de a\u00e7o chin\u00eas amea\u00e7a a sustentabilidade das metal\u00fargicas brasileiras e representa concorr\u00eancia desleal. O alerta foi feito por representantes de trabalhadores e de ind\u00fastrias em audi\u00eancia p\u00fablica na Comiss\u00e3o de Trabalho da C\u00e2mara dos Deputados, na ter\u00e7a-feira (1\u00ba).<\/p>\n<p>O Brasil mant\u00e9m medidas contra a pr\u00e1tica de <span id=\"4070\" class=\"termoGlossario materia__glossario\" title=\"Exporta\u00e7\u00e3o de produtos por um pre\u00e7o inferior ao do mercado interno que visa a eliminar a concorr\u00eancia ou a dar vaz\u00e3o a excesso de mercadoria.\" contenteditable=\"false\" data-toggle=\"tooltip\" data-placement=\"top\" style=\"color:#5f5f5e;border-bottom:none\">dumping<\/span> e cotas de importa\u00e7\u00e3o para proteger o setor. Em fevereiro, a C\u00e2mara de Com\u00e9rcio Exterior (Camex) fixou taxas para produtos chineses, como laminados planos a frio e a\u00e7os revestidos.<\/p>\n<p>Apesar dessas barreiras, debatedores denunciaram que o a\u00e7o chin\u00eas entra no pa\u00eds por rotas alternativas. Segundo o presidente do Sindicato dos Metal\u00fargicos do Sul Fluminense, Odair Mariano da Silva, o produto passa por pa\u00edses vizinhos.<\/p>\n<p>\u201cO a\u00e7o entra pelos pa\u00edses do Mercosul para aproveitar o livre-com\u00e9rcio do bloco. N\u00e3o h\u00e1 barreira nem fiscaliza\u00e7\u00e3o para conter essa entrada\u201d, afirmou. O sindicalista lembrou que o setor registrou 5 mil demiss\u00f5es em 2025.<\/p>\n<figure class=\"materia__midia\" style=\"float: none; margin: 24px 0px;\" data-midia=\"1302383\"><img decoding=\"async\" src=\"https:\/\/www.camara.leg.br\/midias\/image\/2026\/09\/img20260901170443711-768x473.jpg\" alt=\"Audi\u00eancia P\u00fablica - Impacto da importa\u00e7\u00e3o de a\u00e7o na Siderurgia Nacional. Presidente - Sindicato dos Trabalhadores nas Ind\u00fastrias Metal\u00fargicas, Mec\u00e2nicas, de Material El\u00e9trico, de Material Eletr\u00f4nico e de Inform\u00e1tica, Odair Mariano da Silva.\"\/><figcaption><span class=\"materia__legenda-imagem\">Odair Silva citou demiss\u00f5es no setor<\/span> &#8211; <span class=\"materia__creditos-imagem\" style=\"color:#5f5f5e\">Foto: Kayo Magalh\u00e3es \/ C\u00e2mara dos Deputados<\/span><\/figcaption><\/figure>\n<h3 class=\"ds-titulo-subsecao\">Diferen\u00e7a de custos e impacto nos munic\u00edpios<\/h3>\n<p>\n                        Para o presidente do Sindicato das Ind\u00fastrias, Jairo Rodrigues da Silva, a concorr\u00eancia afeta a competitividade nacional. \u201cO Brasil exporta o min\u00e9rio de ferro bruto e o compra de volta industrializado, por um valor at\u00e9 40% menor do que o produto nacional. \u00c9 inconceb\u00edvel o nosso min\u00e9rio voltar ao pa\u00eds mais barato do que o produzido pela ind\u00fastria local\u201d, destacou.<\/p>\n<p>O presidente da Associa\u00e7\u00e3o dos Processadores de A\u00e7o (Aproa\u00e7o), Haroldo Cruz Filho, citou como exemplo o impacto no munic\u00edpio de Pinheiral (RJ). A cidade tem 90% da sua receita dependente da fabrica\u00e7\u00e3o de folha de flandres (a\u00e7o revestido com estanho). Devido \u00e0 entrada do produto importado \u2014 inclusive pela Zona Franca de Manaus \u2014, a arrecada\u00e7\u00e3o municipal caiu 30% em dois anos.<\/p>\n<p>\u201cPa\u00edses vizinhos importam o a\u00e7o chin\u00eas e vendem produtos prontos para o Brasil, como latas de tinta e aeross\u00f3is. Isso destr\u00f3i a nossa cadeia produtiva\u201d, alertou Haroldo Cruz Filho.<\/p>\n<figure class=\"materia__midia\" style=\"float: none; margin: 24px 0px;\" data-midia=\"1302386\"><img decoding=\"async\" src=\"https:\/\/www.camara.leg.br\/midias\/image\/2026\/09\/img20260901170447796-768x473.jpg\" alt=\"Audi\u00eancia P\u00fablica - Impacto da importa\u00e7\u00e3o de a\u00e7o na Siderurgia Nacional. Dep. Max Lemos (UNI\u00c3O-RJ)\"\/><figcaption><span class=\"materia__legenda-imagem\">Max Lemos quer convidar ministros para debater o assunto ap\u00f3s as elei\u00e7\u00f5es<\/span> &#8211; <span class=\"materia__creditos-imagem\" style=\"color:#5f5f5e\">Foto: Kayo Magalh\u00e3es \/ C\u00e2mara dos Deputados<\/span><\/figcaption><\/figure>\n<h3 class=\"ds-titulo-subsecao\">Panorama do setor e pr\u00f3ximos passos<\/h3>\n<p>\n                        Atualmente, o Brasil possui cerca de 215 mil metal\u00fargicos atuando em 2,3 mil ind\u00fastrias. A categoria tem m\u00e9dia de idade de 40 anos, com 85% de homens e sal\u00e1rio m\u00e9dio de R$ 3,5 mil.<\/p>\n<p>O representante do Minist\u00e9rio do Trabalho e Emprego na audi\u00eancia, Alexandre Furtado Scarpelli, confirmou que, embora a ind\u00fastria brasileira geral mostre rea\u00e7\u00e3o, o setor sider\u00fargico continua estagnado.<\/p>\n<p>Autor do requerimento para a realiza\u00e7\u00e3o da audi\u00eancia p\u00fablica, o deputado Max Lemos (Uni\u00e3o-RJ) ressaltou que a crise pode provocar demiss\u00f5es em grande escala em \u00e1reas como a constru\u00e7\u00e3o civil, a ind\u00fastria automotiva e a infraestrutura.<\/p>\n<p>\u201cVou apresentar requerimentos de informa\u00e7\u00e3o \u00e0 Receita Federal e a outros \u00f3rg\u00e3os para aprofundar os dados. Tamb\u00e9m convidaremos ministros de Estado para retomar o debate logo ap\u00f3s o per\u00edodo eleitoral\u201d, anunciou o deputado.<\/p>\n<\/p><\/div>\n<p><br \/>\n<br \/><a href=\"https:\/\/www.camara.leg.br\/noticias\/1302345-importacao-de-aco-chines-ameaca-empregos-e-siderurgia-nacional-alertam-debatedores\">postagem original <\/a><\/p>\n","protected":false},"excerpt":{"rendered":"<p>A Comiss\u00e3o de Trabalho da C\u00e2mara debateu o assunto &#8211; Foto: Kayo Magalh\u00e3es \/ C\u00e2mara dos Deputados O aumento da [&hellip;]<\/p>\n","protected":false},"author":1,"featured_media":6909,"comment_status":"open","ping_status":"open","sticky":false,"template":"","format":"standard","meta":{"site-sidebar-layout":"default","site-content-layout":"","ast-site-content-layout":"default","site-content-style":"default","site-sidebar-style":"default","ast-global-header-display":"","ast-banner-title-visibility":"","ast-main-header-display":"","ast-hfb-above-header-display":"","ast-hfb-below-header-display":"","ast-hfb-mobile-header-display":"","site-post-title":"","ast-breadcrumbs-content":"","ast-featured-img":"","footer-sml-layout":"","theme-transparent-header-meta":"","adv-header-id-meta":"","stick-header-meta":"","header-above-stick-meta":"","header-main-stick-meta":"","header-below-stick-meta":"","astra-migrate-meta-layouts":"default","ast-page-background-enabled":"default","ast-page-background-meta":{"desktop":{"background-color":"var(--ast-global-color-5)","background-image":"","background-repeat":"repeat","background-position":"center center","background-size":"auto","background-attachment":"scroll","background-type":"","background-media":"","overlay-type":"","overlay-color":"","overlay-opacity":"","overlay-gradient":""},"tablet":{"background-color":"","background-image":"","background-repeat":"repeat","background-position":"center center","background-size":"auto","background-attachment":"scroll","background-type":"","background-media":"","overlay-type":"","overlay-color":"","overlay-opacity":"","overlay-gradient":""},"mobile":{"background-color":"","background-image":"","background-repeat":"repeat","background-position":"center center","background-size":"auto","background-attachment":"scroll","background-type":"","background-media":"","overlay-type":"","overlay-color":"","overlay-opacity":"","overlay-gradient":""}},"ast-content-background-meta":{"desktop":{"background-color":"var(--ast-global-color-4)","background-image":"","background-repeat":"repeat","background-position":"center center","background-size":"auto","background-attachment":"scroll","background-type":"","background-media":"","overlay-type":"","overlay-color":"","overlay-opacity":"","overlay-gradient":""},"tablet":{"background-color":"var(--ast-global-color-4)","background-image":"","background-repeat":"repeat","background-position":"center center","background-size":"auto","background-attachment":"scroll","background-type":"","background-media":"","overlay-type":"","overlay-color":"","overlay-opacity":"","overlay-gradient":""},"mobile":{"background-color":"var(--ast-global-color-4)","background-image":"","background-repeat":"repeat","background-position":"center center","background-size":"auto","background-attachment":"scroll","background-type":"","background-media":"","overlay-type":"","overlay-color":"","overlay-opacity":"","overlay-gradient":""}},"_joinchat":[],"footnotes":""},"categories":[34],"tags":[],"_links":{"self":[{"href":"https:\/\/radiosantaclara.sitetopfm.com.br\/site\/wp-json\/wp\/v2\/posts\/11085"}],"collection":[{"href":"https:\/\/radiosantaclara.sitetopfm.com.br\/site\/wp-json\/wp\/v2\/posts"}],"about":[{"href":"https:\/\/radiosantaclara.sitetopfm.com.br\/site\/wp-json\/wp\/v2\/types\/post"}],"author":[{"embeddable":true,"href":"https:\/\/radiosantaclara.sitetopfm.com.br\/site\/wp-json\/wp\/v2\/users\/1"}],"replies":[{"embeddable":true,"href":"https:\/\/radiosantaclara.sitetopfm.com.br\/site\/wp-json\/wp\/v2\/comments?post=11085"}],"version-history":[{"count":0,"href":"https:\/\/radiosantaclara.sitetopfm.com.br\/site\/wp-json\/wp\/v2\/posts\/11085\/revisions"}],"wp:featuredmedia":[{"embeddable":true,"href":"https:\/\/radiosantaclara.sitetopfm.com.br\/site\/wp-json\/wp\/v2\/media\/6909"}],"wp:attachment":[{"href":"https:\/\/radiosantaclara.sitetopfm.com.br\/site\/wp-json\/wp\/v2\/media?parent=11085"}],"wp:term":[{"taxonomy":"category","embeddable":true,"href":"https:\/\/radiosantaclara.sitetopfm.com.br\/site\/wp-json\/wp\/v2\/categories?post=11085"},{"taxonomy":"post_tag","embeddable":true,"href":"https:\/\/radiosantaclara.sitetopfm.com.br\/site\/wp-json\/wp\/v2\/tags?post=11085"}],"curies":[{"name":"wp","href":"https:\/\/api.w.org\/{rel}","templated":true}]}}