{"id":11083,"date":"2026-09-02T18:43:29","date_gmt":"2026-09-02T21:43:29","guid":{"rendered":"https:\/\/radiosantaclara.sitetopfm.com.br\/site\/camara-aprova-criacao-da-politica-nacional-de-agroecologia-e-producao-organica\/"},"modified":"2026-09-02T18:43:29","modified_gmt":"2026-09-02T21:43:29","slug":"camara-aprova-criacao-da-politica-nacional-de-agroecologia-e-producao-organica","status":"publish","type":"post","link":"https:\/\/radiosantaclara.sitetopfm.com.br\/site\/camara-aprova-criacao-da-politica-nacional-de-agroecologia-e-producao-organica\/","title":{"rendered":"C\u00e2mara aprova cria\u00e7\u00e3o da Pol\u00edtica Nacional de Agroecologia e Produ\u00e7\u00e3o Org\u00e2nica"},"content":{"rendered":"<p> <br \/>\n<\/p>\n<div id=\"\">\n<figure class=\"materia__midia\" style=\"float: none; margin: 24px 0px;\" data-midia=\"1302362\"><img decoding=\"async\" src=\"https:\/\/www.camara.leg.br\/midias\/image\/2026\/09\/img20260902180959894-768x473.jpg\" alt=\"Discuss\u00e3o e vota\u00e7\u00e3o de propostas legislativas. Dep. Padre Jo\u00e3o (PT - MG)\"\/><figcaption><span class=\"materia__legenda-imagem\">Padre Jo\u00e3o, relator do projeto de lei<\/span> &#8211; <span class=\"materia__creditos-imagem\" style=\"color:#5f5f5e\">Foto: Kayo Magalh\u00e3es\/C\u00e2mara dos Deputados<\/span><\/figcaption><\/figure>\n<p>A C\u00e2mara dos Deputados aprovou nesta quarta-feira (2) a Pol\u00edtica Nacional de Agroecologia e Produ\u00e7\u00e3o Org\u00e2nica. O objetivo \u00e9 incentivar pr\u00e1ticas agr\u00edcolas ambientalmente sustent\u00e1veis e socialmente justas, com a transi\u00e7\u00e3o para modelos agr\u00edcolas mais resilientes e com menos uso intensivo de recursos naturais n\u00e3o renov\u00e1veis. A proposta segue para an\u00e1lise do Senado.<\/p>\n<p>O texto aprovado \u00e9 o <span id=\"4098\" class=\"termoGlossario materia__glossario\" title=\"Nome que se d\u00e1 ao texto que altera substancialmente o conte\u00fado original da proposta. O substitutivo \u00e9 apresentado pelo relator e tem prefer\u00eancia na vota\u00e7\u00e3o sobre o projeto original.\" contenteditable=\"false\" data-toggle=\"tooltip\" data-placement=\"top\" style=\"color:#5f5f5e;border-bottom:none\">substitutivo<\/span> do relator, deputado Padre Jo\u00e3o (PT-MG), ao Projeto de Lei 3904\/23, do deputado Valmir Assun\u00e7\u00e3o (PT-BA).<\/p>\n<p>Padre Jo\u00e3o observou que, apesar do vasto potencial agr\u00edcola e da rica diversidade biol\u00f3gica, o Brasil depende em larga medida de insumos de produ\u00e7\u00e3o n\u00e3o renov\u00e1veis e de fornecimento majoritariamente externo, como fertilizantes.<\/p>\n<h3 class=\"ds-titulo-subsecao\">Principais medidas<\/h3>\n<p>\n                        A proposta prev\u00ea medidas como:<\/p>\n<ul>\n<li>a\u00e7\u00f5es de ensino, pesquisa e inova\u00e7\u00e3o cient\u00edfica e tecnol\u00f3gica;<\/li>\n<li>compras p\u00fablicas de produtos da agricultura familiar;<\/li>\n<li>cr\u00e9dito rural no \u00e2mbito do Plano Safra da agricultura familiar;<\/li>\n<li>seguro da agricultura familiar;<\/li>\n<li>fundos p\u00fablicos;<\/li>\n<li>medidas fiscais;<\/li>\n<li>mecanismos governamentais de garantia e sustenta\u00e7\u00e3o de pre\u00e7os agropecu\u00e1rios e extrativistas.<\/li>\n<\/ul>\n<p>Haver\u00e1 estimulo \u00e0 cria\u00e7\u00e3o de mercados locais e feiras de produtores, com circuitos curtos de comercializa\u00e7\u00e3o e conex\u00e3o direta entre agricultores e consumidores.<\/p>\n<p>A pol\u00edtica tamb\u00e9m deve subvencionar o financiamento de tecnologias de produ\u00e7\u00e3o de energia alternativa e renov\u00e1vel no campo e a instala\u00e7\u00e3o e amplia\u00e7\u00e3o de unidades de bioinsumos para uso pr\u00f3prio.<\/p>\n<h3 class=\"ds-titulo-subsecao\">Certifica\u00e7\u00e3o<\/h3>\n<p>\n                        Est\u00e1 prevista a cria\u00e7\u00e3o de um sistema participativo de certifica\u00e7\u00e3o da produ\u00e7\u00e3o agroecol\u00f3gica. O selo ser\u00e1 destinado prioritariamente a agricultores familiares, povos e comunidades tradicionais e empreendimentos solid\u00e1rios.<\/p>\n<p>Segundo o projeto, o Plano Nacional de Agroecologia e Produ\u00e7\u00e3o Org\u00e2nica (Planapo) ser\u00e1 coordenado pela C\u00e2mara Interministerial de Agroecologia e Produ\u00e7\u00e3o Org\u00e2nica em coopera\u00e7\u00e3o com estados e munic\u00edpios. A sociedade civil participar\u00e1 da elabora\u00e7\u00e3o e acompanhamento do plano por meio do Conselho Nacional de Agroecologia e Produ\u00e7\u00e3o Org\u00e2nica.<\/p>\n<p><a href=\"https:\/\/www.camara.leg.br\/noticias\/573454-SAIBA-MAIS-SOBRE-A-TRAMITACAO-DE-PROJETOS-DE-LEI\">Saiba mais sobre a tramita\u00e7\u00e3o de projetos de lei<\/a><\/p>\n<\/p><\/div>\n<p><br \/>\n<br \/><a href=\"https:\/\/www.camara.leg.br\/noticias\/1302312-camara-aprova-criacao-da-politica-nacional-de-agroecologia-e-producao-organica\">postagem original <\/a><\/p>\n","protected":false},"excerpt":{"rendered":"<p>Padre Jo\u00e3o, relator do projeto de lei &#8211; Foto: Kayo Magalh\u00e3es\/C\u00e2mara dos Deputados A C\u00e2mara dos Deputados aprovou nesta quarta-feira [&hellip;]<\/p>\n","protected":false},"author":1,"featured_media":6909,"comment_status":"open","ping_status":"open","sticky":false,"template":"","format":"standard","meta":{"site-sidebar-layout":"default","site-content-layout":"","ast-site-content-layout":"default","site-content-style":"default","site-sidebar-style":"default","ast-global-header-display":"","ast-banner-title-visibility":"","ast-main-header-display":"","ast-hfb-above-header-display":"","ast-hfb-below-header-display":"","ast-hfb-mobile-header-display":"","site-post-title":"","ast-breadcrumbs-content":"","ast-featured-img":"","footer-sml-layout":"","theme-transparent-header-meta":"","adv-header-id-meta":"","stick-header-meta":"","header-above-stick-meta":"","header-main-stick-meta":"","header-below-stick-meta":"","astra-migrate-meta-layouts":"default","ast-page-background-enabled":"default","ast-page-background-meta":{"desktop":{"background-color":"var(--ast-global-color-5)","background-image":"","background-repeat":"repeat","background-position":"center center","background-size":"auto","background-attachment":"scroll","background-type":"","background-media":"","overlay-type":"","overlay-color":"","overlay-opacity":"","overlay-gradient":""},"tablet":{"background-color":"","background-image":"","background-repeat":"repeat","background-position":"center center","background-size":"auto","background-attachment":"scroll","background-type":"","background-media":"","overlay-type":"","overlay-color":"","overlay-opacity":"","overlay-gradient":""},"mobile":{"background-color":"","background-image":"","background-repeat":"repeat","background-position":"center center","background-size":"auto","background-attachment":"scroll","background-type":"","background-media":"","overlay-type":"","overlay-color":"","overlay-opacity":"","overlay-gradient":""}},"ast-content-background-meta":{"desktop":{"background-color":"var(--ast-global-color-4)","background-image":"","background-repeat":"repeat","background-position":"center center","background-size":"auto","background-attachment":"scroll","background-type":"","background-media":"","overlay-type":"","overlay-color":"","overlay-opacity":"","overlay-gradient":""},"tablet":{"background-color":"var(--ast-global-color-4)","background-image":"","background-repeat":"repeat","background-position":"center center","background-size":"auto","background-attachment":"scroll","background-type":"","background-media":"","overlay-type":"","overlay-color":"","overlay-opacity":"","overlay-gradient":""},"mobile":{"background-color":"var(--ast-global-color-4)","background-image":"","background-repeat":"repeat","background-position":"center center","background-size":"auto","background-attachment":"scroll","background-type":"","background-media":"","overlay-type":"","overlay-color":"","overlay-opacity":"","overlay-gradient":""}},"_joinchat":[],"footnotes":""},"categories":[35],"tags":[],"_links":{"self":[{"href":"https:\/\/radiosantaclara.sitetopfm.com.br\/site\/wp-json\/wp\/v2\/posts\/11083"}],"collection":[{"href":"https:\/\/radiosantaclara.sitetopfm.com.br\/site\/wp-json\/wp\/v2\/posts"}],"about":[{"href":"https:\/\/radiosantaclara.sitetopfm.com.br\/site\/wp-json\/wp\/v2\/types\/post"}],"author":[{"embeddable":true,"href":"https:\/\/radiosantaclara.sitetopfm.com.br\/site\/wp-json\/wp\/v2\/users\/1"}],"replies":[{"embeddable":true,"href":"https:\/\/radiosantaclara.sitetopfm.com.br\/site\/wp-json\/wp\/v2\/comments?post=11083"}],"version-history":[{"count":0,"href":"https:\/\/radiosantaclara.sitetopfm.com.br\/site\/wp-json\/wp\/v2\/posts\/11083\/revisions"}],"wp:featuredmedia":[{"embeddable":true,"href":"https:\/\/radiosantaclara.sitetopfm.com.br\/site\/wp-json\/wp\/v2\/media\/6909"}],"wp:attachment":[{"href":"https:\/\/radiosantaclara.sitetopfm.com.br\/site\/wp-json\/wp\/v2\/media?parent=11083"}],"wp:term":[{"taxonomy":"category","embeddable":true,"href":"https:\/\/radiosantaclara.sitetopfm.com.br\/site\/wp-json\/wp\/v2\/categories?post=11083"},{"taxonomy":"post_tag","embeddable":true,"href":"https:\/\/radiosantaclara.sitetopfm.com.br\/site\/wp-json\/wp\/v2\/tags?post=11083"}],"curies":[{"name":"wp","href":"https:\/\/api.w.org\/{rel}","templated":true}]}}