{"id":11082,"date":"2026-09-02T18:33:25","date_gmt":"2026-09-02T21:33:25","guid":{"rendered":"https:\/\/radiosantaclara.sitetopfm.com.br\/site\/camara-aprova-criacao-de-universidades-federais-de-ciencia-e-inovacao-em-minas-e-no-rio\/"},"modified":"2026-09-02T18:33:25","modified_gmt":"2026-09-02T21:33:25","slug":"camara-aprova-criacao-de-universidades-federais-de-ciencia-e-inovacao-em-minas-e-no-rio","status":"publish","type":"post","link":"https:\/\/radiosantaclara.sitetopfm.com.br\/site\/camara-aprova-criacao-de-universidades-federais-de-ciencia-e-inovacao-em-minas-e-no-rio\/","title":{"rendered":"C\u00e2mara aprova cria\u00e7\u00e3o de universidades federais de Ci\u00eancia e Inova\u00e7\u00e3o em Minas e no Rio"},"content":{"rendered":"<p> <br \/>\n<\/p>\n<div id=\"\">\n<figure class=\"materia__midia\" style=\"float: none; margin: 24px 0px;\" data-midia=\"1302326\"><img decoding=\"async\" src=\"https:\/\/www.camara.leg.br\/midias\/image\/2026\/09\/img20260902121614948-768x473.jpg\" alt=\"Discuss\u00e3o e vota\u00e7\u00e3o de propostas legislativas. Dep. Rog\u00e9rio Correia (PT - MG)\"\/><figcaption><span class=\"materia__legenda-imagem\">Rog\u00e9rio Correia, relator do projeto de lei<\/span> &#8211; <span class=\"materia__creditos-imagem\" style=\"color:#5f5f5e\">Foto: Bruno Spada\/C\u00e2mara dos Deputados<\/span><\/figcaption><\/figure>\n<p>A C\u00e2mara dos Deputados aprovou nesta quarta-feira (2) a cria\u00e7\u00e3o das universidades federais de Ci\u00eancia e Inova\u00e7\u00e3o de Minas Gerais e do Rio de Janeiro. As institui\u00e7\u00f5es de ensino ser\u00e3o formadas a partir dos centros federais de educa\u00e7\u00e3o tecnol\u00f3gica sediados nos dois estados.<\/p>\n<p>A medida est\u00e1 prevista no Projeto de Lei 4952\/26, do Poder Executivo, que segue para an\u00e1lise do Senado. O texto aprovado \u00e9 o <span id=\"4098\" class=\"termoGlossario materia__glossario\" title=\"Nome que se d\u00e1 ao texto que altera substancialmente o conte\u00fado original da proposta. O substitutivo \u00e9 apresentado pelo relator e tem prefer\u00eancia na vota\u00e7\u00e3o sobre o projeto original.\" contenteditable=\"false\" data-toggle=\"tooltip\" data-placement=\"top\" style=\"color:#5f5f5e;border-bottom:none\">substitutivo<\/span> do relator, deputado Rog\u00e9rio Correia (PT-MG).<\/p>\n<p>O texto do relator inclui normas para nomea\u00e7\u00e3o de reitor e vice-reitor, al\u00e9m de explicitar que as novas universidades s\u00e3o autarquias vinculadas ao Minist\u00e9rio da Educa\u00e7\u00e3o. Outra mudan\u00e7a \u00e9 a cria\u00e7\u00e3o, nas duas universidades, de centro de forma\u00e7\u00e3o e ensino t\u00e9cnico como espa\u00e7o institucional para ofertar tamb\u00e9m educa\u00e7\u00e3o profissional t\u00e9cnica de n\u00edvel m\u00e9dio.<\/p>\n<p>&#8220;A transforma\u00e7\u00e3o dos Cefets em universidades federais permitir\u00e1 ampliar a oferta de vagas em cursos de gradua\u00e7\u00e3o e p\u00f3s-gradua\u00e7\u00e3o, democratizando o acesso ao ensino superior gratuito e de qualidade, especialmente nas regi\u00f5es metropolitanas de Belo Horizonte e do Rio de Janeiro&#8221;, disse Rog\u00e9rio Correia.<\/p>\n<p>Segundo o deputado, o status universit\u00e1rio tende a ampliar o acesso a editais de fomento, parcerias institucionais e programas de p\u00f3s-gradua\u00e7\u00e3o, &#8220;potencializando a produ\u00e7\u00e3o cient\u00edfica e tecnol\u00f3gica, \u00e1reas em que ambos os Cefets j\u00e1 se destacam nacionalmente&#8221;.<\/p>\n<h3 class=\"ds-titulo-subsecao\">Onde fica<\/h3>\n<p>\n                        O Cefet-RJ conta com oito campi distribu\u00eddos em Angra dos Reis, Itagua\u00ed, Maria da Gra\u00e7a, Nova Friburgo, Nova Igua\u00e7u, Petr\u00f3polis, Valen\u00e7a e Rio de Janeiro.<\/p>\n<p>J\u00e1 o Cefet-MG possui 11 campi, sendo 3 em Belo Horizonte e os demais em Arax\u00e1, Contagem, Curvelo, Divin\u00f3polis, Leopoldina, Nepomuceno, Tim\u00f3teo e Varginha.<\/p>\n<h3 class=\"ds-titulo-subsecao\">Mais informa\u00e7\u00f5es em instantes<\/h3>\n<p><a href=\"https:\/\/www.youtube.com\/watch?v=fq7XGZvHBlY\">Assista ao vivo<\/a><\/p>\n<p><a href=\"https:\/\/www.camara.leg.br\/noticias\/573454-SAIBA-MAIS-SOBRE-A-TRAMITACAO-DE-PROJETOS-DE-LEI\">Saiba mais sobre a tramita\u00e7\u00e3o de projetos de lei<\/a><\/p>\n<\/p><\/div>\n<p><br \/>\n<br \/><a href=\"https:\/\/www.camara.leg.br\/noticias\/1302313-camara-aprova-criacao-de-universidades-federais-de-ciencia-e-inovacao-em-minas-e-no-rio\">postagem original <\/a><\/p>\n","protected":false},"excerpt":{"rendered":"<p>Rog\u00e9rio Correia, relator do projeto de lei &#8211; Foto: Bruno Spada\/C\u00e2mara dos Deputados A C\u00e2mara dos Deputados aprovou nesta quarta-feira [&hellip;]<\/p>\n","protected":false},"author":1,"featured_media":6909,"comment_status":"open","ping_status":"open","sticky":false,"template":"","format":"standard","meta":{"site-sidebar-layout":"default","site-content-layout":"","ast-site-content-layout":"default","site-content-style":"default","site-sidebar-style":"default","ast-global-header-display":"","ast-banner-title-visibility":"","ast-main-header-display":"","ast-hfb-above-header-display":"","ast-hfb-below-header-display":"","ast-hfb-mobile-header-display":"","site-post-title":"","ast-breadcrumbs-content":"","ast-featured-img":"","footer-sml-layout":"","theme-transparent-header-meta":"","adv-header-id-meta":"","stick-header-meta":"","header-above-stick-meta":"","header-main-stick-meta":"","header-below-stick-meta":"","astra-migrate-meta-layouts":"default","ast-page-background-enabled":"default","ast-page-background-meta":{"desktop":{"background-color":"var(--ast-global-color-5)","background-image":"","background-repeat":"repeat","background-position":"center center","background-size":"auto","background-attachment":"scroll","background-type":"","background-media":"","overlay-type":"","overlay-color":"","overlay-opacity":"","overlay-gradient":""},"tablet":{"background-color":"","background-image":"","background-repeat":"repeat","background-position":"center center","background-size":"auto","background-attachment":"scroll","background-type":"","background-media":"","overlay-type":"","overlay-color":"","overlay-opacity":"","overlay-gradient":""},"mobile":{"background-color":"","background-image":"","background-repeat":"repeat","background-position":"center center","background-size":"auto","background-attachment":"scroll","background-type":"","background-media":"","overlay-type":"","overlay-color":"","overlay-opacity":"","overlay-gradient":""}},"ast-content-background-meta":{"desktop":{"background-color":"var(--ast-global-color-4)","background-image":"","background-repeat":"repeat","background-position":"center center","background-size":"auto","background-attachment":"scroll","background-type":"","background-media":"","overlay-type":"","overlay-color":"","overlay-opacity":"","overlay-gradient":""},"tablet":{"background-color":"var(--ast-global-color-4)","background-image":"","background-repeat":"repeat","background-position":"center center","background-size":"auto","background-attachment":"scroll","background-type":"","background-media":"","overlay-type":"","overlay-color":"","overlay-opacity":"","overlay-gradient":""},"mobile":{"background-color":"var(--ast-global-color-4)","background-image":"","background-repeat":"repeat","background-position":"center center","background-size":"auto","background-attachment":"scroll","background-type":"","background-media":"","overlay-type":"","overlay-color":"","overlay-opacity":"","overlay-gradient":""}},"_joinchat":[],"footnotes":""},"categories":[36],"tags":[],"_links":{"self":[{"href":"https:\/\/radiosantaclara.sitetopfm.com.br\/site\/wp-json\/wp\/v2\/posts\/11082"}],"collection":[{"href":"https:\/\/radiosantaclara.sitetopfm.com.br\/site\/wp-json\/wp\/v2\/posts"}],"about":[{"href":"https:\/\/radiosantaclara.sitetopfm.com.br\/site\/wp-json\/wp\/v2\/types\/post"}],"author":[{"embeddable":true,"href":"https:\/\/radiosantaclara.sitetopfm.com.br\/site\/wp-json\/wp\/v2\/users\/1"}],"replies":[{"embeddable":true,"href":"https:\/\/radiosantaclara.sitetopfm.com.br\/site\/wp-json\/wp\/v2\/comments?post=11082"}],"version-history":[{"count":0,"href":"https:\/\/radiosantaclara.sitetopfm.com.br\/site\/wp-json\/wp\/v2\/posts\/11082\/revisions"}],"wp:featuredmedia":[{"embeddable":true,"href":"https:\/\/radiosantaclara.sitetopfm.com.br\/site\/wp-json\/wp\/v2\/media\/6909"}],"wp:attachment":[{"href":"https:\/\/radiosantaclara.sitetopfm.com.br\/site\/wp-json\/wp\/v2\/media?parent=11082"}],"wp:term":[{"taxonomy":"category","embeddable":true,"href":"https:\/\/radiosantaclara.sitetopfm.com.br\/site\/wp-json\/wp\/v2\/categories?post=11082"},{"taxonomy":"post_tag","embeddable":true,"href":"https:\/\/radiosantaclara.sitetopfm.com.br\/site\/wp-json\/wp\/v2\/tags?post=11082"}],"curies":[{"name":"wp","href":"https:\/\/api.w.org\/{rel}","templated":true}]}}