{"id":11081,"date":"2026-09-02T18:10:00","date_gmt":"2026-09-02T21:10:00","guid":{"rendered":"https:\/\/radiosantaclara.sitetopfm.com.br\/site\/projeto-preve-descontos-em-tarifas-para-quem-fizer-coleta-seletiva\/"},"modified":"2026-09-02T18:10:00","modified_gmt":"2026-09-02T21:10:00","slug":"projeto-preve-descontos-em-tarifas-para-quem-fizer-coleta-seletiva","status":"publish","type":"post","link":"https:\/\/radiosantaclara.sitetopfm.com.br\/site\/projeto-preve-descontos-em-tarifas-para-quem-fizer-coleta-seletiva\/","title":{"rendered":"Projeto prev\u00ea descontos em tarifas para quem fizer coleta seletiva"},"content":{"rendered":"<p> <br \/>\n<\/p>\n<div id=\"\">\n<figure class=\"materia__midia\" style=\"float: none; margin: 24px 0px;\" data-midia=\"1302086\"><img decoding=\"async\" src=\"https:\/\/www.camara.leg.br\/midias\/image\/2026\/09\/img20190530152206505-768x512.jpg\" alt=\"Cinco lixeiras de coleta seletiva na seguinte ordem: marrom (res\u00edduos org\u00e2nicos); azul (papel e papel\u00e3o); verde (vidro); vermelha (pl\u00e1stico); e amarela (metal)\"\/><figcaption><span class=\"materia__legenda-imagem\">Lixeiras de coleta seletiva<\/span> &#8211; <span class=\"materia__creditos-imagem\" style=\"color:#5f5f5e\">Foto: Divulga\u00e7\u00e3o\/Pal\u00e1cio Piratini<\/span><\/figcaption><\/figure>\n<p>O Projeto de Lei 2895\/26 institui o Programa Nacional de Incentivo \u00e0 Coleta Seletiva Residencial. O texto em an\u00e1lise na C\u00e2mara dos Deputados prev\u00ea benef\u00edcios para os cidad\u00e3os que aderirem \u00e0 separa\u00e7\u00e3o domiciliar do lixo.<\/p>\n<p>A proposta altera a <a class=\"linkLegislacao\" href=\"https:\/\/www2.camara.gov.br\/legin\/fed\/lei\/2010\/lei-12305-2-agosto-2010-607598-norma-pl.html\" target=\"_blank\" rel=\"noopener noreferrer\">Lei 12.305\/10<\/a>, que trata da Pol\u00edtica Nacional de Res\u00edduos S\u00f3lidos. O principal objetivo \u00e9 ampliar a participa\u00e7\u00e3o popular, elevar as taxas de reciclagem e apoiar associa\u00e7\u00f5es de catadores.<\/p>\n<p>\u201cOs n\u00edveis de reciclagem permanecem incipientes, inferiores a 4% na m\u00e9dia nacional\u201d, afirmou o deputado Evair Vieira de Melo (Republicanos-ES), autor da proposta, citando dados de uma auditoria do Tribunal de Contas da Uni\u00e3o (<span id=\"4099\" class=\"termoGlossario materia__glossario\" title=\"\u00d3rg\u00e3o com poderes para, no auxilio ao Congresso Nacional, exercer o controle externo dos atos financeiros, or\u00e7ament\u00e1rios, cont\u00e1beis, operacionais e patrimoniais dos Poderes da Rep\u00fablica. Qualquer pessoa f\u00edsica ou jur\u00eddica, p\u00fablica ou privada, que utilize, arrecade, guarde, gerencie ou administre dinheiros, bens e valores p\u00fablicos ou pelos quais a Uni\u00e3o responda, ou que, em nome desta, assuma obriga\u00e7\u00f5es de natureza pecuni\u00e1ria tem o dever de prestar contas ao TCU.\" contenteditable=\"false\" data-toggle=\"tooltip\" data-placement=\"top\" style=\"color:#5f5f5e;border-bottom:none\">TCU<\/span>).<\/p>\n<h3 class=\"ds-titulo-subsecao\">Incentivos e reconhecimento<\/h3>\n<p>\n                        Entre as formas de est\u00edmulo, a proposta estabelece descontos ou bonifica\u00e7\u00f5es em tarifas de presta\u00e7\u00e3o de servi\u00e7os p\u00fablicos para os consumidores residenciais. A medida dever\u00e1 observar as regras definidas pelos \u00f3rg\u00e3os reguladores locais.<\/p>\n<p>O texto cria um selo federal de reconhecimento destinado aos participantes (consumidores, bairros e munic\u00edpios). O selo ser\u00e1 divulgado no Sistema Nacional de Informa\u00e7\u00f5es sobre a Gest\u00e3o dos Res\u00edduos S\u00f3lidos e garantir\u00e1 benef\u00edcios adicionais.<\/p>\n<p>Al\u00e9m disso, a proposta prev\u00ea a cria\u00e7\u00e3o de linhas de cr\u00e9dito para projetos de reciclagem que retribuam financeiramente os consumidores. A Uni\u00e3o dever\u00e1 priorizar o apoio t\u00e9cnico e financeiro aos munic\u00edpios com baixa cobertura de coleta.<\/p>\n<h3 class=\"ds-titulo-subsecao\">Pr\u00f3ximos passos<\/h3>\n<p>\n                        O projeto ser\u00e1 analisado, em <span id=\"4322\" class=\"termoGlossario materia__glossario\" title=\"Rito de tramita\u00e7\u00e3o pelo qual o projeto \u00e9 votado apenas pelas comiss\u00f5es designadas para analis\u00e1-lo, dispensada a delibera\u00e7\u00e3o do Plen\u00e1rio. O projeto perde o car\u00e1ter conclusivo se houver decis\u00e3o divergente entre as comiss\u00f5es ou se, independentemente de ser aprovado ou rejeitado, houver recurso assinado por 52 deputados para a aprecia\u00e7\u00e3o da mat\u00e9ria no Plen\u00e1rio.\" contenteditable=\"false\" data-toggle=\"tooltip\" data-placement=\"top\" style=\"color:#5f5f5e;border-bottom:none\">car\u00e1ter conclusivo<\/span>, pelas comiss\u00f5es de Meio Ambiente e Desenvolvimento Sustent\u00e1vel; de Finan\u00e7as e Tributa\u00e7\u00e3o; e de Constitui\u00e7\u00e3o e Justi\u00e7a e de Cidadania.<\/p>\n<p>Para virar lei, o texto ter\u00e1 de ser aprovado pela C\u00e2mara e pelo Senado.<\/p>\n<p><a href=\"https:\/\/www.camara.leg.br\/noticias\/573454-SAIBA-MAIS-SOBRE-A-TRAMITACAO-DE-PROJETOS-DE-LEI\">Saiba mais sobre a tramita\u00e7\u00e3o de projetos de lei<\/a><\/p>\n<\/p><\/div>\n<p><br \/>\n<br \/><a href=\"https:\/\/www.camara.leg.br\/noticias\/1301684-projeto-preve-descontos-em-tarifas-para-quem-fizer-coleta-seletiva\">postagem original <\/a><\/p>\n","protected":false},"excerpt":{"rendered":"<p>Lixeiras de coleta seletiva &#8211; Foto: Divulga\u00e7\u00e3o\/Pal\u00e1cio Piratini O Projeto de Lei 2895\/26 institui o Programa Nacional de Incentivo \u00e0 [&hellip;]<\/p>\n","protected":false},"author":1,"featured_media":6909,"comment_status":"open","ping_status":"open","sticky":false,"template":"","format":"standard","meta":{"site-sidebar-layout":"default","site-content-layout":"","ast-site-content-layout":"default","site-content-style":"default","site-sidebar-style":"default","ast-global-header-display":"","ast-banner-title-visibility":"","ast-main-header-display":"","ast-hfb-above-header-display":"","ast-hfb-below-header-display":"","ast-hfb-mobile-header-display":"","site-post-title":"","ast-breadcrumbs-content":"","ast-featured-img":"","footer-sml-layout":"","theme-transparent-header-meta":"","adv-header-id-meta":"","stick-header-meta":"","header-above-stick-meta":"","header-main-stick-meta":"","header-below-stick-meta":"","astra-migrate-meta-layouts":"default","ast-page-background-enabled":"default","ast-page-background-meta":{"desktop":{"background-color":"var(--ast-global-color-5)","background-image":"","background-repeat":"repeat","background-position":"center center","background-size":"auto","background-attachment":"scroll","background-type":"","background-media":"","overlay-type":"","overlay-color":"","overlay-opacity":"","overlay-gradient":""},"tablet":{"background-color":"","background-image":"","background-repeat":"repeat","background-position":"center center","background-size":"auto","background-attachment":"scroll","background-type":"","background-media":"","overlay-type":"","overlay-color":"","overlay-opacity":"","overlay-gradient":""},"mobile":{"background-color":"","background-image":"","background-repeat":"repeat","background-position":"center center","background-size":"auto","background-attachment":"scroll","background-type":"","background-media":"","overlay-type":"","overlay-color":"","overlay-opacity":"","overlay-gradient":""}},"ast-content-background-meta":{"desktop":{"background-color":"var(--ast-global-color-4)","background-image":"","background-repeat":"repeat","background-position":"center center","background-size":"auto","background-attachment":"scroll","background-type":"","background-media":"","overlay-type":"","overlay-color":"","overlay-opacity":"","overlay-gradient":""},"tablet":{"background-color":"var(--ast-global-color-4)","background-image":"","background-repeat":"repeat","background-position":"center center","background-size":"auto","background-attachment":"scroll","background-type":"","background-media":"","overlay-type":"","overlay-color":"","overlay-opacity":"","overlay-gradient":""},"mobile":{"background-color":"var(--ast-global-color-4)","background-image":"","background-repeat":"repeat","background-position":"center center","background-size":"auto","background-attachment":"scroll","background-type":"","background-media":"","overlay-type":"","overlay-color":"","overlay-opacity":"","overlay-gradient":""}},"_joinchat":[],"footnotes":""},"categories":[28],"tags":[],"_links":{"self":[{"href":"https:\/\/radiosantaclara.sitetopfm.com.br\/site\/wp-json\/wp\/v2\/posts\/11081"}],"collection":[{"href":"https:\/\/radiosantaclara.sitetopfm.com.br\/site\/wp-json\/wp\/v2\/posts"}],"about":[{"href":"https:\/\/radiosantaclara.sitetopfm.com.br\/site\/wp-json\/wp\/v2\/types\/post"}],"author":[{"embeddable":true,"href":"https:\/\/radiosantaclara.sitetopfm.com.br\/site\/wp-json\/wp\/v2\/users\/1"}],"replies":[{"embeddable":true,"href":"https:\/\/radiosantaclara.sitetopfm.com.br\/site\/wp-json\/wp\/v2\/comments?post=11081"}],"version-history":[{"count":0,"href":"https:\/\/radiosantaclara.sitetopfm.com.br\/site\/wp-json\/wp\/v2\/posts\/11081\/revisions"}],"wp:featuredmedia":[{"embeddable":true,"href":"https:\/\/radiosantaclara.sitetopfm.com.br\/site\/wp-json\/wp\/v2\/media\/6909"}],"wp:attachment":[{"href":"https:\/\/radiosantaclara.sitetopfm.com.br\/site\/wp-json\/wp\/v2\/media?parent=11081"}],"wp:term":[{"taxonomy":"category","embeddable":true,"href":"https:\/\/radiosantaclara.sitetopfm.com.br\/site\/wp-json\/wp\/v2\/categories?post=11081"},{"taxonomy":"post_tag","embeddable":true,"href":"https:\/\/radiosantaclara.sitetopfm.com.br\/site\/wp-json\/wp\/v2\/tags?post=11081"}],"curies":[{"name":"wp","href":"https:\/\/api.w.org\/{rel}","templated":true}]}}