{"id":11079,"date":"2026-09-02T16:02:18","date_gmt":"2026-09-02T19:02:18","guid":{"rendered":"https:\/\/radiosantaclara.sitetopfm.com.br\/site\/comissao-mista-aprova-fim-da-taxa-das-blusinhas-proposta-segue-para-o-plenario-da-camara\/"},"modified":"2026-09-02T16:02:18","modified_gmt":"2026-09-02T19:02:18","slug":"comissao-mista-aprova-fim-da-taxa-das-blusinhas-proposta-segue-para-o-plenario-da-camara","status":"publish","type":"post","link":"https:\/\/radiosantaclara.sitetopfm.com.br\/site\/comissao-mista-aprova-fim-da-taxa-das-blusinhas-proposta-segue-para-o-plenario-da-camara\/","title":{"rendered":"Comiss\u00e3o mista aprova fim da &#8220;taxa das blusinhas&#8221;; proposta segue para o Plen\u00e1rio da C\u00e2mara"},"content":{"rendered":"<p> <br \/>\n<\/p>\n<div id=\"\">\n<figure class=\"materia__midia\" style=\"float: none; margin: 24px 0px;\" data-midia=\"1302223\"><img decoding=\"async\" src=\"https:\/\/www.camara.leg.br\/midias\/image\/2026\/09\/img20260902104159563-768x473.jpeg\" alt=\"Aprecia\u00e7\u00e3o de relat\u00f3rio.\"\/><figcaption><span class=\"materia__legenda-imagem\">Comiss\u00e3o Mista da Medida Provis\u00f3ria 1357\/26<\/span> &#8211; <span class=\"materia__creditos-imagem\" style=\"color:#5f5f5e\">Foto: Kayo Magalh\u00e3es \/ C\u00e2mara dos Deputados<\/span><\/figcaption><\/figure>\n<p><span id=\"4084\" class=\"termoGlossario materia__glossario\" title=\"Comiss\u00e3o integrada por deputados e senadores, constitu\u00edda para tratar de mat\u00e9ria de compet\u00eancia do Congresso Nacional. Pode ter car\u00e1ter permanente ou tempor\u00e1rio.\" contenteditable=\"false\" data-toggle=\"tooltip\" data-placement=\"top\" style=\"color:#5f5f5e;border-bottom:none\">Comiss\u00e3o mista<\/span> aprovou a Medida Provis\u00f3ria (MP) 1357\/26, que isenta do Imposto de Importa\u00e7\u00e3o as compras internacionais de at\u00e9 50 d\u00f3lares, conhecida como &#8220;taxa das blusinhas&#8221;. O texto segue agora para vota\u00e7\u00e3o no Plen\u00e1rio da C\u00e2mara dos Deputados.<\/p>\n<p><a href=\"https:\/\/www.camara.leg.br\/noticias\/573452-saiba-mais-sobre-a-tramitacao-de-mps\">Conhe\u00e7a a tramita\u00e7\u00e3o de medidas provis\u00f3rias<\/a><\/p>\n<p>A proposta tamb\u00e9m zera a al\u00edquota de importa\u00e7\u00e3o para medicamentos destinados a doen\u00e7as raras e negligenciadas sem similar nacional.<\/p>\n<p>Al\u00e9m disso, o parecer cria um sistema de avalia\u00e7\u00e3o peri\u00f3dica sobre os impactos da isen\u00e7\u00e3o no setor produtivo brasileiro. Pela proposta aprovada, o governo j\u00e1 ter\u00e1 que fazer um relat\u00f3rio para avaliar os impactos da medida daqui a tr\u00eas meses. Depois disso, os relat\u00f3rios poder\u00e3o ser semestrais. O Congresso Nacional far\u00e1 uma avalia\u00e7\u00e3o anual.<\/p>\n<p>A relatora, senadora Leila Barros (PDT-DF), afirmou que a isen\u00e7\u00e3o beneficia fam\u00edlias de baixa renda, em especial as mulheres.<\/p>\n<p>\u201cN\u00e3o \u00e9 razo\u00e1vel que justamente a brasileira que n\u00e3o tem a possibilidade de viajar ao exterior para fazer suas compras seja mais penalizada quando encontra, pela internet, uma forma de acessar produtos a pre\u00e7os mais compat\u00edveis com a sua renda.\u201d<\/p>\n<p>A senadora declarou ainda que a preocupa\u00e7\u00e3o do empresariado nacional com a entrada de produtos importados ser\u00e1 atenuada com a reforma tribut\u00e1ria, que vai desonerar as cadeias produtivas da cobran\u00e7a de imposto sobre imposto.<\/p>\n<p>Por outro lado, a deputada Bia Kicis (PL-DF) defendeu o al\u00edvio tribut\u00e1rio para a ind\u00fastria local.<\/p>\n<p>\u201cEu n\u00e3o posso votar contra tirar a taxa porque eu sempre fui contra a imposi\u00e7\u00e3o dela. Mas eu tinha esperan\u00e7a de que a gente conseguisse cuidar da ind\u00fastria nacional.\u201d<\/p>\n<figure class=\"materia__midia\" style=\"float: none; margin: 24px 0px;\" data-midia=\"1302224\"><img decoding=\"async\" src=\"https:\/\/www.camara.leg.br\/midias\/image\/2026\/09\/img20260902104210720-768x474.jpeg\" alt=\"Aprecia\u00e7\u00e3o de relat\u00f3rio. Senadora, Leila Barros (PDT - DF)\"\/><figcaption><span class=\"materia__legenda-imagem\">Leila Barros: isen\u00e7\u00e3o beneficia mulheres de baixa renda<\/span> &#8211; <span class=\"materia__creditos-imagem\" style=\"color:#5f5f5e\">Foto: Kayo Magalh\u00e3es \/ C\u00e2mara dos Deputados<\/span><\/figcaption><\/figure>\n<h3 class=\"ds-titulo-subsecao\">Acompanhamento e relat\u00f3rios<\/h3>\n<p>\n                        A isen\u00e7\u00e3o para remessas de at\u00e9 50 d\u00f3lares vigora desde maio. Pelo texto aprovado, o Poder Executivo dever\u00e1 publicar um relat\u00f3rio preliminar de avalia\u00e7\u00e3o em tr\u00eas meses e, em seguida, estudos semestrais. O Congresso Nacional far\u00e1 uma an\u00e1lise anual.<\/p>\n<p>Os documentos dever\u00e3o monitorar:<\/p>\n<ul>\n<li>emprego e renda, com foco em setores com uso intensivo de m\u00e3o de obra;<\/li>\n<li>competitividade do com\u00e9rcio varejista e da ind\u00fastria nacional;<\/li>\n<li>pre\u00e7os e acesso a bens de consumo popular;<\/li>\n<li>volume, valor e origem das remessas por faixa de tributa\u00e7\u00e3o;<\/li>\n<li>concorr\u00eancia entre itens importados e nacionais; e<\/li>\n<li>arrecada\u00e7\u00e3o de tributos federais e estaduais.<\/li>\n<\/ul>\n<p>A avalia\u00e7\u00e3o dar\u00e1 \u00eanfase aos seguintes segmentos:<\/p>\n<ul>\n<li>t\u00eaxtil e vestu\u00e1rio;<\/li>\n<li>cal\u00e7ados e componentes;<\/li>\n<li>acess\u00f3rios;<\/li>\n<li>brinquedos; e<\/li>\n<li>cosm\u00e9ticos.<\/li>\n<\/ul>\n<figure class=\"materia__midia\" style=\"float: none; margin: 24px 0px;\" data-midia=\"1302228\"><img decoding=\"async\" src=\"https:\/\/www.camara.leg.br\/midias\/image\/2026\/09\/img20260902120647957-768x473.jpg\" alt=\"Aprecia\u00e7\u00e3o de relat\u00f3rio.Dep. Bia Kicis (PL-DF)\"\/><figcaption><span class=\"materia__legenda-imagem\">Bia Kicis defendeu medidas de prote\u00e7\u00e3o \u00e0 ind\u00fastria nacional<\/span> &#8211; <span class=\"materia__creditos-imagem\" style=\"color:#5f5f5e\">Foto: Kayo Magalh\u00e3es \/ C\u00e2mara dos Deputados<\/span><\/figcaption><\/figure>\n<h3 class=\"ds-titulo-subsecao\">Regras para plataformas digitais<\/h3>\n<p>\n                        Para compras internacionais entre 50 e 3 mil d\u00f3lares, o imposto \u00e9 de 60% com desconto fixo de 20 d\u00f3lares, mas o texto aprovado permite a redu\u00e7\u00e3o para 30% nesta faixa.<\/p>\n<p>As plataformas de com\u00e9rcio eletr\u00f4nico ter\u00e3o que adotar mecanismos contra fraudes fiscais, fracionamento irregular de remessas e subfaturamento de pre\u00e7os.<\/p>\n<p>Entre as obriga\u00e7\u00f5es est\u00e3o:<\/p>\n<ul>\n<li>rastreamento e checagem de dados cadastrais de vendedores estrangeiros;<\/li>\n<li>monitoramento de padr\u00f5es suspeitos;<\/li>\n<li>registro eletr\u00f4nico das opera\u00e7\u00f5es comerciais;<\/li>\n<li>coopera\u00e7\u00e3o direta com a Receita Federal;<\/li>\n<li>canais para den\u00fancia de mercadorias ilegais ou que violem direitos autorais;<\/li>\n<li>retirada de produtos piratas e banimento de infratores; e<\/li>\n<li>envio de relat\u00f3rios trimestrais ao Conselho Nacional de Combate \u00e0 Pirataria e aos Delitos contra a Propriedade Intelectual.<\/li>\n<\/ul>\n<p>As empresas que descumprirem as normas estar\u00e3o sujeitas a multas, suspens\u00e3o de atividades e at\u00e9 proibi\u00e7\u00e3o definitiva de operar no pa\u00eds.<\/p>\n<p>O texto tamb\u00e9m determina que a cota\u00e7\u00e3o da moeda estrangeira ser\u00e1 calculada com base na data da compra e autoriza o Poder Executivo a criar limites de quantidade para remessas de at\u00e9 3 mil d\u00f3lares.<\/p>\n<p><a href=\"https:\/\/www.camara.leg.br\/noticias\/ultimas\/tags?tag=taxa%20das%20blusinhas\">Mais not\u00edcias sobre a &#8220;taxa das blusinhas&#8221;<\/a><\/p>\n<\/p><\/div>\n<p><br \/>\n<br \/><a href=\"https:\/\/www.camara.leg.br\/noticias\/1302214-comissao-mista-aprova-fim-da-taxa-das-blusinhas-proposta-segue-para-o-plenario-da-camara\">postagem original <\/a><\/p>\n","protected":false},"excerpt":{"rendered":"<p>Comiss\u00e3o Mista da Medida Provis\u00f3ria 1357\/26 &#8211; Foto: Kayo Magalh\u00e3es \/ C\u00e2mara dos Deputados Comiss\u00e3o mista aprovou a Medida Provis\u00f3ria [&hellip;]<\/p>\n","protected":false},"author":1,"featured_media":6909,"comment_status":"open","ping_status":"open","sticky":false,"template":"","format":"standard","meta":{"site-sidebar-layout":"default","site-content-layout":"","ast-site-content-layout":"default","site-content-style":"default","site-sidebar-style":"default","ast-global-header-display":"","ast-banner-title-visibility":"","ast-main-header-display":"","ast-hfb-above-header-display":"","ast-hfb-below-header-display":"","ast-hfb-mobile-header-display":"","site-post-title":"","ast-breadcrumbs-content":"","ast-featured-img":"","footer-sml-layout":"","theme-transparent-header-meta":"","adv-header-id-meta":"","stick-header-meta":"","header-above-stick-meta":"","header-main-stick-meta":"","header-below-stick-meta":"","astra-migrate-meta-layouts":"default","ast-page-background-enabled":"default","ast-page-background-meta":{"desktop":{"background-color":"var(--ast-global-color-5)","background-image":"","background-repeat":"repeat","background-position":"center center","background-size":"auto","background-attachment":"scroll","background-type":"","background-media":"","overlay-type":"","overlay-color":"","overlay-opacity":"","overlay-gradient":""},"tablet":{"background-color":"","background-image":"","background-repeat":"repeat","background-position":"center center","background-size":"auto","background-attachment":"scroll","background-type":"","background-media":"","overlay-type":"","overlay-color":"","overlay-opacity":"","overlay-gradient":""},"mobile":{"background-color":"","background-image":"","background-repeat":"repeat","background-position":"center center","background-size":"auto","background-attachment":"scroll","background-type":"","background-media":"","overlay-type":"","overlay-color":"","overlay-opacity":"","overlay-gradient":""}},"ast-content-background-meta":{"desktop":{"background-color":"var(--ast-global-color-4)","background-image":"","background-repeat":"repeat","background-position":"center center","background-size":"auto","background-attachment":"scroll","background-type":"","background-media":"","overlay-type":"","overlay-color":"","overlay-opacity":"","overlay-gradient":""},"tablet":{"background-color":"var(--ast-global-color-4)","background-image":"","background-repeat":"repeat","background-position":"center center","background-size":"auto","background-attachment":"scroll","background-type":"","background-media":"","overlay-type":"","overlay-color":"","overlay-opacity":"","overlay-gradient":""},"mobile":{"background-color":"var(--ast-global-color-4)","background-image":"","background-repeat":"repeat","background-position":"center center","background-size":"auto","background-attachment":"scroll","background-type":"","background-media":"","overlay-type":"","overlay-color":"","overlay-opacity":"","overlay-gradient":""}},"_joinchat":[],"footnotes":""},"categories":[34],"tags":[],"_links":{"self":[{"href":"https:\/\/radiosantaclara.sitetopfm.com.br\/site\/wp-json\/wp\/v2\/posts\/11079"}],"collection":[{"href":"https:\/\/radiosantaclara.sitetopfm.com.br\/site\/wp-json\/wp\/v2\/posts"}],"about":[{"href":"https:\/\/radiosantaclara.sitetopfm.com.br\/site\/wp-json\/wp\/v2\/types\/post"}],"author":[{"embeddable":true,"href":"https:\/\/radiosantaclara.sitetopfm.com.br\/site\/wp-json\/wp\/v2\/users\/1"}],"replies":[{"embeddable":true,"href":"https:\/\/radiosantaclara.sitetopfm.com.br\/site\/wp-json\/wp\/v2\/comments?post=11079"}],"version-history":[{"count":0,"href":"https:\/\/radiosantaclara.sitetopfm.com.br\/site\/wp-json\/wp\/v2\/posts\/11079\/revisions"}],"wp:featuredmedia":[{"embeddable":true,"href":"https:\/\/radiosantaclara.sitetopfm.com.br\/site\/wp-json\/wp\/v2\/media\/6909"}],"wp:attachment":[{"href":"https:\/\/radiosantaclara.sitetopfm.com.br\/site\/wp-json\/wp\/v2\/media?parent=11079"}],"wp:term":[{"taxonomy":"category","embeddable":true,"href":"https:\/\/radiosantaclara.sitetopfm.com.br\/site\/wp-json\/wp\/v2\/categories?post=11079"},{"taxonomy":"post_tag","embeddable":true,"href":"https:\/\/radiosantaclara.sitetopfm.com.br\/site\/wp-json\/wp\/v2\/tags?post=11079"}],"curies":[{"name":"wp","href":"https:\/\/api.w.org\/{rel}","templated":true}]}}