{"id":11078,"date":"2026-09-02T16:00:26","date_gmt":"2026-09-02T19:00:26","guid":{"rendered":"https:\/\/radiosantaclara.sitetopfm.com.br\/site\/multas-ambientais-aplicadas-a-produtores-em-minas-gerais-poderao-ser-reavaliadas-diz-icmbio\/"},"modified":"2026-09-02T16:00:26","modified_gmt":"2026-09-02T19:00:26","slug":"multas-ambientais-aplicadas-a-produtores-em-minas-gerais-poderao-ser-reavaliadas-diz-icmbio","status":"publish","type":"post","link":"https:\/\/radiosantaclara.sitetopfm.com.br\/site\/multas-ambientais-aplicadas-a-produtores-em-minas-gerais-poderao-ser-reavaliadas-diz-icmbio\/","title":{"rendered":"Multas ambientais aplicadas a produtores em Minas Gerais poder\u00e3o ser reavaliadas, diz ICMBio"},"content":{"rendered":"<p> <br \/>\n<\/p>\n<div id=\"\">\n<figure class=\"materia__midia\" style=\"float: none; margin: 24px 0px;\" data-midia=\"1302201\"><img decoding=\"async\" src=\"https:\/\/www.camara.leg.br\/midias\/image\/2026\/09\/img20260901170517895-768x473.jpg\" alt=\"Participantes da audi\u00eancia discutem aplica\u00e7\u00e3o de multas ambientais a produtores e munic\u00edpios em Minas Gerais\"\/><figcaption><span class=\"materia__legenda-imagem\">Participantes da audi\u00eancia discutem aplica\u00e7\u00e3o de multas ambientais a produtores e munic\u00edpios<\/span> &#8211; <span class=\"materia__creditos-imagem\" style=\"color:#5f5f5e\">Foto: Kayo Magalh\u00e3es \/ C\u00e2mara dos Deputados<\/span><\/figcaption><\/figure>\n<p>O Instituto Chico Mendes de Conserva\u00e7\u00e3o da Biodiversidade (ICMBio) poder\u00e1 reanalisar multas ambientais questionadas por produtores rurais de Minas Gerais. A possibilidade foi apresentada nesta ter\u00e7a-feira (1\u00ba) durante audi\u00eancia p\u00fablica na C\u00e2mara dos Deputados sobre as autua\u00e7\u00f5es aplicadas pelo \u00f3rg\u00e3o na regi\u00e3o.<\/p>\n<p>A diretora de Cria\u00e7\u00e3o e Manejo de Unidades de Conserva\u00e7\u00e3o do ICMBio, Iara Vasco, afirmou que os produtores que se sintam prejudicados pela atua\u00e7\u00e3o de agentes de fiscaliza\u00e7\u00e3o podem encaminhar os autos de infra\u00e7\u00e3o ao \u00f3rg\u00e3o. Caso seja constatada a responsabilidade do instituto, as autua\u00e7\u00f5es poder\u00e3o ser reavaliadas. \u201cSe, de fato, \u00e9 do ICMBio, a gente faz uma rean\u00e1lise\u201d, afirmou Iara.<\/p>\n<p>O debate foi promovido pelas comiss\u00f5es de Integra\u00e7\u00e3o Nacional, Desenvolvimento Regional; da Amaz\u00f4nia e dos Povos Origin\u00e1rios e Tradicionais; e de Finan\u00e7as e Tributa\u00e7\u00e3o.<\/p>\n<h3 class=\"ds-titulo-subsecao\">\u00c1reas de amortecimento<\/h3>\n<p>\n                        Durante a audi\u00eancia, produtores rurais e prefeitos do Norte de Minas Gerais relataram problemas relacionados a multas e \u00e0s restri\u00e7\u00f5es impostas em \u00e1reas de amortecimento de unidades de conserva\u00e7\u00e3o.<\/p>\n<p>O advogado T\u00e9cio Marcato, representante dos produtores rurais, relatou o caso de uma propriedade que foi multada em 2017, mesmo tendo recebido licen\u00e7as do Instituto Estadual de Florestas de Minas Gerais (IEF) e do Instituto Brasileiro do Meio Ambiente e dos Recursos Naturais Renov\u00e1veis (Ibama) para desmatamento de 229 hectares em 1993 e 1994.<\/p>\n<p>Segundo ele, a primeira multa foi de R$ 13,9 milh\u00f5es e a segunda foi aplicada sob a alega\u00e7\u00e3o de que o produtor estaria impedindo a regenera\u00e7\u00e3o da \u00e1rea. \u201cEsse \u00e9 um tipo claro de absurdo de uma multa que, hoje, est\u00e1 em R$ 48 milh\u00f5es, que significa R$ 200 mil por hectare, supostamente desmatado, que tinha licen\u00e7a dos \u00f3rg\u00e3os do Ibama e do pr\u00f3prio IEF\u201d, reclamou.<\/p>\n<h3 class=\"ds-titulo-subsecao\">Descumprimento ou excesso<\/h3>\n<p>\n                        O deputado Paulo Guedes (PT-MG), autor dos requerimentos para a realiza\u00e7\u00e3o da audi\u00eancia, afirmou que o objetivo do debate \u00e9 verificar se as reclama\u00e7\u00f5es dos produtores indicam descumprimento da legisla\u00e7\u00e3o ou excesso na fiscaliza\u00e7\u00e3o.<\/p>\n<p>\u201cA discuss\u00e3o \u00e9 para equacionar esses problemas e saber se as reclama\u00e7\u00f5es colocadas por todos voc\u00eas est\u00e3o ferindo a legisla\u00e7\u00e3o ou se h\u00e1 um excesso, que \u00e9 o que todo mundo diz, na aplica\u00e7\u00e3o de multas\u201d, pontuou o deputado.<\/p>\n<h3 class=\"ds-titulo-subsecao\">Atua\u00e7\u00f5es em parque nacional<\/h3>\n<p>\n                        O presidente do ICMBio, Mauro Pires Oliveira, por sua vez, afirmou que foram registradas 51 autua\u00e7\u00f5es desde 2009 dentro do Parque Nacional Cavernas do Perua\u00e7u e em sua \u00e1rea de amortecimento.<\/p>\n<p>Ele sustentou que n\u00e3o h\u00e1 uma tend\u00eancia de aumento cont\u00ednuo das multas e refor\u00e7ou que o \u00f3rg\u00e3o n\u00e3o tem interesse arrecadat\u00f3rio.<\/p>\n<p>\u201cO nosso objetivo, quero deixar muito claro, n\u00e3o \u00e9 a arrecada\u00e7\u00e3o. Quando esse dinheiro da multa vai para dentro dos cofres do governo, ele fica dentro da conta \u00fanica do Tesouro, esse dinheiro n\u00e3o vai para o ICMBio\u201d, afirmou.<\/p>\n<p>Mauro Pires tamb\u00e9m destacou o impacto econ\u00f4mico das unidades de conserva\u00e7\u00e3o. Conforme ele, 157 unidades federais monitoradas e visitadas geraram mais de R$ 40 bilh\u00f5es e cerca de 332 mil empregos em 2025.<\/p>\n<\/p><\/div>\n<p><br \/>\n<br \/><a href=\"https:\/\/www.camara.leg.br\/noticias\/1302164-multas-ambientais-aplicadas-a-produtores-em-minas-gerais-poderao-ser-reavaliadas-diz-icmbio\">postagem original <\/a><\/p>\n","protected":false},"excerpt":{"rendered":"<p>Participantes da audi\u00eancia discutem aplica\u00e7\u00e3o de multas ambientais a produtores e munic\u00edpios &#8211; Foto: Kayo Magalh\u00e3es \/ C\u00e2mara dos Deputados [&hellip;]<\/p>\n","protected":false},"author":1,"featured_media":6909,"comment_status":"open","ping_status":"open","sticky":false,"template":"","format":"standard","meta":{"site-sidebar-layout":"default","site-content-layout":"","ast-site-content-layout":"default","site-content-style":"default","site-sidebar-style":"default","ast-global-header-display":"","ast-banner-title-visibility":"","ast-main-header-display":"","ast-hfb-above-header-display":"","ast-hfb-below-header-display":"","ast-hfb-mobile-header-display":"","site-post-title":"","ast-breadcrumbs-content":"","ast-featured-img":"","footer-sml-layout":"","theme-transparent-header-meta":"","adv-header-id-meta":"","stick-header-meta":"","header-above-stick-meta":"","header-main-stick-meta":"","header-below-stick-meta":"","astra-migrate-meta-layouts":"default","ast-page-background-enabled":"default","ast-page-background-meta":{"desktop":{"background-color":"var(--ast-global-color-5)","background-image":"","background-repeat":"repeat","background-position":"center center","background-size":"auto","background-attachment":"scroll","background-type":"","background-media":"","overlay-type":"","overlay-color":"","overlay-opacity":"","overlay-gradient":""},"tablet":{"background-color":"","background-image":"","background-repeat":"repeat","background-position":"center center","background-size":"auto","background-attachment":"scroll","background-type":"","background-media":"","overlay-type":"","overlay-color":"","overlay-opacity":"","overlay-gradient":""},"mobile":{"background-color":"","background-image":"","background-repeat":"repeat","background-position":"center center","background-size":"auto","background-attachment":"scroll","background-type":"","background-media":"","overlay-type":"","overlay-color":"","overlay-opacity":"","overlay-gradient":""}},"ast-content-background-meta":{"desktop":{"background-color":"var(--ast-global-color-4)","background-image":"","background-repeat":"repeat","background-position":"center center","background-size":"auto","background-attachment":"scroll","background-type":"","background-media":"","overlay-type":"","overlay-color":"","overlay-opacity":"","overlay-gradient":""},"tablet":{"background-color":"var(--ast-global-color-4)","background-image":"","background-repeat":"repeat","background-position":"center center","background-size":"auto","background-attachment":"scroll","background-type":"","background-media":"","overlay-type":"","overlay-color":"","overlay-opacity":"","overlay-gradient":""},"mobile":{"background-color":"var(--ast-global-color-4)","background-image":"","background-repeat":"repeat","background-position":"center center","background-size":"auto","background-attachment":"scroll","background-type":"","background-media":"","overlay-type":"","overlay-color":"","overlay-opacity":"","overlay-gradient":""}},"_joinchat":[],"footnotes":""},"categories":[28],"tags":[],"_links":{"self":[{"href":"https:\/\/radiosantaclara.sitetopfm.com.br\/site\/wp-json\/wp\/v2\/posts\/11078"}],"collection":[{"href":"https:\/\/radiosantaclara.sitetopfm.com.br\/site\/wp-json\/wp\/v2\/posts"}],"about":[{"href":"https:\/\/radiosantaclara.sitetopfm.com.br\/site\/wp-json\/wp\/v2\/types\/post"}],"author":[{"embeddable":true,"href":"https:\/\/radiosantaclara.sitetopfm.com.br\/site\/wp-json\/wp\/v2\/users\/1"}],"replies":[{"embeddable":true,"href":"https:\/\/radiosantaclara.sitetopfm.com.br\/site\/wp-json\/wp\/v2\/comments?post=11078"}],"version-history":[{"count":0,"href":"https:\/\/radiosantaclara.sitetopfm.com.br\/site\/wp-json\/wp\/v2\/posts\/11078\/revisions"}],"wp:featuredmedia":[{"embeddable":true,"href":"https:\/\/radiosantaclara.sitetopfm.com.br\/site\/wp-json\/wp\/v2\/media\/6909"}],"wp:attachment":[{"href":"https:\/\/radiosantaclara.sitetopfm.com.br\/site\/wp-json\/wp\/v2\/media?parent=11078"}],"wp:term":[{"taxonomy":"category","embeddable":true,"href":"https:\/\/radiosantaclara.sitetopfm.com.br\/site\/wp-json\/wp\/v2\/categories?post=11078"},{"taxonomy":"post_tag","embeddable":true,"href":"https:\/\/radiosantaclara.sitetopfm.com.br\/site\/wp-json\/wp\/v2\/tags?post=11078"}],"curies":[{"name":"wp","href":"https:\/\/api.w.org\/{rel}","templated":true}]}}