{"id":11077,"date":"2026-09-02T14:17:24","date_gmt":"2026-09-02T17:17:24","guid":{"rendered":"https:\/\/radiosantaclara.sitetopfm.com.br\/site\/comissao-especial-aprova-33-requerimentos-para-audiencias-sobre-reducao-da-maioridade-penal-assista\/"},"modified":"2026-09-02T14:17:24","modified_gmt":"2026-09-02T17:17:24","slug":"comissao-especial-aprova-33-requerimentos-para-audiencias-sobre-reducao-da-maioridade-penal-assista","status":"publish","type":"post","link":"https:\/\/radiosantaclara.sitetopfm.com.br\/site\/comissao-especial-aprova-33-requerimentos-para-audiencias-sobre-reducao-da-maioridade-penal-assista\/","title":{"rendered":"Comiss\u00e3o especial aprova 33 requerimentos para audi\u00eancias sobre redu\u00e7\u00e3o da maioridade penal; assista"},"content":{"rendered":"<p> <br \/>\n<\/p>\n<div id=\"\">\n<div id=\"video-container-1302168\" class=\"embed-responsive embed-responsive-16by9\" style=\"margin-bottom: 18px;\" data-youtube-id=\"-9k1WNbuon4\">\n<p><div class=\"ast-oembed-container \" style=\"height: 100%;\"><iframe title=\"Comiss\u00e3o Especial aprova requerimentos para audi\u00eancias sobre redu\u00e7\u00e3o da maioridade penal - 01\/09\/26\" width=\"500\" height=\"281\" src=\"https:\/\/www.youtube.com\/embed\/-9k1WNbuon4?feature=oembed\" frameborder=\"0\" allow=\"accelerometer; autoplay; clipboard-write; encrypted-media; gyroscope; picture-in-picture; web-share\" referrerpolicy=\"strict-origin-when-cross-origin\" allowfullscreen><\/iframe><\/div>\n<\/p><\/div>\n<p>\u00a0<\/p>\n<p>A <span id=\"4412\" class=\"termoGlossario materia__glossario\" title=\"Comiss\u00e3o tempor\u00e1ria criada para analisar e votar proposta de emenda \u00e0 Constitui\u00e7\u00e3o (PEC), projeto de c\u00f3digo e propostas que envolvam mat\u00e9ria de compet\u00eancia de mais de quatro comiss\u00f5es de m\u00e9rito.\" contenteditable=\"false\" data-toggle=\"tooltip\" data-placement=\"top\" style=\"color:#5f5f5e;border-bottom:none\">comiss\u00e3o especial<\/span> da C\u00e2mara dos Deputados que analisa propostas de emenda \u00e0 Constitui\u00e7\u00e3o para reduzir a maioridade penal (PEC 32\/15 e outras) aprovou na ter\u00e7a-feira (1\u00ba) 33 requerimentos para realiza\u00e7\u00e3o de audi\u00eancias p\u00fablicas para discutir o tema.<\/p>\n<p>Durante a reuni\u00e3o de ontem, parlamentares se manifestaram sobre o assunto.<\/p>\n<p>Favor\u00e1vel \u00e0 mudan\u00e7a na legisla\u00e7\u00e3o, o deputado Guilherme Derrite (PP-SP) lembrou que a redu\u00e7\u00e3o da maioridade \u2013 de 18 para 16 anos \u2013 foi retirada da chamada PEC da Seguran\u00e7a P\u00fablica, <a href=\"https:\/\/www.camara.leg.br\/noticias\/1250434-camara-aprova-pec-da-seguranca-publica-em-2o-turno\">aprovada em mar\u00e7o pela C\u00e2mara<\/a> e que est\u00e1 em an\u00e1lise no Senado.<\/p>\n<p>\u201cN\u00f3s temos um pa\u00eds em que um indiv\u00edduo de 16, 17 anos pode decidir o futuro da na\u00e7\u00e3o por meio do voto, mas n\u00e3o pode ser responsabilizado pelos seus atos. \u00c9 uma invers\u00e3o de valores que precisa acabar\u201d, disse.<\/p>\n<p>J\u00e1 a deputada Tal\u00edria Petrone (Psol-RJ) se posicionou criticamente em rela\u00e7\u00e3o \u00e0s propostas de redu\u00e7\u00e3o da maioridade penal.<\/p>\n<p>\u201cDiminuir a maioridade penal n\u00e3o vai resolver o grave problema de seguran\u00e7a p\u00fablica que temos no nosso pa\u00eds\u201d, apontou.<\/p>\n<p>Defensor da redu\u00e7\u00e3o da maioridade penal, o deputado Alberto Fraga (PL-DF) sugeriu que sejam feitas avalia\u00e7\u00f5es t\u00e9cnicas para aferir a capacidade de distin\u00e7\u00e3o do adolescente infrator.<\/p>\n<p>\u201cA gente coloca uma junta de especialistas (psic\u00f3logo, pedagogo, promotor da inf\u00e2ncia) para fazer essa avalia\u00e7\u00e3o. Se o jovem tinha o discernimento, tem de pagar pelo crime\u201d, declarou.<\/p>\n<p>Por outro lado, o deputado Tarc\u00edsio Motta (Psol-RJ) prop\u00f4s que o foco da legisla\u00e7\u00e3o seja preventivo e afirmou que o endurecimento das leis n\u00e3o garante, necessariamente, melhorias na seguran\u00e7a p\u00fablica.<\/p>\n<p>\u201cO rem\u00e9dio que est\u00e1 sendo adotado n\u00e3o est\u00e1 dando resultado, e a gente continua aumentando as penas mesmo sem reduzir o problema da viol\u00eancia\u201d, comentou.<\/p>\n<h3 class=\"ds-titulo-subsecao\">Referendo<\/h3>\n<p>\n                        O relator, deputado Mendon\u00e7a Filho (PL-PE), destacou a necessidade de o Brasil acompanhar a evolu\u00e7\u00e3o legislativa de pa\u00edses democr\u00e1ticos e abriu a possibilidade de submeter o assunto a um referendo.<\/p>\n<p>\u201cEsse \u00e9 um tema que h\u00e1 quem diga at\u00e9 que exige um debate sobre constitucionalidade. Por que n\u00e3o levar um referendo popular junto com as elei\u00e7\u00f5es municipais de 2028?\u201d, sugeriu.<\/p>\n<h3 class=\"ds-titulo-subsecao\">Cronograma<\/h3>\n<p>\n                        Presidente da comiss\u00e3o especial, o deputado Aluisio Mendes (Republicanos-MA) informou que espera concluir os trabalhos em 2026.<\/p>\n<p>\u201cA sociedade est\u00e1 clamando por uma solu\u00e7\u00e3o, e n\u00f3s vamos dar uma resposta com certeza ainda neste ano.\u201d<\/p>\n<p><a href=\"https:\/\/www.camara.leg.br\/noticias\/573448-saiba-mais-sobre-a-tramitacao-de-pecs\">Saiba mais sobre a tramita\u00e7\u00e3o de propostas de emenda \u00e0 Constitui\u00e7\u00e3o<\/a><\/p>\n<\/p><\/div>\n<p><br \/>\n<br \/><a href=\"https:\/\/www.camara.leg.br\/noticias\/1302176-comissao-especial-aprova-33-requerimentos-para-audiencias-sobre-reducao-da-maioridade-penal-assista\">postagem original <\/a><\/p>\n","protected":false},"excerpt":{"rendered":"<p>\u00a0 A comiss\u00e3o especial da C\u00e2mara dos Deputados que analisa propostas de emenda \u00e0 Constitui\u00e7\u00e3o para reduzir a maioridade penal [&hellip;]<\/p>\n","protected":false},"author":1,"featured_media":6909,"comment_status":"open","ping_status":"open","sticky":false,"template":"","format":"standard","meta":{"site-sidebar-layout":"default","site-content-layout":"","ast-site-content-layout":"default","site-content-style":"default","site-sidebar-style":"default","ast-global-header-display":"","ast-banner-title-visibility":"","ast-main-header-display":"","ast-hfb-above-header-display":"","ast-hfb-below-header-display":"","ast-hfb-mobile-header-display":"","site-post-title":"","ast-breadcrumbs-content":"","ast-featured-img":"","footer-sml-layout":"","theme-transparent-header-meta":"","adv-header-id-meta":"","stick-header-meta":"","header-above-stick-meta":"","header-main-stick-meta":"","header-below-stick-meta":"","astra-migrate-meta-layouts":"default","ast-page-background-enabled":"default","ast-page-background-meta":{"desktop":{"background-color":"var(--ast-global-color-5)","background-image":"","background-repeat":"repeat","background-position":"center center","background-size":"auto","background-attachment":"scroll","background-type":"","background-media":"","overlay-type":"","overlay-color":"","overlay-opacity":"","overlay-gradient":""},"tablet":{"background-color":"","background-image":"","background-repeat":"repeat","background-position":"center center","background-size":"auto","background-attachment":"scroll","background-type":"","background-media":"","overlay-type":"","overlay-color":"","overlay-opacity":"","overlay-gradient":""},"mobile":{"background-color":"","background-image":"","background-repeat":"repeat","background-position":"center center","background-size":"auto","background-attachment":"scroll","background-type":"","background-media":"","overlay-type":"","overlay-color":"","overlay-opacity":"","overlay-gradient":""}},"ast-content-background-meta":{"desktop":{"background-color":"var(--ast-global-color-4)","background-image":"","background-repeat":"repeat","background-position":"center center","background-size":"auto","background-attachment":"scroll","background-type":"","background-media":"","overlay-type":"","overlay-color":"","overlay-opacity":"","overlay-gradient":""},"tablet":{"background-color":"var(--ast-global-color-4)","background-image":"","background-repeat":"repeat","background-position":"center center","background-size":"auto","background-attachment":"scroll","background-type":"","background-media":"","overlay-type":"","overlay-color":"","overlay-opacity":"","overlay-gradient":""},"mobile":{"background-color":"var(--ast-global-color-4)","background-image":"","background-repeat":"repeat","background-position":"center center","background-size":"auto","background-attachment":"scroll","background-type":"","background-media":"","overlay-type":"","overlay-color":"","overlay-opacity":"","overlay-gradient":""}},"_joinchat":[],"footnotes":""},"categories":[31],"tags":[],"_links":{"self":[{"href":"https:\/\/radiosantaclara.sitetopfm.com.br\/site\/wp-json\/wp\/v2\/posts\/11077"}],"collection":[{"href":"https:\/\/radiosantaclara.sitetopfm.com.br\/site\/wp-json\/wp\/v2\/posts"}],"about":[{"href":"https:\/\/radiosantaclara.sitetopfm.com.br\/site\/wp-json\/wp\/v2\/types\/post"}],"author":[{"embeddable":true,"href":"https:\/\/radiosantaclara.sitetopfm.com.br\/site\/wp-json\/wp\/v2\/users\/1"}],"replies":[{"embeddable":true,"href":"https:\/\/radiosantaclara.sitetopfm.com.br\/site\/wp-json\/wp\/v2\/comments?post=11077"}],"version-history":[{"count":0,"href":"https:\/\/radiosantaclara.sitetopfm.com.br\/site\/wp-json\/wp\/v2\/posts\/11077\/revisions"}],"wp:featuredmedia":[{"embeddable":true,"href":"https:\/\/radiosantaclara.sitetopfm.com.br\/site\/wp-json\/wp\/v2\/media\/6909"}],"wp:attachment":[{"href":"https:\/\/radiosantaclara.sitetopfm.com.br\/site\/wp-json\/wp\/v2\/media?parent=11077"}],"wp:term":[{"taxonomy":"category","embeddable":true,"href":"https:\/\/radiosantaclara.sitetopfm.com.br\/site\/wp-json\/wp\/v2\/categories?post=11077"},{"taxonomy":"post_tag","embeddable":true,"href":"https:\/\/radiosantaclara.sitetopfm.com.br\/site\/wp-json\/wp\/v2\/tags?post=11077"}],"curies":[{"name":"wp","href":"https:\/\/api.w.org\/{rel}","templated":true}]}}