{"id":11076,"date":"2026-09-02T11:46:24","date_gmt":"2026-09-02T14:46:24","guid":{"rendered":"https:\/\/radiosantaclara.sitetopfm.com.br\/site\/projeto-proibe-bloqueio-de-gastos-de-agencias-reguladoras-federais\/"},"modified":"2026-09-02T11:46:24","modified_gmt":"2026-09-02T14:46:24","slug":"projeto-proibe-bloqueio-de-gastos-de-agencias-reguladoras-federais","status":"publish","type":"post","link":"https:\/\/radiosantaclara.sitetopfm.com.br\/site\/projeto-proibe-bloqueio-de-gastos-de-agencias-reguladoras-federais\/","title":{"rendered":"Projeto pro\u00edbe bloqueio de gastos de ag\u00eancias reguladoras federais"},"content":{"rendered":"<p> <br \/>\n<\/p>\n<div id=\"\">\n<figure class=\"materia__midia\" style=\"float: none; margin: 24px 0px;\" data-midia=\"1114375\"><img decoding=\"async\" src=\"https:\/\/www.camara.leg.br\/midias\/image\/2024\/11\/20130507103751-anatel-768x510.jpg\" alt=\"Bras\u00edlia - pr\u00e9dios p\u00fablicos - Anatel\"\/><figcaption><span class=\"materia__legenda-imagem\">Objetivo \u00e9 proteger ag\u00eancias reguladoras de corte<\/span> &#8211; <span class=\"materia__creditos-imagem\" style=\"color:#5f5f5e\">Foto: Sinclair Maia\/Anatel<\/span><\/figcaption><\/figure>\n<p>O Projeto de Lei Complementar 73\/25, do Senado Federal, pro\u00edbe o governo federal de bloquear gastos de ag\u00eancias reguladoras federais que fiscalizam setores estrat\u00e9gicos da economia. O objetivo \u00e9 proteg\u00ea-las de cortes or\u00e7ament\u00e1rios que prejudiquem o desempenho de suas fun\u00e7\u00f5es.<\/p>\n<p>O projeto insere os gastos com as ag\u00eancias reguladoras federais \u2013 de energia el\u00e9trica, petr\u00f3leo, vigil\u00e2ncia sanit\u00e1ria, telecomunica\u00e7\u00f5es, \u00e1guas, transportes terrestres e aquavi\u00e1rios, avia\u00e7\u00e3o civil, cinema, minera\u00e7\u00e3o, sa\u00fade suplementar e prote\u00e7\u00e3o de dados \u2013 no rol de despesas livres de contingenciamento da <a href=\"https:\/\/www2.camara.leg.br\/legin\/fed\/leicom\/2000\/leicomplementar-101-4-maio-2000-351480-norma-pl.html\">Lei de Responsabilidade Fiscal<\/a>.<\/p>\n<p>Ao apresentar a proposta, o senador La\u00e9rcio Oliveira (PP-SE) justificou que a limita\u00e7\u00e3o de empenho e movimenta\u00e7\u00e3o financeira, embora seja uma ferramenta indispens\u00e1vel para controle fiscal, pode afetar gravemente as capacidades operacionais das ag\u00eancias reguladoras.<\/p>\n<p>&#8220;A redu\u00e7\u00e3o de recursos direcionados \u00e0s atividades-fim pode comprometer a fiscaliza\u00e7\u00e3o, retardar processos de licenciamento e regulamenta\u00e7\u00e3o e, consequentemente, impactar negativamente a presta\u00e7\u00e3o de servi\u00e7os \u00e0 sociedade e a execu\u00e7\u00e3o de pol\u00edticas p\u00fablicas estrat\u00e9gicas.&#8221;<\/p>\n<h3 class=\"ds-titulo-subsecao\">Pr\u00f3ximos passos<\/h3>\n<p>\n                        Por tramitar em <span id=\"4227\" class=\"termoGlossario materia__glossario\" title=\"Regime de tramita\u00e7\u00e3o que dispensa exig\u00eancias, interst\u00edcios e formalidades regimentais (salvo a publica\u00e7\u00e3o, o qu\u00f3rum e os pareceres) para que uma proposi\u00e7\u00e3o seja apreciada pela C\u00e2mara de forma mais c\u00e9lere. Pode-se dizer que as proposi\u00e7\u00f5es s\u00e3o urgentes em raz\u00e3o da natureza da mat\u00e9ria; em raz\u00e3o de serem de iniciativa do Poder Executivo, com solicita\u00e7\u00e3o de urg\u00eancia do presidente da Rep\u00fablica; ou em virtude de terem sido reconhecidas, por delibera\u00e7\u00e3o do Plen\u00e1rio, com esse car\u00e1ter. Alguns projetos j\u00e1 tramitam automaticamente em regime de urg\u00eancia, como os que tratam de acordos internacionais.\" contenteditable=\"false\" data-toggle=\"tooltip\" data-placement=\"top\" style=\"color:#5f5f5e;border-bottom:none\">regime de urg\u00eancia<\/span>, a proposta pode ser diretamente votada pelo Plen\u00e1rio da C\u00e2mara.<\/p>\n<p><a href=\"https:\/\/www.camara.leg.br\/noticias\/606442-conheca-a-tramitacao-de-projetos-de-lei-complementar\">Saiba mais sobre a tramita\u00e7\u00e3o de projetos de lei complementar<\/a><\/p>\n<\/p><\/div>\n<p><br \/>\n<br \/><a href=\"https:\/\/www.camara.leg.br\/noticias\/1302089-projeto-proibe-bloqueio-de-gastos-de-agencias-reguladoras-federais\">postagem original <\/a><\/p>\n","protected":false},"excerpt":{"rendered":"<p>Objetivo \u00e9 proteger ag\u00eancias reguladoras de corte &#8211; Foto: Sinclair Maia\/Anatel O Projeto de Lei Complementar 73\/25, do Senado Federal, [&hellip;]<\/p>\n","protected":false},"author":1,"featured_media":6909,"comment_status":"open","ping_status":"open","sticky":false,"template":"","format":"standard","meta":{"site-sidebar-layout":"default","site-content-layout":"","ast-site-content-layout":"default","site-content-style":"default","site-sidebar-style":"default","ast-global-header-display":"","ast-banner-title-visibility":"","ast-main-header-display":"","ast-hfb-above-header-display":"","ast-hfb-below-header-display":"","ast-hfb-mobile-header-display":"","site-post-title":"","ast-breadcrumbs-content":"","ast-featured-img":"","footer-sml-layout":"","theme-transparent-header-meta":"","adv-header-id-meta":"","stick-header-meta":"","header-above-stick-meta":"","header-main-stick-meta":"","header-below-stick-meta":"","astra-migrate-meta-layouts":"default","ast-page-background-enabled":"default","ast-page-background-meta":{"desktop":{"background-color":"var(--ast-global-color-5)","background-image":"","background-repeat":"repeat","background-position":"center center","background-size":"auto","background-attachment":"scroll","background-type":"","background-media":"","overlay-type":"","overlay-color":"","overlay-opacity":"","overlay-gradient":""},"tablet":{"background-color":"","background-image":"","background-repeat":"repeat","background-position":"center center","background-size":"auto","background-attachment":"scroll","background-type":"","background-media":"","overlay-type":"","overlay-color":"","overlay-opacity":"","overlay-gradient":""},"mobile":{"background-color":"","background-image":"","background-repeat":"repeat","background-position":"center center","background-size":"auto","background-attachment":"scroll","background-type":"","background-media":"","overlay-type":"","overlay-color":"","overlay-opacity":"","overlay-gradient":""}},"ast-content-background-meta":{"desktop":{"background-color":"var(--ast-global-color-4)","background-image":"","background-repeat":"repeat","background-position":"center center","background-size":"auto","background-attachment":"scroll","background-type":"","background-media":"","overlay-type":"","overlay-color":"","overlay-opacity":"","overlay-gradient":""},"tablet":{"background-color":"var(--ast-global-color-4)","background-image":"","background-repeat":"repeat","background-position":"center center","background-size":"auto","background-attachment":"scroll","background-type":"","background-media":"","overlay-type":"","overlay-color":"","overlay-opacity":"","overlay-gradient":""},"mobile":{"background-color":"var(--ast-global-color-4)","background-image":"","background-repeat":"repeat","background-position":"center center","background-size":"auto","background-attachment":"scroll","background-type":"","background-media":"","overlay-type":"","overlay-color":"","overlay-opacity":"","overlay-gradient":""}},"_joinchat":[],"footnotes":""},"categories":[36],"tags":[],"_links":{"self":[{"href":"https:\/\/radiosantaclara.sitetopfm.com.br\/site\/wp-json\/wp\/v2\/posts\/11076"}],"collection":[{"href":"https:\/\/radiosantaclara.sitetopfm.com.br\/site\/wp-json\/wp\/v2\/posts"}],"about":[{"href":"https:\/\/radiosantaclara.sitetopfm.com.br\/site\/wp-json\/wp\/v2\/types\/post"}],"author":[{"embeddable":true,"href":"https:\/\/radiosantaclara.sitetopfm.com.br\/site\/wp-json\/wp\/v2\/users\/1"}],"replies":[{"embeddable":true,"href":"https:\/\/radiosantaclara.sitetopfm.com.br\/site\/wp-json\/wp\/v2\/comments?post=11076"}],"version-history":[{"count":0,"href":"https:\/\/radiosantaclara.sitetopfm.com.br\/site\/wp-json\/wp\/v2\/posts\/11076\/revisions"}],"wp:featuredmedia":[{"embeddable":true,"href":"https:\/\/radiosantaclara.sitetopfm.com.br\/site\/wp-json\/wp\/v2\/media\/6909"}],"wp:attachment":[{"href":"https:\/\/radiosantaclara.sitetopfm.com.br\/site\/wp-json\/wp\/v2\/media?parent=11076"}],"wp:term":[{"taxonomy":"category","embeddable":true,"href":"https:\/\/radiosantaclara.sitetopfm.com.br\/site\/wp-json\/wp\/v2\/categories?post=11076"},{"taxonomy":"post_tag","embeddable":true,"href":"https:\/\/radiosantaclara.sitetopfm.com.br\/site\/wp-json\/wp\/v2\/tags?post=11076"}],"curies":[{"name":"wp","href":"https:\/\/api.w.org\/{rel}","templated":true}]}}