{"id":11071,"date":"2026-09-01T21:43:42","date_gmt":"2026-09-02T00:43:42","guid":{"rendered":"https:\/\/radiosantaclara.sitetopfm.com.br\/site\/comissao-aprova-relatorio-que-propoe-criacao-de-agencia-antimafia-e-combate-a-prejuizo-com-pirataria\/"},"modified":"2026-09-01T21:43:42","modified_gmt":"2026-09-02T00:43:42","slug":"comissao-aprova-relatorio-que-propoe-criacao-de-agencia-antimafia-e-combate-a-prejuizo-com-pirataria","status":"publish","type":"post","link":"https:\/\/radiosantaclara.sitetopfm.com.br\/site\/comissao-aprova-relatorio-que-propoe-criacao-de-agencia-antimafia-e-combate-a-prejuizo-com-pirataria\/","title":{"rendered":"Comiss\u00e3o aprova relat\u00f3rio que prop\u00f5e cria\u00e7\u00e3o de Ag\u00eancia Antim\u00e1fia e combate a preju\u00edzo com pirataria"},"content":{"rendered":"<p> <br \/>\n<\/p>\n<div id=\"\">\n<figure class=\"materia__midia\" style=\"float: none; margin: 24px 0px;\" data-midia=\"1301921\"><img decoding=\"async\" src=\"https:\/\/www.camara.leg.br\/midias\/image\/2026\/09\/img20260901172134849-768x473.jpg\" alt=\"Vota\u00e7\u00e3o de requerimentos e discuss\u00e3o e vota\u00e7\u00e3o do relat\u00f3rio parcial. Dep. Luiz Carlos Hauly (PODE - PR) e Dep. Julio Lopes (PP - RJ)\"\/><figcaption><span class=\"materia__legenda-imagem\">Comiss\u00e3o Externa sobre os Atos de Pirataria e a Agenda do \u201cBrasil Legal\u201d<\/span> &#8211; <span class=\"materia__creditos-imagem\" style=\"color:#5f5f5e\">Foto: Kayo Magalh\u00e3es \/ C\u00e2mara dos Deputados<\/span><\/figcaption><\/figure>\n<p>A Comiss\u00e3o Externa sobre os Atos de Pirataria e a Agenda do \u201cBrasil Legal\u201d aprovou, nesta ter\u00e7a-feira (1\u00ba), o relat\u00f3rio parcial do deputado Julio Lopes (PP-RJ). O documento re\u00fane den\u00fancias de audi\u00eancias p\u00fablicas e apresenta propostas legislativas para enfrentar a pirataria, o contrabando, o descaminho, a sonega\u00e7\u00e3o fiscal e a contrafa\u00e7\u00e3o (c\u00f3pia ou imita\u00e7\u00e3o n\u00e3o autorizada).<\/p>\n<p>Julio Lopes esclareceu que optou pelo relat\u00f3rio parcial para permitir que outras sugest\u00f5es sejam alinhadas com o cen\u00e1rio institucional e com as pr\u00f3ximas a\u00e7\u00f5es de governo.<\/p>\n<p>Segundo o relator, o mercado ilegal causa um preju\u00edzo anual de cerca de R$ 500 bilh\u00f5es ao pa\u00eds, somando perdas da ind\u00fastria e sonega\u00e7\u00e3o de impostos.<\/p>\n<p>\u201cO que se consolidou no pa\u00eds, nos \u00faltimos anos, \u00e9 uma economia subterr\u00e2nea bilion\u00e1ria e altamente sofisticada, articulada com engrenagens do crime organizado transnacional, de fac\u00e7\u00f5es armadas e de mil\u00edcias\u201d, alertou o parlamentar.<\/p>\n<figure class=\"materia__midia\" style=\"float: none; margin: 24px 0px;\" data-midia=\"1301922\"><img decoding=\"async\" src=\"https:\/\/www.camara.leg.br\/midias\/image\/2026\/09\/img20260901172121220-768x473.jpg\" alt=\"Vota\u00e7\u00e3o de requerimentos e discuss\u00e3o e vota\u00e7\u00e3o do relat\u00f3rio parcial. Dep. Julio Lopes (PP - RJ)\"\/><figcaption><span class=\"materia__legenda-imagem\">No relat\u00f3rio, Lopes aponta uma \u201ccanibaliza\u00e7\u00e3o do mercado formal\u201d pelo crime organizado<\/span> &#8211; <span class=\"materia__creditos-imagem\" style=\"color:#5f5f5e\">Foto: Kayo Magalh\u00e3es \/ C\u00e2mara dos Deputados<\/span><\/figcaption><\/figure>\n<h3 class=\"ds-titulo-subsecao\">Canibaliza\u00e7\u00e3o do mercado<\/h3>\n<p>No relat\u00f3rio, Lopes aponta uma \u201ccanibaliza\u00e7\u00e3o do mercado formal\u201d pelo crime organizado. Entre as pr\u00e1ticas identificadas, est\u00e3o:<\/p>\n<ul>\n<li>controle territorial sobre a venda de botij\u00f5es de g\u00e1s de cozinha e servi\u00e7os clandestinos de telecomunica\u00e7\u00f5es;<\/li>\n<li>furto e adultera\u00e7\u00e3o de combust\u00edveis;<\/li>\n<li>contrabando de cigarros e defensivos agr\u00edcolas;<\/li>\n<li>desvio de energia el\u00e9trica;<\/li>\n<li>venda de rem\u00e9dios falsificados e produtos piratas em plataformas digitais.<\/li>\n<\/ul>\n<p>Para enfrentar o problema, o deputado defende uma transforma\u00e7\u00e3o estrutural na capacidade de fiscaliza\u00e7\u00e3o do Estado. As medidas sugeridas envolvem o uso de intelig\u00eancia artificial, a rastreabilidade de mercadorias, a moderniza\u00e7\u00e3o alfandeg\u00e1ria e a responsabiliza\u00e7\u00e3o de plataformas de com\u00e9rcio eletr\u00f4nico (marketplaces).<\/p>\n<h3 class=\"ds-titulo-subsecao\">Ag\u00eancia Antim\u00e1fia e novos sistemas<\/h3>\n<p>O relat\u00f3rio traz tr\u00eas propostas priorit\u00e1rias da comiss\u00e3o externa:<\/p>\n<p>1) Ag\u00eancia Antim\u00e1fia: proposta de emenda \u00e0 Constitui\u00e7\u00e3o (PEC) que cria a Autoridade Nacional de Enfrentamento \u00e0s Organiza\u00e7\u00f5es Criminosas. \u201cEssa a\u00e7\u00e3o visa identificar aqueles que estruturam, dentro do setor econ\u00f4mico, a atua\u00e7\u00e3o e a sobreviv\u00eancia de verdadeiras m\u00e1fias em \u00e1reas estrat\u00e9gicas, como a do g\u00e1s\u201d, explicou Lopes.<\/p>\n<p>2) Sineoc: projeto de lei que institui o Sistema Nacional de Enfrentamento \u00e0s Organiza\u00e7\u00f5es Criminosas para articular \u00f3rg\u00e3os p\u00fablicos. Segundo o relator, a estrutura n\u00e3o interfere no Sistema \u00danico de Seguran\u00e7a P\u00fablica (Susp) nem na Estrat\u00e9gia Nacional de Combate \u00e0 Corrup\u00e7\u00e3o e \u00e0 Lavagem de Dinheiro (Enccla).<\/p>\n<p>\u201cO Sineoc n\u00e3o pretende substituir mecanismos consolidados. Seu prop\u00f3sito \u00e9 qualificar a articula\u00e7\u00e3o estrat\u00e9gica voltada \u00e0 asfixia financeira e log\u00edstica do crime organizado, investigar a infiltra\u00e7\u00e3o em mercados formais e refor\u00e7ar a coopera\u00e7\u00e3o internacional\u201d, detalhou.<\/p>\n<p>3) Combate \u00e0 pirataria digital: projeto de lei que endurece o combate a produtos falsificados na internet e aumenta penas para viola\u00e7\u00e3o de direitos autorais e de propriedade intelectual.<\/p>\n<p>\u201cQueremos a perda imediata das mercadorias apreendidas para dar mais agilidade ao processo\u201d, defendeu.<\/p>\n<p>Ap\u00f3s a vota\u00e7\u00e3o, parlamentares e representantes do setor produtivo lan\u00e7aram o Movimento Brasil Legal no Sal\u00e3o Nobre da C\u00e2mara dos Deputados.<\/p>\n<\/p><\/div>\n<p><br \/>\n<br \/><a href=\"https:\/\/www.camara.leg.br\/noticias\/1301895-comissao-aprova-relatorio-que-propoe-criacao-de-agencia-antimafia-e-combate-a-prejuizo-com-pirataria\">postagem original <\/a><\/p>\n","protected":false},"excerpt":{"rendered":"<p>Comiss\u00e3o Externa sobre os Atos de Pirataria e a Agenda do \u201cBrasil Legal\u201d &#8211; Foto: Kayo Magalh\u00e3es \/ C\u00e2mara dos [&hellip;]<\/p>\n","protected":false},"author":1,"featured_media":6909,"comment_status":"open","ping_status":"open","sticky":false,"template":"","format":"standard","meta":{"site-sidebar-layout":"default","site-content-layout":"","ast-site-content-layout":"default","site-content-style":"default","site-sidebar-style":"default","ast-global-header-display":"","ast-banner-title-visibility":"","ast-main-header-display":"","ast-hfb-above-header-display":"","ast-hfb-below-header-display":"","ast-hfb-mobile-header-display":"","site-post-title":"","ast-breadcrumbs-content":"","ast-featured-img":"","footer-sml-layout":"","theme-transparent-header-meta":"","adv-header-id-meta":"","stick-header-meta":"","header-above-stick-meta":"","header-main-stick-meta":"","header-below-stick-meta":"","astra-migrate-meta-layouts":"default","ast-page-background-enabled":"default","ast-page-background-meta":{"desktop":{"background-color":"var(--ast-global-color-5)","background-image":"","background-repeat":"repeat","background-position":"center center","background-size":"auto","background-attachment":"scroll","background-type":"","background-media":"","overlay-type":"","overlay-color":"","overlay-opacity":"","overlay-gradient":""},"tablet":{"background-color":"","background-image":"","background-repeat":"repeat","background-position":"center center","background-size":"auto","background-attachment":"scroll","background-type":"","background-media":"","overlay-type":"","overlay-color":"","overlay-opacity":"","overlay-gradient":""},"mobile":{"background-color":"","background-image":"","background-repeat":"repeat","background-position":"center center","background-size":"auto","background-attachment":"scroll","background-type":"","background-media":"","overlay-type":"","overlay-color":"","overlay-opacity":"","overlay-gradient":""}},"ast-content-background-meta":{"desktop":{"background-color":"var(--ast-global-color-4)","background-image":"","background-repeat":"repeat","background-position":"center center","background-size":"auto","background-attachment":"scroll","background-type":"","background-media":"","overlay-type":"","overlay-color":"","overlay-opacity":"","overlay-gradient":""},"tablet":{"background-color":"var(--ast-global-color-4)","background-image":"","background-repeat":"repeat","background-position":"center center","background-size":"auto","background-attachment":"scroll","background-type":"","background-media":"","overlay-type":"","overlay-color":"","overlay-opacity":"","overlay-gradient":""},"mobile":{"background-color":"var(--ast-global-color-4)","background-image":"","background-repeat":"repeat","background-position":"center center","background-size":"auto","background-attachment":"scroll","background-type":"","background-media":"","overlay-type":"","overlay-color":"","overlay-opacity":"","overlay-gradient":""}},"_joinchat":[],"footnotes":""},"categories":[34],"tags":[],"_links":{"self":[{"href":"https:\/\/radiosantaclara.sitetopfm.com.br\/site\/wp-json\/wp\/v2\/posts\/11071"}],"collection":[{"href":"https:\/\/radiosantaclara.sitetopfm.com.br\/site\/wp-json\/wp\/v2\/posts"}],"about":[{"href":"https:\/\/radiosantaclara.sitetopfm.com.br\/site\/wp-json\/wp\/v2\/types\/post"}],"author":[{"embeddable":true,"href":"https:\/\/radiosantaclara.sitetopfm.com.br\/site\/wp-json\/wp\/v2\/users\/1"}],"replies":[{"embeddable":true,"href":"https:\/\/radiosantaclara.sitetopfm.com.br\/site\/wp-json\/wp\/v2\/comments?post=11071"}],"version-history":[{"count":0,"href":"https:\/\/radiosantaclara.sitetopfm.com.br\/site\/wp-json\/wp\/v2\/posts\/11071\/revisions"}],"wp:featuredmedia":[{"embeddable":true,"href":"https:\/\/radiosantaclara.sitetopfm.com.br\/site\/wp-json\/wp\/v2\/media\/6909"}],"wp:attachment":[{"href":"https:\/\/radiosantaclara.sitetopfm.com.br\/site\/wp-json\/wp\/v2\/media?parent=11071"}],"wp:term":[{"taxonomy":"category","embeddable":true,"href":"https:\/\/radiosantaclara.sitetopfm.com.br\/site\/wp-json\/wp\/v2\/categories?post=11071"},{"taxonomy":"post_tag","embeddable":true,"href":"https:\/\/radiosantaclara.sitetopfm.com.br\/site\/wp-json\/wp\/v2\/tags?post=11071"}],"curies":[{"name":"wp","href":"https:\/\/api.w.org\/{rel}","templated":true}]}}