{"id":11070,"date":"2026-09-01T21:40:10","date_gmt":"2026-09-02T00:40:10","guid":{"rendered":"https:\/\/radiosantaclara.sitetopfm.com.br\/site\/comissao-aprova-aumento-de-limite-anual-para-admissao-de-bombeiros-no-df\/"},"modified":"2026-09-01T21:40:10","modified_gmt":"2026-09-02T00:40:10","slug":"comissao-aprova-aumento-de-limite-anual-para-admissao-de-bombeiros-no-df","status":"publish","type":"post","link":"https:\/\/radiosantaclara.sitetopfm.com.br\/site\/comissao-aprova-aumento-de-limite-anual-para-admissao-de-bombeiros-no-df\/","title":{"rendered":"Comiss\u00e3o aprova aumento de limite anual para admiss\u00e3o de bombeiros no DF"},"content":{"rendered":"<p> <br \/>\n<\/p>\n<div id=\"\">\n<figure class=\"materia__midia\" style=\"float: none; margin: 24px 0px;\" data-midia=\"1301974\"><img decoding=\"async\" src=\"https:\/\/www.camara.leg.br\/midias\/image\/2026\/09\/img20260708121152652-768x473.jpg\" alt=\"Discuss\u00e3o e vota\u00e7\u00e3o de propostas legislativas. Dep. Helder Salom\u00e3o (PT - ES)\"\/><figcaption><span class=\"materia__legenda-imagem\">Helder Salom\u00e3o: medida busca conferir flexibilidade ao planejamento da administra\u00e7\u00e3o do DF<\/span> &#8211; <span class=\"materia__creditos-imagem\" style=\"color:#5f5f5e\">Foto: Arquivo \/ C\u00e2mara dos deputados<\/span><\/figcaption><\/figure>\n<p><span style=\"font-weight: 400;\">A Comiss\u00e3o de Constitui\u00e7\u00e3o e Justi\u00e7a e de Cidadania (CCJ) da C\u00e2mara dos Deputados aprovou, nesta ter\u00e7a-feira (1\u00ba), proposta que aumenta o limite anual para o ingresso de efetivo no Corpo de Bombeiros Militares do Distrito Federal.\u00a0<\/span><\/p>\n<p><span style=\"font-weight: 400;\">Segundo o texto, em vez das atuais 377 nomea\u00e7\u00f5es por ano, a corpora\u00e7\u00e3o poder\u00e1 admitir anualmente at\u00e9 714 novos integrantes, dos quais 94 oficiais e 620 pra\u00e7as.<\/span><\/p>\n<p><span style=\"font-weight: 400;\">O relator na comiss\u00e3o, deputado Helder Salom\u00e3o (PT-ES), apresentou parecer favor\u00e1vel ao <span id=\"4098\" class=\"termoGlossario materia__glossario\" title=\"Nome que se d\u00e1 ao texto que altera substancialmente o conte\u00fado original da proposta. O substitutivo \u00e9 apresentado pelo relator e tem prefer\u00eancia na vota\u00e7\u00e3o sobre o projeto original.\" contenteditable=\"false\" data-toggle=\"tooltip\" data-placement=\"top\" style=\"color:#5f5f5e;border-bottom:none\">substitutivo<\/span> da Comiss\u00e3o de Seguran\u00e7a P\u00fablica e Combate ao Crime Organizado ao <a class=\"linkProposicao\" href=\"https:\/\/www.camara.leg.br\/noticias\/631618-projeto-exclui-limite-anual-para-admissao-de-bombeiros-militares-no-df\">Projeto de Lei 5604\/19<\/a>, da deputada Erika Kokay (PT-DF).\u00a0<\/span><\/p>\n<p><span style=\"font-weight: 400;\">\u201cA altera\u00e7\u00e3o dos quantitativos m\u00e1ximos de ingresso anual constitui op\u00e7\u00e3o leg\u00edtima do legislador, voltada ao aperfei\u00e7oamento da pol\u00edtica de recomposi\u00e7\u00e3o dos efetivos do Corpo de Bombeiros Militar do Distrito Federal, buscando conferir maior flexibilidade ao planejamento da Administra\u00e7\u00e3o, sem afastar a necessidade de observ\u00e2ncia da disponibilidade or\u00e7ament\u00e1ria prevista na legisla\u00e7\u00e3o vigente\u201d, considerou Salom\u00e3o.<\/span><\/p>\n<p><span style=\"font-weight: 400;\">Segundo a autora, Erika Kokay, os atuais limites de ingresso n\u00e3o s\u00e3o capazes de fazer frente \u00e0s demandas da popula\u00e7\u00e3o nos pr\u00f3ximos anos.<\/span><\/p>\n<p><span style=\"font-weight: 400;\">\u201cN\u00f3s precisamos de mais profissionais no Corpo de Bombeiros aqui do Distrito Federal. S\u00e3o profissionais que n\u00e3o apenas protegem o patrim\u00f4nio, mas que protegem a vida da popula\u00e7\u00e3o. Todas as vezes que n\u00f3s temos algum tipo de situa\u00e7\u00e3o emergencial, n\u00f3s lembramos dos bombeiros e n\u00f3s chamamos os bombeiros. Ent\u00e3o, s\u00e3o profissionais que s\u00e3o fundamentais para nossa cidade\u201d, destacou Kokay.<\/span><\/p>\n<p><span style=\"font-weight: 400;\">A proposta tramitou em <span id=\"4322\" class=\"termoGlossario materia__glossario\" title=\"Rito de tramita\u00e7\u00e3o pelo qual o projeto \u00e9 votado apenas pelas comiss\u00f5es designadas para analis\u00e1-lo, dispensada a delibera\u00e7\u00e3o do Plen\u00e1rio. O projeto perde o car\u00e1ter conclusivo se houver decis\u00e3o divergente entre as comiss\u00f5es ou se, independentemente de ser aprovado ou rejeitado, houver recurso assinado por 52 deputados para a aprecia\u00e7\u00e3o da mat\u00e9ria no Plen\u00e1rio.\" contenteditable=\"false\" data-toggle=\"tooltip\" data-placement=\"top\" style=\"color:#5f5f5e;border-bottom:none\">car\u00e1ter conclusivo<\/span> e, portanto, poder\u00e1 seguir para o Senado, a menos que haja recurso para vota\u00e7\u00e3o, antes, pelo Plen\u00e1rio da C\u00e2mara.<\/span><\/p>\n<p><a href=\"https:\/\/www.camara.leg.br\/noticias\/573454-SAIBA-MAIS-SOBRE-A-TRAMITACAO-DE-PROJETOS-DE-LEI\">Saiba mais sobre a tramita\u00e7\u00e3o de projetos de lei<\/a><\/p>\n<\/p><\/div>\n<p><br \/>\n<br \/><a href=\"https:\/\/www.camara.leg.br\/noticias\/1301785-comissao-aprova-aumento-de-limite-anual-para-admissao-de-bombeiros-no-df\">postagem original <\/a><\/p>\n","protected":false},"excerpt":{"rendered":"<p>Helder Salom\u00e3o: medida busca conferir flexibilidade ao planejamento da administra\u00e7\u00e3o do DF &#8211; Foto: Arquivo \/ C\u00e2mara dos deputados A [&hellip;]<\/p>\n","protected":false},"author":1,"featured_media":6909,"comment_status":"open","ping_status":"open","sticky":false,"template":"","format":"standard","meta":{"site-sidebar-layout":"default","site-content-layout":"","ast-site-content-layout":"default","site-content-style":"default","site-sidebar-style":"default","ast-global-header-display":"","ast-banner-title-visibility":"","ast-main-header-display":"","ast-hfb-above-header-display":"","ast-hfb-below-header-display":"","ast-hfb-mobile-header-display":"","site-post-title":"","ast-breadcrumbs-content":"","ast-featured-img":"","footer-sml-layout":"","theme-transparent-header-meta":"","adv-header-id-meta":"","stick-header-meta":"","header-above-stick-meta":"","header-main-stick-meta":"","header-below-stick-meta":"","astra-migrate-meta-layouts":"default","ast-page-background-enabled":"default","ast-page-background-meta":{"desktop":{"background-color":"var(--ast-global-color-5)","background-image":"","background-repeat":"repeat","background-position":"center center","background-size":"auto","background-attachment":"scroll","background-type":"","background-media":"","overlay-type":"","overlay-color":"","overlay-opacity":"","overlay-gradient":""},"tablet":{"background-color":"","background-image":"","background-repeat":"repeat","background-position":"center center","background-size":"auto","background-attachment":"scroll","background-type":"","background-media":"","overlay-type":"","overlay-color":"","overlay-opacity":"","overlay-gradient":""},"mobile":{"background-color":"","background-image":"","background-repeat":"repeat","background-position":"center center","background-size":"auto","background-attachment":"scroll","background-type":"","background-media":"","overlay-type":"","overlay-color":"","overlay-opacity":"","overlay-gradient":""}},"ast-content-background-meta":{"desktop":{"background-color":"var(--ast-global-color-4)","background-image":"","background-repeat":"repeat","background-position":"center center","background-size":"auto","background-attachment":"scroll","background-type":"","background-media":"","overlay-type":"","overlay-color":"","overlay-opacity":"","overlay-gradient":""},"tablet":{"background-color":"var(--ast-global-color-4)","background-image":"","background-repeat":"repeat","background-position":"center center","background-size":"auto","background-attachment":"scroll","background-type":"","background-media":"","overlay-type":"","overlay-color":"","overlay-opacity":"","overlay-gradient":""},"mobile":{"background-color":"var(--ast-global-color-4)","background-image":"","background-repeat":"repeat","background-position":"center center","background-size":"auto","background-attachment":"scroll","background-type":"","background-media":"","overlay-type":"","overlay-color":"","overlay-opacity":"","overlay-gradient":""}},"_joinchat":[],"footnotes":""},"categories":[29],"tags":[],"_links":{"self":[{"href":"https:\/\/radiosantaclara.sitetopfm.com.br\/site\/wp-json\/wp\/v2\/posts\/11070"}],"collection":[{"href":"https:\/\/radiosantaclara.sitetopfm.com.br\/site\/wp-json\/wp\/v2\/posts"}],"about":[{"href":"https:\/\/radiosantaclara.sitetopfm.com.br\/site\/wp-json\/wp\/v2\/types\/post"}],"author":[{"embeddable":true,"href":"https:\/\/radiosantaclara.sitetopfm.com.br\/site\/wp-json\/wp\/v2\/users\/1"}],"replies":[{"embeddable":true,"href":"https:\/\/radiosantaclara.sitetopfm.com.br\/site\/wp-json\/wp\/v2\/comments?post=11070"}],"version-history":[{"count":0,"href":"https:\/\/radiosantaclara.sitetopfm.com.br\/site\/wp-json\/wp\/v2\/posts\/11070\/revisions"}],"wp:featuredmedia":[{"embeddable":true,"href":"https:\/\/radiosantaclara.sitetopfm.com.br\/site\/wp-json\/wp\/v2\/media\/6909"}],"wp:attachment":[{"href":"https:\/\/radiosantaclara.sitetopfm.com.br\/site\/wp-json\/wp\/v2\/media?parent=11070"}],"wp:term":[{"taxonomy":"category","embeddable":true,"href":"https:\/\/radiosantaclara.sitetopfm.com.br\/site\/wp-json\/wp\/v2\/categories?post=11070"},{"taxonomy":"post_tag","embeddable":true,"href":"https:\/\/radiosantaclara.sitetopfm.com.br\/site\/wp-json\/wp\/v2\/tags?post=11070"}],"curies":[{"name":"wp","href":"https:\/\/api.w.org\/{rel}","templated":true}]}}