{"id":11069,"date":"2026-09-01T21:37:34","date_gmt":"2026-09-02T00:37:34","guid":{"rendered":"https:\/\/radiosantaclara.sitetopfm.com.br\/site\/camara-aprova-acordo-pela-igualdade-de-trabalhadores-homens-e-mulheres-com-responsabilidade-familiar\/"},"modified":"2026-09-01T21:37:34","modified_gmt":"2026-09-02T00:37:34","slug":"camara-aprova-acordo-pela-igualdade-de-trabalhadores-homens-e-mulheres-com-responsabilidade-familiar","status":"publish","type":"post","link":"https:\/\/radiosantaclara.sitetopfm.com.br\/site\/camara-aprova-acordo-pela-igualdade-de-trabalhadores-homens-e-mulheres-com-responsabilidade-familiar\/","title":{"rendered":"C\u00e2mara aprova acordo pela igualdade de trabalhadores homens e mulheres com responsabilidade familiar"},"content":{"rendered":"<p> <br \/>\n<\/p>\n<div id=\"\">\n<figure class=\"materia__midia\" style=\"float: none; margin: 24px 0px;\" data-midia=\"1301870\"><img decoding=\"async\" src=\"https:\/\/www.camara.leg.br\/midias\/image\/2026\/09\/img20260901164714833-768x473.jpg\" alt=\"Discuss\u00e3o e vota\u00e7\u00e3o de propostas legislativas. Dep. Benedita da Silva (PT - RJ)\"\/><figcaption><span class=\"materia__legenda-imagem\">Benedita da Silva recomendou a aprova\u00e7\u00e3o do texto<\/span> &#8211; <span class=\"materia__creditos-imagem\" style=\"color:#5f5f5e\">Foto: Thiago Cristino\/C\u00e2mara dos Deputados<\/span><\/figcaption><\/figure>\n<p>A C\u00e2mara dos Deputados aprovou nesta ter\u00e7a-feira (1\u00ba) a ratifica\u00e7\u00e3o da conven\u00e7\u00e3o da Organiza\u00e7\u00e3o Internacional do Trabalho (OIT) para promover igualdade de oportunidade e de tratamento para trabalhadores homens e mulheres com responsabilidades familiares. O texto segue para an\u00e1lise do Senado.<\/p>\n<p>A relatora, deputada Benedita da Silva (PT-RJ), recomendou a aprova\u00e7\u00e3o do acordo internacional. &#8220;Apesar dos avan\u00e7os nas \u00faltimas d\u00e9cadas, persistem importantes desigualdades relacionadas \u00e0 divis\u00e3o do trabalho dom\u00e9stico e das atividades de cuidado&#8221;, apontou. &#8220;A circunst\u00e2ncia afeta especialmente a participa\u00e7\u00e3o feminina no mercado de trabalho, a remunera\u00e7\u00e3o, a ocupa\u00e7\u00e3o de cargos de lideran\u00e7a e oportunidades de desenvolvimento profissional.&#8221;<\/p>\n<p>O texto da conven\u00e7\u00e3o chegou ao Congresso por meio da Mensagem 85\/23, transformada no Projeto de Decreto Legislativo 996\/26.<\/p>\n<h3 class=\"ds-titulo-subsecao\">Barreiras<\/h3>\n<p>\n                        O objetivo da conven\u00e7\u00e3o \u00e9 promover condi\u00e7\u00f5es que permitam aos trabalhadores compatibilizar suas responsabilidades profissionais e familiares, reduzindo barreiras que historicamente contribu\u00edram para a exclus\u00e3o ou a limita\u00e7\u00e3o de oportunidades no mercado de trabalho. &#8220;O texto n\u00e3o imp\u00f5e encargos, pois suas cl\u00e1usulas t\u00eam natureza program\u00e1tica, condicionando as medidas \u00e0s condi\u00e7\u00f5es e possibilidades nacionais&#8221;, observou a relatora.<\/p>\n<p>A conven\u00e7\u00e3o \u00e9 aplic\u00e1vel a todos os ramos de atividades econ\u00f4micas e a trabalhadores de todas as categorias. O texto incentiva a elimina\u00e7\u00e3o da discrimina\u00e7\u00e3o contra trabalhadores que possuem responsabilidades familiares, almejam ocupar posto no mercado de trabalho e se veem impedidos ou limitados devido a conflitos entre a vida familiar e a carreira profissional.<\/p>\n<p>Segundo a conven\u00e7\u00e3o, as responsabilidades familiares n\u00e3o podem ser usadas como uma raz\u00e3o v\u00e1lida para demiss\u00e3o. Os trabalhadores devem ter direito \u00e0 livre escolha de um emprego levando em conta suas necessidades com responsabilidades familiares.<\/p>\n<p>Os pa\u00edses que assinarem a conven\u00e7\u00e3o se comprometem a desenvolver ou promover servi\u00e7os comunit\u00e1rios, p\u00fablicos ou privados, tais como equipamentos de cuidado \u00e0 inf\u00e2ncia e de assist\u00eancia \u00e0 fam\u00edlia.<\/p>\n<p><a href=\"https:\/\/www.camara.leg.br\/noticias\/606437-conheca-a-tramitacao-de-projetos-de-decreto-legislativo\">Conhe\u00e7a a tramita\u00e7\u00e3o de projetos de decreto legislativo<\/a><\/p>\n<\/p><\/div>\n<p><br \/>\n<br \/><a href=\"https:\/\/www.camara.leg.br\/noticias\/1301846-camara-aprova-acordo-pela-igualdade-de-trabalhadores-homens-e-mulheres-com-responsabilidade-familiar\">postagem original <\/a><\/p>\n","protected":false},"excerpt":{"rendered":"<p>Benedita da Silva recomendou a aprova\u00e7\u00e3o do texto &#8211; Foto: Thiago Cristino\/C\u00e2mara dos Deputados A C\u00e2mara dos Deputados aprovou nesta [&hellip;]<\/p>\n","protected":false},"author":1,"featured_media":6909,"comment_status":"open","ping_status":"open","sticky":false,"template":"","format":"standard","meta":{"site-sidebar-layout":"default","site-content-layout":"","ast-site-content-layout":"default","site-content-style":"default","site-sidebar-style":"default","ast-global-header-display":"","ast-banner-title-visibility":"","ast-main-header-display":"","ast-hfb-above-header-display":"","ast-hfb-below-header-display":"","ast-hfb-mobile-header-display":"","site-post-title":"","ast-breadcrumbs-content":"","ast-featured-img":"","footer-sml-layout":"","theme-transparent-header-meta":"","adv-header-id-meta":"","stick-header-meta":"","header-above-stick-meta":"","header-main-stick-meta":"","header-below-stick-meta":"","astra-migrate-meta-layouts":"default","ast-page-background-enabled":"default","ast-page-background-meta":{"desktop":{"background-color":"var(--ast-global-color-5)","background-image":"","background-repeat":"repeat","background-position":"center center","background-size":"auto","background-attachment":"scroll","background-type":"","background-media":"","overlay-type":"","overlay-color":"","overlay-opacity":"","overlay-gradient":""},"tablet":{"background-color":"","background-image":"","background-repeat":"repeat","background-position":"center center","background-size":"auto","background-attachment":"scroll","background-type":"","background-media":"","overlay-type":"","overlay-color":"","overlay-opacity":"","overlay-gradient":""},"mobile":{"background-color":"","background-image":"","background-repeat":"repeat","background-position":"center center","background-size":"auto","background-attachment":"scroll","background-type":"","background-media":"","overlay-type":"","overlay-color":"","overlay-opacity":"","overlay-gradient":""}},"ast-content-background-meta":{"desktop":{"background-color":"var(--ast-global-color-4)","background-image":"","background-repeat":"repeat","background-position":"center center","background-size":"auto","background-attachment":"scroll","background-type":"","background-media":"","overlay-type":"","overlay-color":"","overlay-opacity":"","overlay-gradient":""},"tablet":{"background-color":"var(--ast-global-color-4)","background-image":"","background-repeat":"repeat","background-position":"center center","background-size":"auto","background-attachment":"scroll","background-type":"","background-media":"","overlay-type":"","overlay-color":"","overlay-opacity":"","overlay-gradient":""},"mobile":{"background-color":"var(--ast-global-color-4)","background-image":"","background-repeat":"repeat","background-position":"center center","background-size":"auto","background-attachment":"scroll","background-type":"","background-media":"","overlay-type":"","overlay-color":"","overlay-opacity":"","overlay-gradient":""}},"_joinchat":[],"footnotes":""},"categories":[31],"tags":[],"_links":{"self":[{"href":"https:\/\/radiosantaclara.sitetopfm.com.br\/site\/wp-json\/wp\/v2\/posts\/11069"}],"collection":[{"href":"https:\/\/radiosantaclara.sitetopfm.com.br\/site\/wp-json\/wp\/v2\/posts"}],"about":[{"href":"https:\/\/radiosantaclara.sitetopfm.com.br\/site\/wp-json\/wp\/v2\/types\/post"}],"author":[{"embeddable":true,"href":"https:\/\/radiosantaclara.sitetopfm.com.br\/site\/wp-json\/wp\/v2\/users\/1"}],"replies":[{"embeddable":true,"href":"https:\/\/radiosantaclara.sitetopfm.com.br\/site\/wp-json\/wp\/v2\/comments?post=11069"}],"version-history":[{"count":0,"href":"https:\/\/radiosantaclara.sitetopfm.com.br\/site\/wp-json\/wp\/v2\/posts\/11069\/revisions"}],"wp:featuredmedia":[{"embeddable":true,"href":"https:\/\/radiosantaclara.sitetopfm.com.br\/site\/wp-json\/wp\/v2\/media\/6909"}],"wp:attachment":[{"href":"https:\/\/radiosantaclara.sitetopfm.com.br\/site\/wp-json\/wp\/v2\/media?parent=11069"}],"wp:term":[{"taxonomy":"category","embeddable":true,"href":"https:\/\/radiosantaclara.sitetopfm.com.br\/site\/wp-json\/wp\/v2\/categories?post=11069"},{"taxonomy":"post_tag","embeddable":true,"href":"https:\/\/radiosantaclara.sitetopfm.com.br\/site\/wp-json\/wp\/v2\/tags?post=11069"}],"curies":[{"name":"wp","href":"https:\/\/api.w.org\/{rel}","templated":true}]}}