{"id":11066,"date":"2026-09-01T19:34:53","date_gmt":"2026-09-01T22:34:53","guid":{"rendered":"https:\/\/radiosantaclara.sitetopfm.com.br\/site\/camara-aprova-adesao-do-brasil-a-acordo-para-eliminar-violencia-e-assedio-no-trabalho\/"},"modified":"2026-09-01T19:34:53","modified_gmt":"2026-09-01T22:34:53","slug":"camara-aprova-adesao-do-brasil-a-acordo-para-eliminar-violencia-e-assedio-no-trabalho","status":"publish","type":"post","link":"https:\/\/radiosantaclara.sitetopfm.com.br\/site\/camara-aprova-adesao-do-brasil-a-acordo-para-eliminar-violencia-e-assedio-no-trabalho\/","title":{"rendered":"C\u00e2mara aprova ades\u00e3o do Brasil a acordo para eliminar viol\u00eancia e ass\u00e9dio no trabalho"},"content":{"rendered":"<p> <br \/>\n<\/p>\n<div id=\"\">\n<figure class=\"materia__midia\" style=\"float: none; margin: 24px 0px;\" data-midia=\"1301870\"><img decoding=\"async\" src=\"https:\/\/www.camara.leg.br\/midias\/image\/2026\/09\/img20260901164714833-768x473.jpg\" alt=\"Discuss\u00e3o e vota\u00e7\u00e3o de propostas legislativas. Dep. Benedita da Silva (PT - RJ)\"\/><figcaption><span class=\"materia__legenda-imagem\">Benedita da Silva, relatora do texto<\/span> &#8211; <span class=\"materia__creditos-imagem\" style=\"color:#5f5f5e\">Foto: Thiago Cristino\/C\u00e2mara dos Deputados<\/span><\/figcaption><\/figure>\n<p>A C\u00e2mara dos Deputados aprovou nesta ter\u00e7a-feira (1\u00ba) a ratifica\u00e7\u00e3o de conven\u00e7\u00e3o da Organiza\u00e7\u00e3o Internacional do Trabalho (OIT) para eliminar a viol\u00eancia e o ass\u00e9dio no mundo do trabalho. O texto consta do Projeto de Decreto Legislativo 997\/26 e segue para an\u00e1lise do Senado.<\/p>\n<p>A aprova\u00e7\u00e3o foi recomendada pela relatora, deputada Benedita da Silva (PT-RJ). &#8220;A persist\u00eancia de casos de ass\u00e9dio moral, ass\u00e9dio sexual e outras formas de viol\u00eancia no ambiente laboral demonstra a necessidade de fortalecimento das pol\u00edticas de preven\u00e7\u00e3o, acolhimento das v\u00edtimas e responsabiliza\u00e7\u00e3o dos agressores&#8221;, defendeu.<\/p>\n<p>Benedita da Silva acredita que a promo\u00e7\u00e3o de um ambiente de trabalho livre de viol\u00eancia e ass\u00e9dio tamb\u00e9m trar\u00e1 benef\u00edcios econ\u00f4micos. &#8220;A redu\u00e7\u00e3o de afastamentos por adoecimento, a melhoria do clima organizacional, o aumento da produtividade e a diminui\u00e7\u00e3o da rotatividade da m\u00e3o de obra evidenciam que a preven\u00e7\u00e3o da viol\u00eancia no trabalho constitui medida socialmente justa e economicamente racional&#8221;, afirmou.<\/p>\n<h3 class=\"ds-titulo-subsecao\">Ass\u00e9dio<\/h3>\n<p>\n                        A conven\u00e7\u00e3o define a viol\u00eancia e o ass\u00e9dio no mundo do trabalho como &#8220;um conjunto de comportamentos e pr\u00e1ticas inaceit\u00e1veis, ou amea\u00e7as de tais comportamentos e pr\u00e1ticas, quer se manifestem uma vez ou repetidamente, que tenham por objeto, causem ou sejam suscet\u00edveis de causar danos f\u00edsicos, psicol\u00f3gicos, sexuais ou econ\u00f4micos, incluindo viol\u00eancia e ass\u00e9dio de g\u00eanero&#8221;.<\/p>\n<p>Os pa\u00edses que assinarem a conven\u00e7\u00e3o devem adotar legisla\u00e7\u00e3o e pol\u00edticas p\u00fablicas que garantam o direito \u00e0 igualdade e \u00e0 n\u00e3o discrimina\u00e7\u00e3o no emprego e na ocupa\u00e7\u00e3o.<\/p>\n<p>As regras devem valer para todas as pessoas envolvidas no mundo laboral, como empregados, trabalhadores aut\u00f4nomos, estagi\u00e1rios, aprendizes, volunt\u00e1rios, trabalhadores despedidos, candidatos a emprego, trabalhadores que exercem cargos de chefia e gest\u00e3o. Tamb\u00e9m valer\u00e3o para os setores p\u00fablico e privado, para a economia formal e informal e para as zonas urbanas e rurais.<\/p>\n<h3 class=\"ds-titulo-subsecao\">A\u00e7\u00f5es na Justi\u00e7a<\/h3>\n<p>\n                        A Secretaria de Inspe\u00e7\u00e3o do Trabalho (SIT) do Minist\u00e9rio do Trabalho e Emprego, nos estudos acerca da ratifica\u00e7\u00e3o da conven\u00e7\u00e3o, registrou 5.933 demandas sobre pr\u00e1ticas discriminat\u00f3rias entre 2014 e 2021.<\/p>\n<p>Dados do Tribunal Superior do Trabalho (TST) apontam que, entre janeiro de 2015 e janeiro de 2021, aproximadamente 26 mil pessoas ingressaram com a\u00e7\u00f5es na Justi\u00e7a por conta do ass\u00e9dio sexual no ambiente de trabalho.<\/p>\n<p><a href=\"https:\/\/www.camara.leg.br\/noticias\/606437-conheca-a-tramitacao-de-projetos-de-decreto-legislativo\">Conhe\u00e7a a tramita\u00e7\u00e3o de projetos de decreto legislativo<\/a><\/p>\n<\/p><\/div>\n<p><br \/>\n<br \/><a href=\"https:\/\/www.camara.leg.br\/noticias\/1301874-camara-aprova-adesao-do-brasil-a-acordo-para-eliminar-violencia-e-assedio-no-trabalho\">postagem original <\/a><\/p>\n","protected":false},"excerpt":{"rendered":"<p>Benedita da Silva, relatora do texto &#8211; Foto: Thiago Cristino\/C\u00e2mara dos Deputados A C\u00e2mara dos Deputados aprovou nesta ter\u00e7a-feira (1\u00ba) [&hellip;]<\/p>\n","protected":false},"author":1,"featured_media":6909,"comment_status":"open","ping_status":"open","sticky":false,"template":"","format":"standard","meta":{"site-sidebar-layout":"default","site-content-layout":"","ast-site-content-layout":"default","site-content-style":"default","site-sidebar-style":"default","ast-global-header-display":"","ast-banner-title-visibility":"","ast-main-header-display":"","ast-hfb-above-header-display":"","ast-hfb-below-header-display":"","ast-hfb-mobile-header-display":"","site-post-title":"","ast-breadcrumbs-content":"","ast-featured-img":"","footer-sml-layout":"","theme-transparent-header-meta":"","adv-header-id-meta":"","stick-header-meta":"","header-above-stick-meta":"","header-main-stick-meta":"","header-below-stick-meta":"","astra-migrate-meta-layouts":"default","ast-page-background-enabled":"default","ast-page-background-meta":{"desktop":{"background-color":"var(--ast-global-color-5)","background-image":"","background-repeat":"repeat","background-position":"center center","background-size":"auto","background-attachment":"scroll","background-type":"","background-media":"","overlay-type":"","overlay-color":"","overlay-opacity":"","overlay-gradient":""},"tablet":{"background-color":"","background-image":"","background-repeat":"repeat","background-position":"center center","background-size":"auto","background-attachment":"scroll","background-type":"","background-media":"","overlay-type":"","overlay-color":"","overlay-opacity":"","overlay-gradient":""},"mobile":{"background-color":"","background-image":"","background-repeat":"repeat","background-position":"center center","background-size":"auto","background-attachment":"scroll","background-type":"","background-media":"","overlay-type":"","overlay-color":"","overlay-opacity":"","overlay-gradient":""}},"ast-content-background-meta":{"desktop":{"background-color":"var(--ast-global-color-4)","background-image":"","background-repeat":"repeat","background-position":"center center","background-size":"auto","background-attachment":"scroll","background-type":"","background-media":"","overlay-type":"","overlay-color":"","overlay-opacity":"","overlay-gradient":""},"tablet":{"background-color":"var(--ast-global-color-4)","background-image":"","background-repeat":"repeat","background-position":"center center","background-size":"auto","background-attachment":"scroll","background-type":"","background-media":"","overlay-type":"","overlay-color":"","overlay-opacity":"","overlay-gradient":""},"mobile":{"background-color":"var(--ast-global-color-4)","background-image":"","background-repeat":"repeat","background-position":"center center","background-size":"auto","background-attachment":"scroll","background-type":"","background-media":"","overlay-type":"","overlay-color":"","overlay-opacity":"","overlay-gradient":""}},"_joinchat":[],"footnotes":""},"categories":[31],"tags":[],"_links":{"self":[{"href":"https:\/\/radiosantaclara.sitetopfm.com.br\/site\/wp-json\/wp\/v2\/posts\/11066"}],"collection":[{"href":"https:\/\/radiosantaclara.sitetopfm.com.br\/site\/wp-json\/wp\/v2\/posts"}],"about":[{"href":"https:\/\/radiosantaclara.sitetopfm.com.br\/site\/wp-json\/wp\/v2\/types\/post"}],"author":[{"embeddable":true,"href":"https:\/\/radiosantaclara.sitetopfm.com.br\/site\/wp-json\/wp\/v2\/users\/1"}],"replies":[{"embeddable":true,"href":"https:\/\/radiosantaclara.sitetopfm.com.br\/site\/wp-json\/wp\/v2\/comments?post=11066"}],"version-history":[{"count":0,"href":"https:\/\/radiosantaclara.sitetopfm.com.br\/site\/wp-json\/wp\/v2\/posts\/11066\/revisions"}],"wp:featuredmedia":[{"embeddable":true,"href":"https:\/\/radiosantaclara.sitetopfm.com.br\/site\/wp-json\/wp\/v2\/media\/6909"}],"wp:attachment":[{"href":"https:\/\/radiosantaclara.sitetopfm.com.br\/site\/wp-json\/wp\/v2\/media?parent=11066"}],"wp:term":[{"taxonomy":"category","embeddable":true,"href":"https:\/\/radiosantaclara.sitetopfm.com.br\/site\/wp-json\/wp\/v2\/categories?post=11066"},{"taxonomy":"post_tag","embeddable":true,"href":"https:\/\/radiosantaclara.sitetopfm.com.br\/site\/wp-json\/wp\/v2\/tags?post=11066"}],"curies":[{"name":"wp","href":"https:\/\/api.w.org\/{rel}","templated":true}]}}