{"id":11063,"date":"2026-09-01T17:33:11","date_gmt":"2026-09-01T20:33:11","guid":{"rendered":"https:\/\/radiosantaclara.sitetopfm.com.br\/site\/debatedores-pedem-agilidade-no-diagnostico-de-esclerose-multipla-no-sus\/"},"modified":"2026-09-01T17:33:11","modified_gmt":"2026-09-01T20:33:11","slug":"debatedores-pedem-agilidade-no-diagnostico-de-esclerose-multipla-no-sus","status":"publish","type":"post","link":"https:\/\/radiosantaclara.sitetopfm.com.br\/site\/debatedores-pedem-agilidade-no-diagnostico-de-esclerose-multipla-no-sus\/","title":{"rendered":"Debatedores pedem agilidade no diagn\u00f3stico de esclerose m\u00faltipla no SUS"},"content":{"rendered":"<p> <br \/>\n<\/p>\n<div id=\"\">\n<figure class=\"materia__midia\" style=\"float: none; margin: 24px 0px;\" data-midia=\"1301720\"><img decoding=\"async\" src=\"https:\/\/www.camara.leg.br\/midias\/image\/2026\/09\/img20260901111038706-768x473.jpeg\" alt=\"Audi\u00eancia P\u00fablica - Assist\u00eancia \u00e0s pessoas com doen\u00e7as raras e condi\u00e7\u00f5es cr\u00f4nicas\"\/><figcaption><span class=\"materia__legenda-imagem\">A Comiss\u00e3o de Direitos Humanos discutiu o assunto<\/span> &#8211; <span class=\"materia__creditos-imagem\" style=\"color:#5f5f5e\">Foto: Kayo Magalh\u00e3es \/ C\u00e2mara dos Deputados<\/span><\/figcaption><\/figure>\n<p>Especialistas e representantes de pacientes defenderam, nesta ter\u00e7a-feira (1\u00ba), maior agilidade no diagn\u00f3stico e no tratamento da esclerose m\u00faltipla no Sistema \u00danico de Sa\u00fade (SUS). Atualmente, pacientes chegam a esperar anos pela confirma\u00e7\u00e3o da doen\u00e7a e meses adicionais para conseguir medicamentos. O tema foi debatido em audi\u00eancia p\u00fablica na Comiss\u00e3o de Defesa dos Direitos Humanos, Minorias e Igualdade Racial da C\u00e2mara dos Deputados.<\/p>\n<p>A esclerose m\u00faltipla \u00e9 uma doen\u00e7a autoimune, na qual o sistema de defesa ataca as pr\u00f3prias c\u00e9lulas do organismo. Os sintomas podem afetar a vis\u00e3o, os sentidos, o equil\u00edbrio e a mobilidade.<\/p>\n<p>O diagn\u00f3stico depende de exame cl\u00ednico, de imagem (principalmente resson\u00e2ncia magn\u00e9tica de cr\u00e2nio e coluna) e de an\u00e1lise do l\u00edquor (l\u00edquido que envolve o c\u00e9rebro e a medula espinhal).<\/p>\n<figure class=\"materia__midia\" style=\"float: none; margin: 24px 0px;\" data-midia=\"1301728\"><img decoding=\"async\" src=\"https:\/\/www.camara.leg.br\/midias\/image\/2026\/09\/img20260901110939429-1-768x473.jpeg\" alt=\"Audi\u00eancia P\u00fablica - Assist\u00eancia \u00e0s pessoas com doen\u00e7as raras e condi\u00e7\u00f5es cr\u00f4nicas. Diretora de rela\u00e7\u00f5es governamentais e advocacy - associa\u00e7\u00e3o brasileira de esclerose m\u00faltipla, Sumaya Afif.\"\/><figcaption><span class=\"materia__legenda-imagem\">Sumaya Afif defendeu a aprova\u00e7\u00e3o da proposta que garante a consulta com especialista em at\u00e9 180 dias<\/span> &#8211; <span class=\"materia__creditos-imagem\" style=\"color:#5f5f5e\">Foto: Kayo Magalh\u00e3es \/ C\u00e2mara dos Deputados<\/span><\/figcaption><\/figure>\n<h3 class=\"ds-titulo-subsecao\">Prazo para atendimento<\/h3>\n<p>A representante da Associa\u00e7\u00e3o Brasileira de Esclerose M\u00faltipla (Abem), Sumaya Afif, defendeu a aprova\u00e7\u00e3o do Projeto de Lei 4231\/21. A proposta garante a consulta com especialista em at\u00e9 180 dias a partir da suspeita cl\u00ednica. Sumaya refor\u00e7ou que a demora decorre da falta de informa\u00e7\u00e3o sobre os sintomas e da lentid\u00e3o para conseguir rem\u00e9dios.<\/p>\n<p>\u201cHoje, um paciente do SUS leva dois anos e meio para conseguir a confirma\u00e7\u00e3o do diagn\u00f3stico. Depois disso, espera mais seis meses para receber o medicamento de alto custo e iniciar o tratamento\u201d, afirmou Sumaya.<\/p>\n<p>O neurologista Felipe von Glehn, da Academia Brasileira de Neurologia, destacou que a demora decorre do dif\u00edcil acesso a especialistas e a exames. Segundo o m\u00e9dico, o paciente passa pela aten\u00e7\u00e3o prim\u00e1ria e pela secund\u00e1ria antes do encaminhamento ao especialista.<\/p>\n<p>\u201cNo sistema p\u00fablico de sa\u00fade, o diagn\u00f3stico \u00e9 dif\u00edcil porque exige um m\u00e9dico experiente na doen\u00e7a. O paciente passa pelos postos e ambulat\u00f3rios e demora a ser encaminhado a um neurologista\u201d, explicou von Glehn.<\/p>\n<p>Von Glehn acrescentou que o SUS n\u00e3o oferece a pesquisa de bandas oligoclonais. O exame identifica sinais de inflama\u00e7\u00e3o no sistema nervoso central e ajuda no diagn\u00f3stico precoce da doen\u00e7a.<\/p>\n<figure class=\"materia__midia\" style=\"float: none; margin: 24px 0px;\" data-midia=\"1301729\"><img decoding=\"async\" src=\"https:\/\/www.camara.leg.br\/midias\/image\/2026\/09\/img20250422112346974-768x473.jpg\" alt=\"Audi\u00eancia P\u00fablica - Conscientiza\u00e7\u00e3o da Neuralgia do Trig\u00eameo. Participante, Ana Paula Moraes\"\/><figcaption><span class=\"materia__legenda-imagem\">CAna Paula Moraes relatou sequelas por conta da identifica\u00e7\u00e3o tardia<\/span> &#8211; <span class=\"materia__creditos-imagem\" style=\"color:#5f5f5e\">Foto: Bruno Spada \/ C\u00e2mara dos Deputados<\/span><\/figcaption><\/figure>\n<h3 class=\"ds-titulo-subsecao\">Sequelas invis\u00edveis<\/h3>\n<p>A presidente da Associa\u00e7\u00e3o de Pessoas com Esclerose M\u00faltipla e Doen\u00e7as Raras do Distrito Federal (Apemigos), Ana Paula Moraes, relatou os impactos da identifica\u00e7\u00e3o tardia.<\/p>\n<p>\u201cTive os primeiros sintomas aos 8 anos, mas o diagn\u00f3stico s\u00f3 veio aos 33. Por causa da demora, acumulei sequelas que n\u00e3o s\u00e3o vis\u00edveis. Ainda lutamos contra a invisibilidade da doen\u00e7a, j\u00e1 que apenas o que \u00e9 vis\u00edvel comove as pessoas\u201d, relatou Ana Paula.<\/p>\n<h3 class=\"ds-titulo-subsecao\">Diagn\u00f3stico no tempo certo<\/h3>\n<p>A presidente da Associa\u00e7\u00e3o Brasileira de Esclerose M\u00faltipla (Abem), Elzita Ribeiro de Sousa, informou que cerca de 40 mil brasileiros convivem com a enfermidade. Ela tamb\u00e9m defendeu a aprova\u00e7\u00e3o do PL 4231\/21 para dar agilidade \u00e0 identifica\u00e7\u00e3o dos casos.<\/p>\n<p>\u201cDefendemos um SUS preparado para reconhecer os sinais da esclerose m\u00faltipla, encaminhar rapidamente o paciente ao neurologista e garantir exames e tratamento seguro no tempo oportuno. N\u00e3o adianta ter rem\u00e9dios e tecnologias dispon\u00edveis se o paciente demora a chegar at\ufffd\ufffd eles\u201d, sustentou Elzita.<\/p>\n<h3 class=\"ds-titulo-subsecao\">Acesso a benef\u00edcios<\/h3>\n<p>Autora do requerimento para o debate, a deputada Erika Kokay (PT-DF) destacou que a <a class=\"linkLegislacao\" href=\"https:\/\/www2.camara.gov.br\/legin\/fed\/lei\/2015\/lei-13146-6-julho-2015-781174-norma-pl.html\" target=\"_blank\" rel=\"noopener noreferrer\">Lei Brasileira de Inclus\u00e3o<\/a>\u00a0avan\u00e7ou ao prever a avalia\u00e7\u00e3o biopsicossocial, mas a medida ainda precisa sair do papel. O laudo dessa avalia\u00e7\u00e3o comprova a condi\u00e7\u00e3o de defici\u00eancia e garante acesso a benef\u00edcios e direitos sociais.<\/p>\n<p>\u201cMuitas vezes, a pessoa tem o diagn\u00f3stico, mas n\u00e3o tem o laudo. Sem o documento, ela perde o acesso a uma s\u00e9rie de benef\u00edcios\u201d, afirmou Erika Kokay.<\/p>\n<p>Um dos exemplos \u00e9 o Benef\u00edcio de Presta\u00e7\u00e3o Continuada (<span id=\"4328\" class=\"termoGlossario materia__glossario\" title=\"Benef\u00edcio no valor de um sal\u00e1rio m\u00ednimo pago mensalmente a idosos com 65 anos ou mais e a pessoas com defici\u00eancia incapacitadas para a vida independente e para o trabalho. Em ambos os casos, o beneficiado deve pertencer a fam\u00edlia com renda inferior a 1\/4 do sal\u00e1rio m\u00ednimo por pessoa.\" contenteditable=\"false\" data-toggle=\"tooltip\" data-placement=\"top\" style=\"color:#5f5f5e;border-bottom:none\">BPC<\/span>), que garante um sal\u00e1rio m\u00ednimo mensal a pessoas de baixa renda com defici\u00eancia, inclusive doen\u00e7as raras, ap\u00f3s a comprova\u00e7\u00e3o da condi\u00e7\u00e3o e da vulnerabilidade social.<\/p>\n<\/p><\/div>\n<p><br \/>\n<br \/><a href=\"https:\/\/www.camara.leg.br\/noticias\/1301699-debatedores-pedem-agilidade-no-diagnostico-de-esclerose-multipla-no-sus\">postagem original <\/a><\/p>\n","protected":false},"excerpt":{"rendered":"<p>A Comiss\u00e3o de Direitos Humanos discutiu o assunto &#8211; Foto: Kayo Magalh\u00e3es \/ C\u00e2mara dos Deputados Especialistas e representantes de [&hellip;]<\/p>\n","protected":false},"author":1,"featured_media":6909,"comment_status":"open","ping_status":"open","sticky":false,"template":"","format":"standard","meta":{"site-sidebar-layout":"default","site-content-layout":"","ast-site-content-layout":"default","site-content-style":"default","site-sidebar-style":"default","ast-global-header-display":"","ast-banner-title-visibility":"","ast-main-header-display":"","ast-hfb-above-header-display":"","ast-hfb-below-header-display":"","ast-hfb-mobile-header-display":"","site-post-title":"","ast-breadcrumbs-content":"","ast-featured-img":"","footer-sml-layout":"","theme-transparent-header-meta":"","adv-header-id-meta":"","stick-header-meta":"","header-above-stick-meta":"","header-main-stick-meta":"","header-below-stick-meta":"","astra-migrate-meta-layouts":"default","ast-page-background-enabled":"default","ast-page-background-meta":{"desktop":{"background-color":"var(--ast-global-color-5)","background-image":"","background-repeat":"repeat","background-position":"center center","background-size":"auto","background-attachment":"scroll","background-type":"","background-media":"","overlay-type":"","overlay-color":"","overlay-opacity":"","overlay-gradient":""},"tablet":{"background-color":"","background-image":"","background-repeat":"repeat","background-position":"center center","background-size":"auto","background-attachment":"scroll","background-type":"","background-media":"","overlay-type":"","overlay-color":"","overlay-opacity":"","overlay-gradient":""},"mobile":{"background-color":"","background-image":"","background-repeat":"repeat","background-position":"center center","background-size":"auto","background-attachment":"scroll","background-type":"","background-media":"","overlay-type":"","overlay-color":"","overlay-opacity":"","overlay-gradient":""}},"ast-content-background-meta":{"desktop":{"background-color":"var(--ast-global-color-4)","background-image":"","background-repeat":"repeat","background-position":"center center","background-size":"auto","background-attachment":"scroll","background-type":"","background-media":"","overlay-type":"","overlay-color":"","overlay-opacity":"","overlay-gradient":""},"tablet":{"background-color":"var(--ast-global-color-4)","background-image":"","background-repeat":"repeat","background-position":"center center","background-size":"auto","background-attachment":"scroll","background-type":"","background-media":"","overlay-type":"","overlay-color":"","overlay-opacity":"","overlay-gradient":""},"mobile":{"background-color":"var(--ast-global-color-4)","background-image":"","background-repeat":"repeat","background-position":"center center","background-size":"auto","background-attachment":"scroll","background-type":"","background-media":"","overlay-type":"","overlay-color":"","overlay-opacity":"","overlay-gradient":""}},"_joinchat":[],"footnotes":""},"categories":[26],"tags":[],"_links":{"self":[{"href":"https:\/\/radiosantaclara.sitetopfm.com.br\/site\/wp-json\/wp\/v2\/posts\/11063"}],"collection":[{"href":"https:\/\/radiosantaclara.sitetopfm.com.br\/site\/wp-json\/wp\/v2\/posts"}],"about":[{"href":"https:\/\/radiosantaclara.sitetopfm.com.br\/site\/wp-json\/wp\/v2\/types\/post"}],"author":[{"embeddable":true,"href":"https:\/\/radiosantaclara.sitetopfm.com.br\/site\/wp-json\/wp\/v2\/users\/1"}],"replies":[{"embeddable":true,"href":"https:\/\/radiosantaclara.sitetopfm.com.br\/site\/wp-json\/wp\/v2\/comments?post=11063"}],"version-history":[{"count":0,"href":"https:\/\/radiosantaclara.sitetopfm.com.br\/site\/wp-json\/wp\/v2\/posts\/11063\/revisions"}],"wp:featuredmedia":[{"embeddable":true,"href":"https:\/\/radiosantaclara.sitetopfm.com.br\/site\/wp-json\/wp\/v2\/media\/6909"}],"wp:attachment":[{"href":"https:\/\/radiosantaclara.sitetopfm.com.br\/site\/wp-json\/wp\/v2\/media?parent=11063"}],"wp:term":[{"taxonomy":"category","embeddable":true,"href":"https:\/\/radiosantaclara.sitetopfm.com.br\/site\/wp-json\/wp\/v2\/categories?post=11063"},{"taxonomy":"post_tag","embeddable":true,"href":"https:\/\/radiosantaclara.sitetopfm.com.br\/site\/wp-json\/wp\/v2\/tags?post=11063"}],"curies":[{"name":"wp","href":"https:\/\/api.w.org\/{rel}","templated":true}]}}