{"id":11062,"date":"2026-09-01T16:30:34","date_gmt":"2026-09-01T19:30:34","guid":{"rendered":"https:\/\/radiosantaclara.sitetopfm.com.br\/site\/proposta-do-orcamento-de-2027-preve-preenchimento-de-53-530-vagas-no-setor-publico\/"},"modified":"2026-09-01T16:30:34","modified_gmt":"2026-09-01T19:30:34","slug":"proposta-do-orcamento-de-2027-preve-preenchimento-de-53-530-vagas-no-setor-publico","status":"publish","type":"post","link":"https:\/\/radiosantaclara.sitetopfm.com.br\/site\/proposta-do-orcamento-de-2027-preve-preenchimento-de-53-530-vagas-no-setor-publico\/","title":{"rendered":"Proposta do Or\u00e7amento de 2027 prev\u00ea preenchimento de 53.530 vagas no setor p\u00fablico"},"content":{"rendered":"<p> <br \/>\n<\/p>\n<div id=\"image-container-1301749\" class=\"image-container\" style=\"float: none;margin: 45px 0px;width: 100%\" data-midia=\"1301749\">\n<div class=\"midia-creditos\"><em>Ricardo Stuckert\/Fotos P\u00fablicas<\/em><\/div>\n<div class=\"media-wrapper\"><img decoding=\"async\" style=\"width: 100%;height: auto\" src=\"https:\/\/www.camara.leg.br\/midias\/image\/2026\/09\/img20200422120158469-768x481.jpg\" alt=\"Bras\u00edlia - monumentos e pr\u00e9dios p\u00fablicos - Congresso Pal\u00e1cio do Planalto Pra\u00e7a dos Tr\u00eas Poderes Esplanada dos Minist\u00e9rios mastro Bandeira noturna\" \/><\/div>\n<div class=\"midia-legenda\">Ser\u00e3o preenchidas 48.826 vagas nos poderes Legislativo, Executivo e Judici\u00e1rio em n\u00edvel federal; outras 4.704 ser\u00e3o criadas<\/div>\n<\/div>\n<p>O projeto do Or\u00e7amento de 2027 (<a class=\"linkProposicao\" href=\"https:\/\/www.camara.leg.br\/noticias\/1301496-orcamento-de-2027-tem-salario-minimo-de-r-1-741-e-reducao-de-despesas-com-pessoal\">PLN 24\/26<\/a>) prev\u00ea o preenchimento de 48.826 vagas nos diversos Poderes e a cria\u00e7\u00e3o de outras 4.704 vagas no setor p\u00fablico. O custo total para o ano que vem ser\u00e1 de R$ 4,4 bilh\u00f5es.<\/p>\n<p>Em rela\u00e7\u00e3o a reajustes salariais e outros custos em negocia\u00e7\u00e3o, a previs\u00e3o \u00e9 de um gasto de R$ 14,3 bilh\u00f5es em 2027.<\/p>\n<p>O governo anunciou que foram acionados dispositivos do arcabou\u00e7o fiscal que limitam os gastos com pessoal a partir do pr\u00f3ximo ano por causa dos d\u00e9ficits fiscais observados em 2025 e 2026. O crescimento das despesas acima da infla\u00e7\u00e3o ficou limitado a 0,6% at\u00e9 que as contas sejam equilibradas.<\/p>\n<p>De acordo com o ministro do Planejamento e Or\u00e7amento, Bruno Moretti, o limite \u00e9 global \u2013 ou seja, alguns \u00f3rg\u00e3os poder\u00e3o ter aumentos menores que outros.<\/p>\n<p>Desta forma, a despesa total com pessoal tem um limite de R$ 471 bilh\u00f5es, mas a proposta or\u00e7ament\u00e1ria traz um valor menor, de R$ 464 bilh\u00f5es.<\/p>\n<p><strong>Vagas previstas<\/strong><br \/>\nAs vagas previstas para 2027 s\u00e3o:<\/p>\n<ul>\n<li>Legislativo \u2013 330<\/li>\n<li>Judici\u00e1rio \u2013 5.131 (1.868 novas)<\/li>\n<li>Minist\u00e9rio P\u00fablico e CNMP \u2013 277<\/li>\n<li>Defensoria P\u00fablica \u2013 183 (91 novas)<\/li>\n<li>Executivo \u2013 47.609 (2.745 novas)<\/li>\n<\/ul>\n<p><br \/>\n<br \/><a href=\"https:\/\/www.camara.leg.br\/noticias\/1301737-proposta-do-orcamento-de-2027-preve-preenchimento-de-53-530-vagas-no-setor-publico\">postagem original <\/a><\/p>\n","protected":false},"excerpt":{"rendered":"<p>Ricardo Stuckert\/Fotos P\u00fablicas Ser\u00e3o preenchidas 48.826 vagas nos poderes Legislativo, Executivo e Judici\u00e1rio em n\u00edvel federal; outras 4.704 ser\u00e3o criadas [&hellip;]<\/p>\n","protected":false},"author":1,"featured_media":6909,"comment_status":"open","ping_status":"open","sticky":false,"template":"","format":"standard","meta":{"site-sidebar-layout":"default","site-content-layout":"","ast-site-content-layout":"default","site-content-style":"default","site-sidebar-style":"default","ast-global-header-display":"","ast-banner-title-visibility":"","ast-main-header-display":"","ast-hfb-above-header-display":"","ast-hfb-below-header-display":"","ast-hfb-mobile-header-display":"","site-post-title":"","ast-breadcrumbs-content":"","ast-featured-img":"","footer-sml-layout":"","theme-transparent-header-meta":"","adv-header-id-meta":"","stick-header-meta":"","header-above-stick-meta":"","header-main-stick-meta":"","header-below-stick-meta":"","astra-migrate-meta-layouts":"default","ast-page-background-enabled":"default","ast-page-background-meta":{"desktop":{"background-color":"var(--ast-global-color-5)","background-image":"","background-repeat":"repeat","background-position":"center center","background-size":"auto","background-attachment":"scroll","background-type":"","background-media":"","overlay-type":"","overlay-color":"","overlay-opacity":"","overlay-gradient":""},"tablet":{"background-color":"","background-image":"","background-repeat":"repeat","background-position":"center center","background-size":"auto","background-attachment":"scroll","background-type":"","background-media":"","overlay-type":"","overlay-color":"","overlay-opacity":"","overlay-gradient":""},"mobile":{"background-color":"","background-image":"","background-repeat":"repeat","background-position":"center center","background-size":"auto","background-attachment":"scroll","background-type":"","background-media":"","overlay-type":"","overlay-color":"","overlay-opacity":"","overlay-gradient":""}},"ast-content-background-meta":{"desktop":{"background-color":"var(--ast-global-color-4)","background-image":"","background-repeat":"repeat","background-position":"center center","background-size":"auto","background-attachment":"scroll","background-type":"","background-media":"","overlay-type":"","overlay-color":"","overlay-opacity":"","overlay-gradient":""},"tablet":{"background-color":"var(--ast-global-color-4)","background-image":"","background-repeat":"repeat","background-position":"center center","background-size":"auto","background-attachment":"scroll","background-type":"","background-media":"","overlay-type":"","overlay-color":"","overlay-opacity":"","overlay-gradient":""},"mobile":{"background-color":"var(--ast-global-color-4)","background-image":"","background-repeat":"repeat","background-position":"center center","background-size":"auto","background-attachment":"scroll","background-type":"","background-media":"","overlay-type":"","overlay-color":"","overlay-opacity":"","overlay-gradient":""}},"_joinchat":[],"footnotes":""},"categories":[36],"tags":[],"_links":{"self":[{"href":"https:\/\/radiosantaclara.sitetopfm.com.br\/site\/wp-json\/wp\/v2\/posts\/11062"}],"collection":[{"href":"https:\/\/radiosantaclara.sitetopfm.com.br\/site\/wp-json\/wp\/v2\/posts"}],"about":[{"href":"https:\/\/radiosantaclara.sitetopfm.com.br\/site\/wp-json\/wp\/v2\/types\/post"}],"author":[{"embeddable":true,"href":"https:\/\/radiosantaclara.sitetopfm.com.br\/site\/wp-json\/wp\/v2\/users\/1"}],"replies":[{"embeddable":true,"href":"https:\/\/radiosantaclara.sitetopfm.com.br\/site\/wp-json\/wp\/v2\/comments?post=11062"}],"version-history":[{"count":0,"href":"https:\/\/radiosantaclara.sitetopfm.com.br\/site\/wp-json\/wp\/v2\/posts\/11062\/revisions"}],"wp:featuredmedia":[{"embeddable":true,"href":"https:\/\/radiosantaclara.sitetopfm.com.br\/site\/wp-json\/wp\/v2\/media\/6909"}],"wp:attachment":[{"href":"https:\/\/radiosantaclara.sitetopfm.com.br\/site\/wp-json\/wp\/v2\/media?parent=11062"}],"wp:term":[{"taxonomy":"category","embeddable":true,"href":"https:\/\/radiosantaclara.sitetopfm.com.br\/site\/wp-json\/wp\/v2\/categories?post=11062"},{"taxonomy":"post_tag","embeddable":true,"href":"https:\/\/radiosantaclara.sitetopfm.com.br\/site\/wp-json\/wp\/v2\/tags?post=11062"}],"curies":[{"name":"wp","href":"https:\/\/api.w.org\/{rel}","templated":true}]}}