{"id":11060,"date":"2026-09-01T14:29:16","date_gmt":"2026-09-01T17:29:16","guid":{"rendered":"https:\/\/radiosantaclara.sitetopfm.com.br\/site\/projeto-em-analise-na-camara-permite-que-fisioterapeutas-prescrevam-medicamentos\/"},"modified":"2026-09-01T14:29:16","modified_gmt":"2026-09-01T17:29:16","slug":"projeto-em-analise-na-camara-permite-que-fisioterapeutas-prescrevam-medicamentos","status":"publish","type":"post","link":"https:\/\/radiosantaclara.sitetopfm.com.br\/site\/projeto-em-analise-na-camara-permite-que-fisioterapeutas-prescrevam-medicamentos\/","title":{"rendered":"Projeto em an\u00e1lise na C\u00e2mara permite que fisioterapeutas prescrevam medicamentos"},"content":{"rendered":"<p> <br \/>\n<\/p>\n<div id=\"\">\n<figure class=\"materia__midia\" style=\"float: none; margin: 24px 0px;\" data-midia=\"1301653\"><img decoding=\"async\" src=\"https:\/\/www.camara.leg.br\/midias\/image\/2026\/09\/depositphotos-209990802-xl-768x513.jpg\" alt=\"Fisioterapeuta atende uma mulher que est\u00e1 deitada numa maca\"\/><figcaption><span class=\"materia__legenda-imagem\">O governo federal vai definir a lista de medicamentos que poder\u00e3o ser prescritos<\/span> &#8211; <span class=\"materia__creditos-imagem\" style=\"color:#5f5f5e\">Foto: Depositphotos<\/span><\/figcaption><\/figure>\n<p>O Projeto de Lei 3206\/26 autoriza fisioterapeutas regularmente inscritos no Conselho Regional de Fisioterapia e Terapia Ocupacional (Crefito) a prescrever medicamentos necess\u00e1rios aos tratamentos sob sua responsabilidade, desde que tais produtos sejam isentos de prescri\u00e7\u00e3o m\u00e9dica.<\/p>\n<p>Pela proposta em an\u00e1lise na C\u00e2mara dos Deputados, o profissional responder\u00e1 civil, administrativa e eticamente pela prescri\u00e7\u00e3o.<\/p>\n<p>Entre os produtos que os fisioterapeutas poder\u00e3o prescrever est\u00e3o:<\/p>\n<ul>\n<li>medicamentos e subst\u00e2ncias usados em procedimentos fisioterap\u00eauticos e em especialidades reconhecidas pelo Conselho Federal de Fisioterapia e Terapia Ocupacional (Coffito);<\/li>\n<li>\u00f3rteses, pr\u00f3teses, meios auxiliares de locomo\u00e7\u00e3o, dispositivos assistivos e tecnologias em sa\u00fade relacionadas \u00e0 reabilita\u00e7\u00e3o funcional;<\/li>\n<li>insumos e produtos necess\u00e1rios \u00e0 preven\u00e7\u00e3o, manuten\u00e7\u00e3o ou recupera\u00e7\u00e3o da funcionalidade do paciente.<\/li>\n<\/ul>\n<p>O governo federal dever\u00e1 regulamentar a lista de medicamentos e insumos que poder\u00e3o ser prescritos.<\/p>\n<p>J\u00e1 o Coffito poder\u00e1 editar normas complementares sobre procedimentos, requisitos t\u00e9cnicos, protocolos assistenciais e padr\u00f5es de seguran\u00e7a.<\/p>\n<h3 class=\"ds-titulo-subsecao\">Seguran\u00e7a jur\u00eddica<\/h3>\n<p>\n                        Conforme o autor, deputado licenciado Ilacir Bicalho (MG), o objetivo \u00e9 conferir seguran\u00e7a jur\u00eddica \u00e0 atua\u00e7\u00e3o dos fisioterapeutas e adequar a legisla\u00e7\u00e3o \u00e0 evolu\u00e7\u00e3o da profiss\u00e3o.<\/p>\n<p>\u201cAo estabelecer limites t\u00e9cnicos, exig\u00eancia de qualifica\u00e7\u00e3o profissional, observ\u00e2ncia dos protocolos cl\u00ednicos e responsabilidade \u00e9tica, administrativa e civil pelos atos praticados, o projeto promove seguran\u00e7a para pacientes, profissionais e institui\u00e7\u00f5es de sa\u00fade\u201d, argumentou Bicalho.<\/p>\n<h3 class=\"ds-titulo-subsecao\">Pr\u00f3ximos passos<\/h3>\n<p>\n                        O projeto ser\u00e1 analisado em <span id=\"4322\" class=\"termoGlossario materia__glossario\" title=\"Rito de tramita\u00e7\u00e3o pelo qual o projeto \u00e9 votado apenas pelas comiss\u00f5es designadas para analis\u00e1-lo, dispensada a delibera\u00e7\u00e3o do Plen\u00e1rio. O projeto perde o car\u00e1ter conclusivo se houver decis\u00e3o divergente entre as comiss\u00f5es ou se, independentemente de ser aprovado ou rejeitado, houver recurso assinado por 52 deputados para a aprecia\u00e7\u00e3o da mat\u00e9ria no Plen\u00e1rio.\" contenteditable=\"false\" data-toggle=\"tooltip\" data-placement=\"top\" style=\"color:#5f5f5e;border-bottom:none\">car\u00e1ter conclusivo<\/span> pelas comiss\u00f5es de Sa\u00fade; e de Constitui\u00e7\u00e3o e Justi\u00e7a e de Cidadania. Para virar lei, precisa ser aprovado pela C\u00e2mara e pelo Senado.<\/p>\n<p><a href=\"https:\/\/www.camara.leg.br\/noticias\/573454-SAIBA-MAIS-SOBRE-A-TRAMITACAO-DE-PROJETOS-DE-LEI\">Saiba mais sobre a tramita\u00e7\u00e3o de projetos de lei<\/a><\/p>\n<\/p><\/div>\n<p><br \/>\n<br \/><a href=\"https:\/\/www.camara.leg.br\/noticias\/1300670-projeto-em-analise-na-camara-permite-que-fisioterapeutas-prescrevam-medicamentos\">postagem original <\/a><\/p>\n","protected":false},"excerpt":{"rendered":"<p>O governo federal vai definir a lista de medicamentos que poder\u00e3o ser prescritos &#8211; Foto: Depositphotos O Projeto de Lei [&hellip;]<\/p>\n","protected":false},"author":1,"featured_media":6909,"comment_status":"open","ping_status":"open","sticky":false,"template":"","format":"standard","meta":{"site-sidebar-layout":"default","site-content-layout":"","ast-site-content-layout":"default","site-content-style":"default","site-sidebar-style":"default","ast-global-header-display":"","ast-banner-title-visibility":"","ast-main-header-display":"","ast-hfb-above-header-display":"","ast-hfb-below-header-display":"","ast-hfb-mobile-header-display":"","site-post-title":"","ast-breadcrumbs-content":"","ast-featured-img":"","footer-sml-layout":"","theme-transparent-header-meta":"","adv-header-id-meta":"","stick-header-meta":"","header-above-stick-meta":"","header-main-stick-meta":"","header-below-stick-meta":"","astra-migrate-meta-layouts":"default","ast-page-background-enabled":"default","ast-page-background-meta":{"desktop":{"background-color":"var(--ast-global-color-5)","background-image":"","background-repeat":"repeat","background-position":"center center","background-size":"auto","background-attachment":"scroll","background-type":"","background-media":"","overlay-type":"","overlay-color":"","overlay-opacity":"","overlay-gradient":""},"tablet":{"background-color":"","background-image":"","background-repeat":"repeat","background-position":"center center","background-size":"auto","background-attachment":"scroll","background-type":"","background-media":"","overlay-type":"","overlay-color":"","overlay-opacity":"","overlay-gradient":""},"mobile":{"background-color":"","background-image":"","background-repeat":"repeat","background-position":"center center","background-size":"auto","background-attachment":"scroll","background-type":"","background-media":"","overlay-type":"","overlay-color":"","overlay-opacity":"","overlay-gradient":""}},"ast-content-background-meta":{"desktop":{"background-color":"var(--ast-global-color-4)","background-image":"","background-repeat":"repeat","background-position":"center center","background-size":"auto","background-attachment":"scroll","background-type":"","background-media":"","overlay-type":"","overlay-color":"","overlay-opacity":"","overlay-gradient":""},"tablet":{"background-color":"var(--ast-global-color-4)","background-image":"","background-repeat":"repeat","background-position":"center center","background-size":"auto","background-attachment":"scroll","background-type":"","background-media":"","overlay-type":"","overlay-color":"","overlay-opacity":"","overlay-gradient":""},"mobile":{"background-color":"var(--ast-global-color-4)","background-image":"","background-repeat":"repeat","background-position":"center center","background-size":"auto","background-attachment":"scroll","background-type":"","background-media":"","overlay-type":"","overlay-color":"","overlay-opacity":"","overlay-gradient":""}},"_joinchat":[],"footnotes":""},"categories":[36],"tags":[],"_links":{"self":[{"href":"https:\/\/radiosantaclara.sitetopfm.com.br\/site\/wp-json\/wp\/v2\/posts\/11060"}],"collection":[{"href":"https:\/\/radiosantaclara.sitetopfm.com.br\/site\/wp-json\/wp\/v2\/posts"}],"about":[{"href":"https:\/\/radiosantaclara.sitetopfm.com.br\/site\/wp-json\/wp\/v2\/types\/post"}],"author":[{"embeddable":true,"href":"https:\/\/radiosantaclara.sitetopfm.com.br\/site\/wp-json\/wp\/v2\/users\/1"}],"replies":[{"embeddable":true,"href":"https:\/\/radiosantaclara.sitetopfm.com.br\/site\/wp-json\/wp\/v2\/comments?post=11060"}],"version-history":[{"count":0,"href":"https:\/\/radiosantaclara.sitetopfm.com.br\/site\/wp-json\/wp\/v2\/posts\/11060\/revisions"}],"wp:featuredmedia":[{"embeddable":true,"href":"https:\/\/radiosantaclara.sitetopfm.com.br\/site\/wp-json\/wp\/v2\/media\/6909"}],"wp:attachment":[{"href":"https:\/\/radiosantaclara.sitetopfm.com.br\/site\/wp-json\/wp\/v2\/media?parent=11060"}],"wp:term":[{"taxonomy":"category","embeddable":true,"href":"https:\/\/radiosantaclara.sitetopfm.com.br\/site\/wp-json\/wp\/v2\/categories?post=11060"},{"taxonomy":"post_tag","embeddable":true,"href":"https:\/\/radiosantaclara.sitetopfm.com.br\/site\/wp-json\/wp\/v2\/tags?post=11060"}],"curies":[{"name":"wp","href":"https:\/\/api.w.org\/{rel}","templated":true}]}}