{"id":11057,"date":"2026-09-01T11:53:33","date_gmt":"2026-09-01T14:53:33","guid":{"rendered":"https:\/\/radiosantaclara.sitetopfm.com.br\/site\/projeto-exige-nova-intimacao-de-devedor-quando-cumprimento-provisorio-de-sentenca-se-tornar-definitivo\/"},"modified":"2026-09-01T11:53:33","modified_gmt":"2026-09-01T14:53:33","slug":"projeto-exige-nova-intimacao-de-devedor-quando-cumprimento-provisorio-de-sentenca-se-tornar-definitivo","status":"publish","type":"post","link":"https:\/\/radiosantaclara.sitetopfm.com.br\/site\/projeto-exige-nova-intimacao-de-devedor-quando-cumprimento-provisorio-de-sentenca-se-tornar-definitivo\/","title":{"rendered":"Projeto exige nova intima\u00e7\u00e3o de devedor quando cumprimento provis\u00f3rio de senten\u00e7a se tornar definitivo"},"content":{"rendered":"<p> <br \/>\n<\/p>\n<div id=\"image-container-1033014\" class=\"image-container\" style=\"float: none;margin: 45px 0px;width: 100%\" data-midia=\"1033014\">\n<div class=\"midia-creditos\"><em>Gil Ferreira\/Ag\u00eancia CNJ<\/em><\/div>\n<div class=\"media-wrapper\"><img decoding=\"async\" style=\"width: 100%;height: auto\" src=\"https:\/\/www.camara.leg.br\/midias\/image\/2024\/01\/img20210811130031963-768x494.jpg\" alt=\"Direito e Justi\u00e7a - geral - oficial de justi\u00e7a - Oficial de justi\u00e7a, respons\u00e1vel por comunicar oficialmente uma intima\u00e7\u00e3o\" \/><\/div>\n<div class=\"midia-legenda\">Devedor deve ser novamente notificado com senten\u00e7a definitiva<\/div>\n<\/div>\n<p>O Projeto de Lei 3346\/26 torna obrigat\u00f3rio intimar novamente o devedor quando o cumprimento provis\u00f3rio da senten\u00e7a judicial se tornar definitivo. A proposta altera o <a class=\"linkLegislacao\" href=\"https:\/\/www2.camara.gov.br\/legin\/fed\/lei\/2015\/lei-13105-16-marco-2015-780273-norma-pl.html\" target=\"_blank\" rel=\"noopener noreferrer\">C\u00f3digo de Processo Civil (CPC)<\/a> para incorporar esse entendimento, j\u00e1 adotado pelo Superior Tribunal de Justi\u00e7a (STJ).<\/p>\n<p>Embora o CPC atual estabele\u00e7a que o cumprimento provis\u00f3rio segue as mesmas regras do definitivo, n\u00e3o detalha o que ocorre quando a execu\u00e7\u00e3o provis\u00f3ria se transforma em definitiva.<\/p>\n<p>Pelo projeto, com a senten\u00e7a final, o executado ser\u00e1 novamente intimado para cumprir a obriga\u00e7\u00e3o ou apresentar a impugna\u00e7\u00e3o (defesa na fase de cumprimento da senten\u00e7a). A partir da nova comunica\u00e7\u00e3o, iniciam-se os prazos legais previstos para a defesa ou para o pagamento do valor devido.<\/p>\n<p>O autor da proposta, deputado Jonas Donizette (PSB-SP), afirma que a mudan\u00e7a traz mais previsibilidade \u00e0s partes e aos \u00f3rg\u00e3os da Justi\u00e7a. \u201cA medida prestigia os princ\u00edpios do contradit\u00f3rio, da ampla defesa, do devido processo legal e da seguran\u00e7a jur\u00eddica\u201d, justificou.<\/p>\n<p><strong>Pr\u00f3ximas etapas<\/strong><br \/>\nO projeto ser\u00e1 analisado, em <span id=\"4322\" class=\"termoGlossario\" title=\"Rito de tramita\u00e7\u00e3o pelo qual o projeto \u00e9 votado apenas pelas comiss\u00f5es designadas para analis\u00e1-lo, dispensada a delibera\u00e7\u00e3o do Plen\u00e1rio. O projeto perde o car\u00e1ter conclusivo se houver decis\u00e3o divergente entre as comiss\u00f5es ou se, independentemente de ser aprovado ou rejeitado, houver recurso assinado por 52 deputados para a aprecia\u00e7\u00e3o da mat\u00e9ria no Plen\u00e1rio.\" data-toggle=\"tooltip\" data-placement=\"top\">car\u00e1ter conclusivo<\/span>, pela Comiss\u00e3o de Constitui\u00e7\u00e3o e Justi\u00e7a e de Cidadania.<\/p>\n<p>Para virar lei, o texto deve ser aprovado pela C\u00e2mara e pelo Senado.<\/p>\n<p><a href=\"https:\/\/www.camara.leg.br\/noticias\/573454-SAIBA-MAIS-SOBRE-A-TRAMITACAO-DE-PROJETOS-DE-LEI\">Saiba mais sobre a tramita\u00e7\u00e3o de projetos de lei<\/a><\/p>\n<p><br \/>\n<br \/><a href=\"https:\/\/www.camara.leg.br\/noticias\/1299239-projeto-exige-nova-intimacao-de-devedor-quando-cumprimento-provisorio-de-sentenca-se-tornar-definitivo\">postagem original <\/a><\/p>\n","protected":false},"excerpt":{"rendered":"<p>Gil Ferreira\/Ag\u00eancia CNJ Devedor deve ser novamente notificado com senten\u00e7a definitiva O Projeto de Lei 3346\/26 torna obrigat\u00f3rio intimar novamente [&hellip;]<\/p>\n","protected":false},"author":1,"featured_media":6909,"comment_status":"open","ping_status":"open","sticky":false,"template":"","format":"standard","meta":{"site-sidebar-layout":"default","site-content-layout":"","ast-site-content-layout":"default","site-content-style":"default","site-sidebar-style":"default","ast-global-header-display":"","ast-banner-title-visibility":"","ast-main-header-display":"","ast-hfb-above-header-display":"","ast-hfb-below-header-display":"","ast-hfb-mobile-header-display":"","site-post-title":"","ast-breadcrumbs-content":"","ast-featured-img":"","footer-sml-layout":"","theme-transparent-header-meta":"","adv-header-id-meta":"","stick-header-meta":"","header-above-stick-meta":"","header-main-stick-meta":"","header-below-stick-meta":"","astra-migrate-meta-layouts":"default","ast-page-background-enabled":"default","ast-page-background-meta":{"desktop":{"background-color":"var(--ast-global-color-5)","background-image":"","background-repeat":"repeat","background-position":"center center","background-size":"auto","background-attachment":"scroll","background-type":"","background-media":"","overlay-type":"","overlay-color":"","overlay-opacity":"","overlay-gradient":""},"tablet":{"background-color":"","background-image":"","background-repeat":"repeat","background-position":"center center","background-size":"auto","background-attachment":"scroll","background-type":"","background-media":"","overlay-type":"","overlay-color":"","overlay-opacity":"","overlay-gradient":""},"mobile":{"background-color":"","background-image":"","background-repeat":"repeat","background-position":"center center","background-size":"auto","background-attachment":"scroll","background-type":"","background-media":"","overlay-type":"","overlay-color":"","overlay-opacity":"","overlay-gradient":""}},"ast-content-background-meta":{"desktop":{"background-color":"var(--ast-global-color-4)","background-image":"","background-repeat":"repeat","background-position":"center center","background-size":"auto","background-attachment":"scroll","background-type":"","background-media":"","overlay-type":"","overlay-color":"","overlay-opacity":"","overlay-gradient":""},"tablet":{"background-color":"var(--ast-global-color-4)","background-image":"","background-repeat":"repeat","background-position":"center center","background-size":"auto","background-attachment":"scroll","background-type":"","background-media":"","overlay-type":"","overlay-color":"","overlay-opacity":"","overlay-gradient":""},"mobile":{"background-color":"var(--ast-global-color-4)","background-image":"","background-repeat":"repeat","background-position":"center center","background-size":"auto","background-attachment":"scroll","background-type":"","background-media":"","overlay-type":"","overlay-color":"","overlay-opacity":"","overlay-gradient":""}},"_joinchat":[],"footnotes":""},"categories":[36],"tags":[],"_links":{"self":[{"href":"https:\/\/radiosantaclara.sitetopfm.com.br\/site\/wp-json\/wp\/v2\/posts\/11057"}],"collection":[{"href":"https:\/\/radiosantaclara.sitetopfm.com.br\/site\/wp-json\/wp\/v2\/posts"}],"about":[{"href":"https:\/\/radiosantaclara.sitetopfm.com.br\/site\/wp-json\/wp\/v2\/types\/post"}],"author":[{"embeddable":true,"href":"https:\/\/radiosantaclara.sitetopfm.com.br\/site\/wp-json\/wp\/v2\/users\/1"}],"replies":[{"embeddable":true,"href":"https:\/\/radiosantaclara.sitetopfm.com.br\/site\/wp-json\/wp\/v2\/comments?post=11057"}],"version-history":[{"count":0,"href":"https:\/\/radiosantaclara.sitetopfm.com.br\/site\/wp-json\/wp\/v2\/posts\/11057\/revisions"}],"wp:featuredmedia":[{"embeddable":true,"href":"https:\/\/radiosantaclara.sitetopfm.com.br\/site\/wp-json\/wp\/v2\/media\/6909"}],"wp:attachment":[{"href":"https:\/\/radiosantaclara.sitetopfm.com.br\/site\/wp-json\/wp\/v2\/media?parent=11057"}],"wp:term":[{"taxonomy":"category","embeddable":true,"href":"https:\/\/radiosantaclara.sitetopfm.com.br\/site\/wp-json\/wp\/v2\/categories?post=11057"},{"taxonomy":"post_tag","embeddable":true,"href":"https:\/\/radiosantaclara.sitetopfm.com.br\/site\/wp-json\/wp\/v2\/tags?post=11057"}],"curies":[{"name":"wp","href":"https:\/\/api.w.org\/{rel}","templated":true}]}}