{"id":11053,"date":"2026-09-01T04:20:51","date_gmt":"2026-09-01T07:20:51","guid":{"rendered":"https:\/\/radiosantaclara.sitetopfm.com.br\/site\/camara-aprova-exigencia-de-diploma-para-o-exercicio-profissional-da-psicopedagogia\/"},"modified":"2026-09-01T04:20:51","modified_gmt":"2026-09-01T07:20:51","slug":"camara-aprova-exigencia-de-diploma-para-o-exercicio-profissional-da-psicopedagogia","status":"publish","type":"post","link":"https:\/\/radiosantaclara.sitetopfm.com.br\/site\/camara-aprova-exigencia-de-diploma-para-o-exercicio-profissional-da-psicopedagogia\/","title":{"rendered":"C\u00e2mara aprova exig\u00eancia de diploma para o exerc\u00edcio profissional da psicopedagogia"},"content":{"rendered":"<p> <br \/>\n<\/p>\n<div id=\"\">\n<figure class=\"materia__midia\" style=\"float: none; margin: 24px 0px;\" data-midia=\"1301499\"><img decoding=\"async\" src=\"https:\/\/www.camara.leg.br\/midias\/image\/2026\/08\/img20260831202623147-768x473.jpg\" alt=\"Discuss\u00e3o e vota\u00e7\u00e3o de propostas legislativas.\"\/><figcaption><span class=\"materia__legenda-imagem\">Hugo Mota (C) e psicopedagogas comemoram aprova\u00e7\u00e3o da proposta em Plen\u00e1rio<\/span> &#8211; <span class=\"materia__creditos-imagem\" style=\"color:#5f5f5e\">Foto: Bruno Spada\/C\u00e2mara dos Deputados<\/span><\/figcaption><\/figure>\n<p>A C\u00e2mara dos Deputados aprovou nesta segunda-feira (31) regras para o exerc\u00edcio profissional da psicopedagogia. O Projeto de Lei 1675\/23, que trata do tema, j\u00e1 passou pelo Senado e segue agora para san\u00e7\u00e3o presidencial.<\/p>\n<p>&#8220;Esta profiss\u00e3o cada dia mais se torna necess\u00e1ria no Brasil&#8221;, disse o presidente da C\u00e2mara, Hugo Motta (Republicanos-PB), que destacou o apoio desses profissionais \u00e0s crian\u00e7as com dificuldades de aprendizagem. &#8220;A C\u00e2mara faz justi\u00e7a com uma profiss\u00e3o importante e necess\u00e1ria para nosso Pa\u00eds e a forma\u00e7\u00e3o das pr\u00f3ximas gera\u00e7\u00f5es brasileiras&#8221;, afirmou.<\/p>\n<p>Entre os requisitos previstos no projeto est\u00e1 a exig\u00eancia de forma\u00e7\u00e3o espec\u00edfica para atribui\u00e7\u00f5es conferidas ao psicopedagogo. A atividade tamb\u00e9m poder\u00e1 ser exercida por quem tiver diploma de psicologia, pedagogia, licenciatura ou fonoaudiologia que conclu\u00edrem curso de especializa\u00e7\u00e3o em psicopedagogia.<\/p>\n<p>Profissionais que j\u00e1 exer\u00e7am ou tenham exercido a psicopedagogia por at\u00e9 um ano poder\u00e3o continuar com o exerc\u00edcio profissional. O texto tamb\u00e9m garante o direito aos atuais ocupantes de cargos ou fun\u00e7\u00f5es de psicopedagogo em institui\u00e7\u00f5es p\u00fablicas ou privadas.<\/p>\n<h3 class=\"ds-titulo-subsecao\">Atribui\u00e7\u00f5es<\/h3>\n<p>\n                        O texto define como atividades e atribui\u00e7\u00f5es da psicopedagogia:<\/p>\n<ul>\n<li>interven\u00e7\u00e3o psicopedag\u00f3gica tendo por enfoque o indiv\u00edduo, as institui\u00e7\u00f5es e os grupos, nos contextos da educa\u00e7\u00e3o e da sa\u00fade, nos locais onde ocorrem os processos de aprendizagem, na forma da lei;<\/li>\n<li>realiza\u00e7\u00e3o de avalia\u00e7\u00e3o e interven\u00e7\u00e3o exclusivamente psicopedag\u00f3gica, mediante a utiliza\u00e7\u00e3o de instrumentos e t\u00e9cnicas pr\u00f3prios da psicopedagogia;<\/li>\n<li>utiliza\u00e7\u00e3o de m\u00e9todos, t\u00e9cnicas e instrumentos psicopedag\u00f3gicos que tenham por finalidade a pesquisa, a preven\u00e7\u00e3o, a avalia\u00e7\u00e3o e a interven\u00e7\u00e3o relacionadas com a aprendizagem;<\/li>\n<li>consultoria e assessoria psicopedag\u00f3gicas, objetivando a identifica\u00e7\u00e3o, a compreens\u00e3o e a an\u00e1lise dos problemas no processo de aprendizagem em espa\u00e7os institucionais e cl\u00ednicos;<\/li>\n<li>apoio psicopedag\u00f3gico aos trabalhos realizados nos espa\u00e7os institucionais;<\/li>\n<li>supervis\u00e3o de profissionais em trabalhos te\u00f3ricos e pr\u00e1ticos de psicopedagogia;<\/li>\n<li>orienta\u00e7\u00e3o, coordena\u00e7\u00e3o e supervis\u00e3o de cursos de psicopedagogia;<\/li>\n<li>dire\u00e7\u00e3o de servi\u00e7os de psicopedagogia em estabelecimentos p\u00fablicos ou privados;<\/li>\n<li>proje\u00e7\u00e3o, dire\u00e7\u00e3o ou realiza\u00e7\u00e3o de pesquisas psicopedag\u00f3gicas.<\/li>\n<\/ul>\n<h3 class=\"ds-titulo-subsecao\">Sigilo<\/h3>\n<p>\n                        Segundo as regras aprovadas, o psicopedagogo tem o dever de manter sigilo sobre os fatos de que tenha conhecimento em virtude do exerc\u00edcio de sua atividade.<\/p>\n<p>As informa\u00e7\u00f5es obtidas no exerc\u00edcio profissional podem ser compartilhadas com outros profissionais somente com a autoriza\u00e7\u00e3o do cliente. A quebra do segredo profissional poder\u00e1 levar a san\u00e7\u00f5es civis e penais.<\/p>\n<h3 class=\"ds-titulo-subsecao\">Sem conflito<\/h3>\n<p>\n                        A deputada Erika Kokay (PT-DF) observou que o exerc\u00edcio da psicopedagogia n\u00e3o gera conflito com outras profiss\u00f5es. &#8220;Est\u00e1 assegurada a inclus\u00e3o da psicopedagogia em equipes multidisciplinares. \u00c9 fundamental ter a profiss\u00e3o regulamentada para que possam realizar concursos e compor essas equipes&#8221;, declarou.<\/p>\n<p>O deputado Rodrigo Rollemberg (PSB-DF) afirmou que a profiss\u00e3o \u00e9 fundamental para pessoas com dificuldade de aprendizado. &#8220;A proposta faz justi\u00e7a a milhares de profissionais qualificados que j\u00e1 atuam em benef\u00edcio da qualidade da educa\u00e7\u00e3o no Brasil e agora passam a ser reconhecidos legalmente e formalmente.&#8221;<\/p>\n<p><a href=\"https:\/\/www.camara.leg.br\/noticias\/573454-SAIBA-MAIS-SOBRE-A-TRAMITACAO-DE-PROJETOS-DE-LEI\">Saiba mais sobre a tramita\u00e7\u00e3o de projetos de lei<\/a><\/p>\n<\/p><\/div>\n<p><br \/>\n<br \/><a href=\"https:\/\/www.camara.leg.br\/noticias\/1301469-camara-aprova-exigencia-de-diploma-para-o-exercicio-profissional-da-psicopedagogia\">postagem original <\/a><\/p>\n","protected":false},"excerpt":{"rendered":"<p>Hugo Mota (C) e psicopedagogas comemoram aprova\u00e7\u00e3o da proposta em Plen\u00e1rio &#8211; Foto: Bruno Spada\/C\u00e2mara dos Deputados A C\u00e2mara dos [&hellip;]<\/p>\n","protected":false},"author":1,"featured_media":6909,"comment_status":"open","ping_status":"open","sticky":false,"template":"","format":"standard","meta":{"site-sidebar-layout":"default","site-content-layout":"","ast-site-content-layout":"default","site-content-style":"default","site-sidebar-style":"default","ast-global-header-display":"","ast-banner-title-visibility":"","ast-main-header-display":"","ast-hfb-above-header-display":"","ast-hfb-below-header-display":"","ast-hfb-mobile-header-display":"","site-post-title":"","ast-breadcrumbs-content":"","ast-featured-img":"","footer-sml-layout":"","theme-transparent-header-meta":"","adv-header-id-meta":"","stick-header-meta":"","header-above-stick-meta":"","header-main-stick-meta":"","header-below-stick-meta":"","astra-migrate-meta-layouts":"default","ast-page-background-enabled":"default","ast-page-background-meta":{"desktop":{"background-color":"var(--ast-global-color-5)","background-image":"","background-repeat":"repeat","background-position":"center center","background-size":"auto","background-attachment":"scroll","background-type":"","background-media":"","overlay-type":"","overlay-color":"","overlay-opacity":"","overlay-gradient":""},"tablet":{"background-color":"","background-image":"","background-repeat":"repeat","background-position":"center center","background-size":"auto","background-attachment":"scroll","background-type":"","background-media":"","overlay-type":"","overlay-color":"","overlay-opacity":"","overlay-gradient":""},"mobile":{"background-color":"","background-image":"","background-repeat":"repeat","background-position":"center center","background-size":"auto","background-attachment":"scroll","background-type":"","background-media":"","overlay-type":"","overlay-color":"","overlay-opacity":"","overlay-gradient":""}},"ast-content-background-meta":{"desktop":{"background-color":"var(--ast-global-color-4)","background-image":"","background-repeat":"repeat","background-position":"center center","background-size":"auto","background-attachment":"scroll","background-type":"","background-media":"","overlay-type":"","overlay-color":"","overlay-opacity":"","overlay-gradient":""},"tablet":{"background-color":"var(--ast-global-color-4)","background-image":"","background-repeat":"repeat","background-position":"center center","background-size":"auto","background-attachment":"scroll","background-type":"","background-media":"","overlay-type":"","overlay-color":"","overlay-opacity":"","overlay-gradient":""},"mobile":{"background-color":"var(--ast-global-color-4)","background-image":"","background-repeat":"repeat","background-position":"center center","background-size":"auto","background-attachment":"scroll","background-type":"","background-media":"","overlay-type":"","overlay-color":"","overlay-opacity":"","overlay-gradient":""}},"_joinchat":[],"footnotes":""},"categories":[36],"tags":[],"_links":{"self":[{"href":"https:\/\/radiosantaclara.sitetopfm.com.br\/site\/wp-json\/wp\/v2\/posts\/11053"}],"collection":[{"href":"https:\/\/radiosantaclara.sitetopfm.com.br\/site\/wp-json\/wp\/v2\/posts"}],"about":[{"href":"https:\/\/radiosantaclara.sitetopfm.com.br\/site\/wp-json\/wp\/v2\/types\/post"}],"author":[{"embeddable":true,"href":"https:\/\/radiosantaclara.sitetopfm.com.br\/site\/wp-json\/wp\/v2\/users\/1"}],"replies":[{"embeddable":true,"href":"https:\/\/radiosantaclara.sitetopfm.com.br\/site\/wp-json\/wp\/v2\/comments?post=11053"}],"version-history":[{"count":0,"href":"https:\/\/radiosantaclara.sitetopfm.com.br\/site\/wp-json\/wp\/v2\/posts\/11053\/revisions"}],"wp:featuredmedia":[{"embeddable":true,"href":"https:\/\/radiosantaclara.sitetopfm.com.br\/site\/wp-json\/wp\/v2\/media\/6909"}],"wp:attachment":[{"href":"https:\/\/radiosantaclara.sitetopfm.com.br\/site\/wp-json\/wp\/v2\/media?parent=11053"}],"wp:term":[{"taxonomy":"category","embeddable":true,"href":"https:\/\/radiosantaclara.sitetopfm.com.br\/site\/wp-json\/wp\/v2\/categories?post=11053"},{"taxonomy":"post_tag","embeddable":true,"href":"https:\/\/radiosantaclara.sitetopfm.com.br\/site\/wp-json\/wp\/v2\/tags?post=11053"}],"curies":[{"name":"wp","href":"https:\/\/api.w.org\/{rel}","templated":true}]}}