{"id":11048,"date":"2026-08-31T23:11:17","date_gmt":"2026-09-01T02:11:17","guid":{"rendered":"https:\/\/radiosantaclara.sitetopfm.com.br\/site\/projeto-preve-oferta-de-coletores-menstruais-em-programa-de-dignidade-menstrual\/"},"modified":"2026-08-31T23:11:17","modified_gmt":"2026-09-01T02:11:17","slug":"projeto-preve-oferta-de-coletores-menstruais-em-programa-de-dignidade-menstrual","status":"publish","type":"post","link":"https:\/\/radiosantaclara.sitetopfm.com.br\/site\/projeto-preve-oferta-de-coletores-menstruais-em-programa-de-dignidade-menstrual\/","title":{"rendered":"Projeto prev\u00ea oferta de coletores menstruais em programa de dignidade menstrual"},"content":{"rendered":"<p> <br \/>\n<\/p>\n<div id=\"\">\n<figure class=\"materia__midia\" style=\"float: none; margin: 24px 0px;\" data-midia=\"1301434\"><img decoding=\"async\" src=\"https:\/\/www.camara.leg.br\/midias\/image\/2026\/08\/img20180801103610729-768x512.jpg\" alt=\"Educa\u00e7\u00e3o - sala de aula - estudantes meninas mulheres alunas feminino\"\/><figcaption><span class=\"materia__legenda-imagem\">Um dos objetivos do projeto \u00e9 reduzir a evas\u00e3o escolar<\/span> &#8211; <span class=\"materia__creditos-imagem\" style=\"color:#5f5f5e\">Foto: Marcelo Camargo\/Ag\u00eancia Brasil<\/span><\/figcaption><\/figure>\n<p>O projeto de lei 3322\/26 autoriza a distribui\u00e7\u00e3o de coletores menstruais e outros produtos reutiliz\u00e1veis durante a\u00e7\u00f5es do Programa de Prote\u00e7\u00e3o e Promo\u00e7\u00e3o da Sa\u00fade Menstrual (<a class=\"linkLegislacao\" href=\"https:\/\/www2.camara.gov.br\/legin\/fed\/lei\/2021\/lei-14214-6-outubro-2021-791824-norma-pl.html\" target=\"_blank\" rel=\"noopener noreferrer\">Lei 14.214\/21<\/a>). A proposta est\u00e1 em an\u00e1lise na C\u00e2mara dos Deputados.<\/p>\n<p>Essas a\u00e7\u00f5es garantem o fornecimento gratuito de absorventes higi\u00eanicos para pessoas que menstruam e n\u00e3o t\u00eam condi\u00e7\u00f5es financeiras para compr\u00e1-los. A iniciativa atende estudantes de escolas, pessoas em situa\u00e7\u00e3o de rua e mulheres em pris\u00f5es.<\/p>\n<p>O programa foi criado para prevenir doen\u00e7as e infec\u00e7\u00f5es causadas pelo improviso de materiais inadequados (como miolo de p\u00e3o, jornal ou panos velhos) e para reduzir a evas\u00e3o escolar.<\/p>\n<p>Para a autora, deputada Ana Paula Lima (PT-SC), produtos reutiliz\u00e1veis, como os coletores menstruais, podem ampliar as op\u00e7\u00f5es de cuidado e contribuir para a autonomia. &#8220;O coletor menstrual n\u00e3o deve ser compreendido apenas como insumo de higiene, mas tamb\u00e9m como instrumento de promo\u00e7\u00e3o da autonomia, do autocuidado, da perman\u00eancia escolar, da inclus\u00e3o social e da justi\u00e7a ambiental&#8221;, ressaltou em justificativa.<\/p>\n<h3 class=\"ds-titulo-subsecao\">Pr\u00f3ximos passos<\/h3>\n<p>O projeto ser\u00e1 analisado, em <span id=\"4322\" class=\"termoGlossario materia__glossario\" title=\"Rito de tramita\u00e7\u00e3o pelo qual o projeto \u00e9 votado apenas pelas comiss\u00f5es designadas para analis\u00e1-lo, dispensada a delibera\u00e7\u00e3o do Plen\u00e1rio. O projeto perde o car\u00e1ter conclusivo se houver decis\u00e3o divergente entre as comiss\u00f5es ou se, independentemente de ser aprovado ou rejeitado, houver recurso assinado por 52 deputados para a aprecia\u00e7\u00e3o da mat\u00e9ria no Plen\u00e1rio.\" contenteditable=\"false\" data-toggle=\"tooltip\" data-placement=\"top\" style=\"color:#5f5f5e;border-bottom:none\">car\u00e1ter conclusivo<\/span> pelas comiss\u00f5es, pelas comiss\u00f5es de Sa\u00fade; de Defesa dos Direitos da Mulher; e de Constitui\u00e7\u00e3o e Justi\u00e7a e de Cidadania. Para virar lei, a proposta precisa ser aprovada pela C\u00e2mara e pelo Senado.<\/p>\n<p><a href=\"https:\/\/www.camara.leg.br\/noticias\/573454-SAIBA-MAIS-SOBRE-A-TRAMITACAO-DE-PROJETOS-DE-LEI\">Saiba mais sobre a tramita\u00e7\u00e3o de projetos de lei<\/a><\/p>\n<\/p><\/div>\n<p><br \/>\n<br \/><a href=\"https:\/\/www.camara.leg.br\/noticias\/1301326-projeto-preve-oferta-de-coletores-menstruais-em-programa-de-dignidade-menstrual\">postagem original <\/a><\/p>\n","protected":false},"excerpt":{"rendered":"<p>Um dos objetivos do projeto \u00e9 reduzir a evas\u00e3o escolar &#8211; Foto: Marcelo Camargo\/Ag\u00eancia Brasil O projeto de lei 3322\/26 [&hellip;]<\/p>\n","protected":false},"author":1,"featured_media":6909,"comment_status":"open","ping_status":"open","sticky":false,"template":"","format":"standard","meta":{"site-sidebar-layout":"default","site-content-layout":"","ast-site-content-layout":"default","site-content-style":"default","site-sidebar-style":"default","ast-global-header-display":"","ast-banner-title-visibility":"","ast-main-header-display":"","ast-hfb-above-header-display":"","ast-hfb-below-header-display":"","ast-hfb-mobile-header-display":"","site-post-title":"","ast-breadcrumbs-content":"","ast-featured-img":"","footer-sml-layout":"","theme-transparent-header-meta":"","adv-header-id-meta":"","stick-header-meta":"","header-above-stick-meta":"","header-main-stick-meta":"","header-below-stick-meta":"","astra-migrate-meta-layouts":"default","ast-page-background-enabled":"default","ast-page-background-meta":{"desktop":{"background-color":"var(--ast-global-color-5)","background-image":"","background-repeat":"repeat","background-position":"center center","background-size":"auto","background-attachment":"scroll","background-type":"","background-media":"","overlay-type":"","overlay-color":"","overlay-opacity":"","overlay-gradient":""},"tablet":{"background-color":"","background-image":"","background-repeat":"repeat","background-position":"center center","background-size":"auto","background-attachment":"scroll","background-type":"","background-media":"","overlay-type":"","overlay-color":"","overlay-opacity":"","overlay-gradient":""},"mobile":{"background-color":"","background-image":"","background-repeat":"repeat","background-position":"center center","background-size":"auto","background-attachment":"scroll","background-type":"","background-media":"","overlay-type":"","overlay-color":"","overlay-opacity":"","overlay-gradient":""}},"ast-content-background-meta":{"desktop":{"background-color":"var(--ast-global-color-4)","background-image":"","background-repeat":"repeat","background-position":"center center","background-size":"auto","background-attachment":"scroll","background-type":"","background-media":"","overlay-type":"","overlay-color":"","overlay-opacity":"","overlay-gradient":""},"tablet":{"background-color":"var(--ast-global-color-4)","background-image":"","background-repeat":"repeat","background-position":"center center","background-size":"auto","background-attachment":"scroll","background-type":"","background-media":"","overlay-type":"","overlay-color":"","overlay-opacity":"","overlay-gradient":""},"mobile":{"background-color":"var(--ast-global-color-4)","background-image":"","background-repeat":"repeat","background-position":"center center","background-size":"auto","background-attachment":"scroll","background-type":"","background-media":"","overlay-type":"","overlay-color":"","overlay-opacity":"","overlay-gradient":""}},"_joinchat":[],"footnotes":""},"categories":[31],"tags":[],"_links":{"self":[{"href":"https:\/\/radiosantaclara.sitetopfm.com.br\/site\/wp-json\/wp\/v2\/posts\/11048"}],"collection":[{"href":"https:\/\/radiosantaclara.sitetopfm.com.br\/site\/wp-json\/wp\/v2\/posts"}],"about":[{"href":"https:\/\/radiosantaclara.sitetopfm.com.br\/site\/wp-json\/wp\/v2\/types\/post"}],"author":[{"embeddable":true,"href":"https:\/\/radiosantaclara.sitetopfm.com.br\/site\/wp-json\/wp\/v2\/users\/1"}],"replies":[{"embeddable":true,"href":"https:\/\/radiosantaclara.sitetopfm.com.br\/site\/wp-json\/wp\/v2\/comments?post=11048"}],"version-history":[{"count":0,"href":"https:\/\/radiosantaclara.sitetopfm.com.br\/site\/wp-json\/wp\/v2\/posts\/11048\/revisions"}],"wp:featuredmedia":[{"embeddable":true,"href":"https:\/\/radiosantaclara.sitetopfm.com.br\/site\/wp-json\/wp\/v2\/media\/6909"}],"wp:attachment":[{"href":"https:\/\/radiosantaclara.sitetopfm.com.br\/site\/wp-json\/wp\/v2\/media?parent=11048"}],"wp:term":[{"taxonomy":"category","embeddable":true,"href":"https:\/\/radiosantaclara.sitetopfm.com.br\/site\/wp-json\/wp\/v2\/categories?post=11048"},{"taxonomy":"post_tag","embeddable":true,"href":"https:\/\/radiosantaclara.sitetopfm.com.br\/site\/wp-json\/wp\/v2\/tags?post=11048"}],"curies":[{"name":"wp","href":"https:\/\/api.w.org\/{rel}","templated":true}]}}