{"id":11047,"date":"2026-08-31T21:27:32","date_gmt":"2026-09-01T00:27:32","guid":{"rendered":"https:\/\/radiosantaclara.sitetopfm.com.br\/site\/orcamento-de-2027-tem-salario-minimo-de-r-1-741-e-reducao-de-despesas-com-pessoal\/"},"modified":"2026-08-31T21:27:32","modified_gmt":"2026-09-01T00:27:32","slug":"orcamento-de-2027-tem-salario-minimo-de-r-1-741-e-reducao-de-despesas-com-pessoal","status":"publish","type":"post","link":"https:\/\/radiosantaclara.sitetopfm.com.br\/site\/orcamento-de-2027-tem-salario-minimo-de-r-1-741-e-reducao-de-despesas-com-pessoal\/","title":{"rendered":"Or\u00e7amento de 2027 tem sal\u00e1rio m\u00ednimo de R$ 1.741 e redu\u00e7\u00e3o de despesas com pessoal"},"content":{"rendered":"<p> <br \/>\n<\/p>\n<div id=\"\">\n<figure class=\"materia__midia\" style=\"float: none; margin: 24px 0px;\" data-midia=\"1211870\"><img decoding=\"async\" src=\"https:\/\/www.camara.leg.br\/midias\/image\/2025\/10\/img20230523102502231-768x576.jpg\" alt=\"Bras\u00edlia - monumentos e pr\u00e9dios p\u00fablicos - Bras\u00edlia - 22.05.2023 - Foto Esplanada dos Minist\u00e9rios, em Bras\u00edlia. Congresso Nacional - Pal\u00e1cio do Congresso Nacional\"\/><figcaption><span class=\"materia__legenda-imagem\">Para cumprir meta, governo ter\u00e1 que calibrar reajustes e contrata\u00e7\u00f5es no servi\u00e7o p\u00fablico<\/span> &#8211; <span class=\"materia__creditos-imagem\" style=\"color:#5f5f5e\">Foto: Antonio Cruz\/Ag\u00eancia Brasil<\/span><\/figcaption><\/figure>\n<p>O Executivo enviou ao Congresso Nacional o Projeto de Lei do Or\u00e7ament\u00e1ria Anual (<span id=\"4123\" class=\"termoGlossario materia__glossario\" title=\"Comumente denominada or\u00e7amento, \u00e9 a lei que cont\u00e9m a discrimina\u00e7\u00e3o da receita e da despesa p\u00fablica para o ano. \u00c9 elaborada pelo Executivo e votada pelo Congresso Nacional.\" contenteditable=\"false\" data-toggle=\"tooltip\" data-placement=\"top\" style=\"color:#5f5f5e;border-bottom:none\">PLOA<\/span>) de 2027 com a previs\u00e3o de um sal\u00e1rio m\u00ednimo de R$ 1.741 e redu\u00e7\u00e3o de despesas obrigat\u00f3rias como gastos com pessoal.<\/p>\n<p>O objetivo \u00e9 alcan\u00e7ar a meta fiscal definida na Lei de Diretrizes Or\u00e7ament\u00e1rias (<span id=\"4066\" class=\"termoGlossario materia__glossario\" title=\"Lei que orienta a elabora\u00e7\u00e3o do or\u00e7amento do ano seguinte. Cont\u00e9m informa\u00e7\u00f5es sobre as metas e prioridades dos tr\u00eas poderes (Executivo, Legislativo e Judici\u00e1rio) e do Minist\u00e9rio P\u00fablico da Uni\u00e3o. Tamb\u00e9m define a meta fiscal para o ano seguinte. \u00c9 elaborada pelo Executivo e aprovada pelo Congresso Nacional.\" contenteditable=\"false\" data-toggle=\"tooltip\" data-placement=\"top\" style=\"color:#5f5f5e;border-bottom:none\">LDO<\/span>), tornando as receitas maiores que as despesas prim\u00e1rias em 0,5% do Produto Interno Bruto (<span id=\"4128\" class=\"termoGlossario materia__glossario\" title=\"Indicador que mede a produ\u00e7\u00e3o total de bens e servi\u00e7os finais de um pa\u00eds, levando em conta tr\u00eas grupos principais: (1) agropecu\u00e1ria, abrangendo agricultura extrativa vegetal e pecu\u00e1ria; (2) ind\u00fastria, que engloba as \u00e1reas de extra\u00e7\u00e3o mineral, de transforma\u00e7\u00e3o, de servi\u00e7os industriais de utilidade p\u00fablica e de constru\u00e7\u00e3o civil; e (3) servi\u00e7os, que incluem com\u00e9rcio, transporte, comunica\u00e7\u00e3o, servi\u00e7os da administra\u00e7\u00e3o p\u00fablica e outros. A partir de uma compara\u00e7\u00e3o entre a produ\u00e7\u00e3o de um ano e do anterior, encontra-se a varia\u00e7\u00e3o anual do PIB.\" contenteditable=\"false\" data-toggle=\"tooltip\" data-placement=\"top\" style=\"color:#5f5f5e;border-bottom:none\">PIB<\/span>), o que d\u00e1 R$ 73,2 bilh\u00f5es.<\/p>\n<p style=\"text-align: left;\"><a href=\"https:\/\/www.camara.leg.br\/noticias\/866636-conheca-o-ciclo-orcamentario-federal\">Conhe\u00e7a o ciclo or\u00e7ament\u00e1rio federal<\/a><\/p>\n<p>Nesta conta, por\u00e9m, s\u00e3o deduzidas algumas despesas conforme permite a legisla\u00e7\u00e3o, como as d\u00edvidas de senten\u00e7as judiciais, os precat\u00f3rios. Nas contas do projeto, inclusive, foi calculado um super\u00e1vit superior \u00e0 meta, de R$ 83,4 bilh\u00f5es.<\/p>\n<p>Mas o governo afirma que, em 2027, ser\u00e1 poss\u00edvel obter um super\u00e1vit de R$ 18,6 bilh\u00f5es mesmo sem contar estas dedu\u00e7\u00f5es legais.<\/p>\n<p>O ministro da Fazenda, Dario Durigan, disse que este ser\u00e1 o primeiro super\u00e1vit efetivo em muitos anos porque o obtido em 2022 foi \u201cfict\u00edcio\u201d, pois teria deixado v\u00e1rias despesas para 2023. Antes de 2022, desde 2014 o pa\u00eds registra d\u00e9ficits nas contas.<\/p>\n<p>\u201cTemos plena confian\u00e7a neste resultado prim\u00e1rio, pois h\u00e1 um peso menor das despesas obrigat\u00f3rias com mais margem de manejo nas despesas discricion\u00e1rias. N\u00e3o estamos prevendo receitas que dependam de aprova\u00e7\u00e3o do Congresso\u201d, afirmou o ministro do Planejamento e Or\u00e7amento, Bruno Moretti.<\/p>\n<p>Por causa do d\u00e9ficit efetivo j\u00e1 registrado em 2025 e a proje\u00e7\u00e3o de d\u00e9ficit para 2026, o arcabou\u00e7o fiscal limita as despesas de pessoal e modifica o c\u00e1lculo das despesas m\u00ednimas com sa\u00fade, entre outras vincula\u00e7\u00f5es. Estes \u201cgatilhos\u201d, segundo o ministro, v\u00e3o reduzir as despesas obrigat\u00f3rias em R$ 18 bilh\u00f5es em 2027.<\/p>\n<h3 class=\"ds-titulo-subsecao\">Servidores p\u00fablicos<\/h3>\n<p>O Executivo ter\u00e1 que calibrar reajustes e contrata\u00e7\u00f5es no servi\u00e7o p\u00fablico para que o crescimento seja de 3,2% contra uma m\u00e9dia de 7,9% entre 2023 e 2026. Outro gatilho que entra em vigor em 2027 \u00e9 a proibi\u00e7\u00e3o de novos benef\u00edcios fiscais.<\/p>\n<h3 class=\"ds-titulo-subsecao\">Sal\u00e1rio m\u00ednimo<\/h3>\n<p>O aumento de 7,4% ser\u00e1 revisto quando for divulgado o <span id=\"4413\" class=\"termoGlossario materia__glossario\" title=\"Calculado pelo IBGE, mede o custo de vida de fam\u00edlias com rendimento mensal de um a 40 sal\u00e1rios m\u00ednimos em onze regi\u00f5es metropolitanas. Desde 1999, \u00e9 usado pelo governo com o \u00edndice oficial de infla\u00e7\u00e3o do Pa\u00eds.\" contenteditable=\"false\" data-toggle=\"tooltip\" data-placement=\"top\" style=\"color:#5f5f5e;border-bottom:none\">IPCA<\/span> de novembro porque a conta atual considerou apenas uma proje\u00e7\u00e3o do \u00edndice acumulado em 12 meses mais a varia\u00e7\u00e3o do PIB de 2025. N\u00e3o h\u00e1 previs\u00e3o, por\u00e9m, de reajuste para o bolsa fam\u00edlia.<\/p>\n<h3 class=\"ds-titulo-subsecao\">Reforma Tribut\u00e1ria<\/h3>\n<p>O governo estima uma leve queda das receitas, sendo que entrar\u00e1 em vigor a Contribui\u00e7\u00e3o sobre Bens e Servi\u00e7os (CBS) e o Imposto Seletivo (IS), ambos impostos federais sobre o consumo vindos da reforma tribut\u00e1ria.<\/p>\n<p>Dario Durigan disse que \u00e9 esperada uma arrecada\u00e7\u00e3o de R$ 678 bilh\u00f5es com os dois tributos que v\u00e3o substituir IPI, Pis e Cofins. Pela reforma, n\u00e3o pode haver aumento da arrecada\u00e7\u00e3o com os novos tributos.<\/p>\n<p>Entre os par\u00e2metros macroecon\u00f4micos utilizados para a elabora\u00e7\u00e3o do projeto, o governo estimou um crescimento da economia de 2,46% em 2027 e uma infla\u00e7\u00e3o de 3,6% (Veja Infogr\u00e1fico abaixo).<\/p>\n<p>\u00a0<\/p>\n<div id=\"infografico-embed-1301453\" style=\"width: 100%; max-width: 100%; overflow: hidden;\"><img decoding=\"async\" src=\"https:\/\/www.camara.leg.br\/internet\/agencia\/infograficos-html5\/parametros-macroeconomicos-proposta-orcamentaria-2027\/images\/desktop.jpg\" alt=\"\" loading=\"lazy\" style=\"width: 100%; max-width: 100%; height: auto; display: block; border: 0; margin: 0 auto;\"\/><\/div>\n<p>\u00a0<\/p>\n<h3 class=\"ds-titulo-subsecao\">Correios<\/h3>\n<p>O governo incluiu no Or\u00e7amento de 2027 um aporte de R$ 6 bilh\u00f5es nos Correios. Segundo o Executivo, a empresa tem reduzido gastos e atuado na reestrutura\u00e7\u00e3o de sua d\u00edvida.<\/p>\n<h3 class=\"ds-titulo-subsecao\">Emendas parlamentares<\/h3>\n<p>O Executivo previu apenas as emendas parlamentares impositivas no Or\u00e7amento de 2027, ou R$ 44,8 bilh\u00f5es de emendas individuais e de bancadas estaduais. As emendas impositivas s\u00e3o as que t\u00eam execu\u00e7\u00e3o obrigat\u00f3ria. Este ano, foram alocados R$ 11,8 bilh\u00f5es para emendas de comiss\u00f5es permanentes.<\/p>\n<h3 class=\"ds-titulo-subsecao\">Grandes n\u00fameros do Or\u00e7amento de 2027:<\/h3>\n<p>Or\u00e7amento total (inclui rolagem da d\u00edvida p\u00fablica) \u2013 R$ 7,5 trilh\u00f5es<\/p>\n<ul>\n<li>Limite de despesas prim\u00e1rias \u2013 R$ 2.576,5 bilh\u00f5es<\/li>\n<li>Despesas com pessoal \u2013 R$ 369 bilh\u00f5es<\/li>\n<li>Investimentos \u2013 R$ 133 bilh\u00f5es<\/li>\n<li>Sa\u00fade &#8211; R$ 272,2 bilh\u00f5es<\/li>\n<li>Educa\u00e7\u00e3o \u2013 R$ 141,2 bilh\u00f5es<\/li>\n<li>Benef\u00edcios da Previd\u00eancia \u2013 R$ 1.169,3 bilh\u00f5es<\/li>\n<li>Pessoal \u2013 R$ 440,7 bilh\u00f5es<\/li>\n<li>Bolsa Fam\u00edlia \u2013 R$ 157,1 bilh\u00f5es<\/li>\n<li>Benef\u00edcios de Presta\u00e7\u00e3o Continuada \u2013 R$ 145,1 bilh\u00f5es<\/li>\n<li>Abono e Seguro Desemprego \u2013 R$ 104,7 bilh\u00f5es<\/li>\n<\/ul>\n<\/div>\n<p><br \/>\n<br \/><a href=\"https:\/\/www.camara.leg.br\/noticias\/1301496-orcamento-de-2027-tem-salario-minimo-de-r-1-741-e-reducao-de-despesas-com-pessoal\">postagem original <\/a><\/p>\n","protected":false},"excerpt":{"rendered":"<p>Para cumprir meta, governo ter\u00e1 que calibrar reajustes e contrata\u00e7\u00f5es no servi\u00e7o p\u00fablico &#8211; Foto: Antonio Cruz\/Ag\u00eancia Brasil O Executivo [&hellip;]<\/p>\n","protected":false},"author":1,"featured_media":6909,"comment_status":"open","ping_status":"open","sticky":false,"template":"","format":"standard","meta":{"site-sidebar-layout":"default","site-content-layout":"","ast-site-content-layout":"default","site-content-style":"default","site-sidebar-style":"default","ast-global-header-display":"","ast-banner-title-visibility":"","ast-main-header-display":"","ast-hfb-above-header-display":"","ast-hfb-below-header-display":"","ast-hfb-mobile-header-display":"","site-post-title":"","ast-breadcrumbs-content":"","ast-featured-img":"","footer-sml-layout":"","theme-transparent-header-meta":"","adv-header-id-meta":"","stick-header-meta":"","header-above-stick-meta":"","header-main-stick-meta":"","header-below-stick-meta":"","astra-migrate-meta-layouts":"default","ast-page-background-enabled":"default","ast-page-background-meta":{"desktop":{"background-color":"var(--ast-global-color-5)","background-image":"","background-repeat":"repeat","background-position":"center center","background-size":"auto","background-attachment":"scroll","background-type":"","background-media":"","overlay-type":"","overlay-color":"","overlay-opacity":"","overlay-gradient":""},"tablet":{"background-color":"","background-image":"","background-repeat":"repeat","background-position":"center center","background-size":"auto","background-attachment":"scroll","background-type":"","background-media":"","overlay-type":"","overlay-color":"","overlay-opacity":"","overlay-gradient":""},"mobile":{"background-color":"","background-image":"","background-repeat":"repeat","background-position":"center center","background-size":"auto","background-attachment":"scroll","background-type":"","background-media":"","overlay-type":"","overlay-color":"","overlay-opacity":"","overlay-gradient":""}},"ast-content-background-meta":{"desktop":{"background-color":"var(--ast-global-color-4)","background-image":"","background-repeat":"repeat","background-position":"center center","background-size":"auto","background-attachment":"scroll","background-type":"","background-media":"","overlay-type":"","overlay-color":"","overlay-opacity":"","overlay-gradient":""},"tablet":{"background-color":"var(--ast-global-color-4)","background-image":"","background-repeat":"repeat","background-position":"center center","background-size":"auto","background-attachment":"scroll","background-type":"","background-media":"","overlay-type":"","overlay-color":"","overlay-opacity":"","overlay-gradient":""},"mobile":{"background-color":"var(--ast-global-color-4)","background-image":"","background-repeat":"repeat","background-position":"center center","background-size":"auto","background-attachment":"scroll","background-type":"","background-media":"","overlay-type":"","overlay-color":"","overlay-opacity":"","overlay-gradient":""}},"_joinchat":[],"footnotes":""},"categories":[36],"tags":[],"_links":{"self":[{"href":"https:\/\/radiosantaclara.sitetopfm.com.br\/site\/wp-json\/wp\/v2\/posts\/11047"}],"collection":[{"href":"https:\/\/radiosantaclara.sitetopfm.com.br\/site\/wp-json\/wp\/v2\/posts"}],"about":[{"href":"https:\/\/radiosantaclara.sitetopfm.com.br\/site\/wp-json\/wp\/v2\/types\/post"}],"author":[{"embeddable":true,"href":"https:\/\/radiosantaclara.sitetopfm.com.br\/site\/wp-json\/wp\/v2\/users\/1"}],"replies":[{"embeddable":true,"href":"https:\/\/radiosantaclara.sitetopfm.com.br\/site\/wp-json\/wp\/v2\/comments?post=11047"}],"version-history":[{"count":0,"href":"https:\/\/radiosantaclara.sitetopfm.com.br\/site\/wp-json\/wp\/v2\/posts\/11047\/revisions"}],"wp:featuredmedia":[{"embeddable":true,"href":"https:\/\/radiosantaclara.sitetopfm.com.br\/site\/wp-json\/wp\/v2\/media\/6909"}],"wp:attachment":[{"href":"https:\/\/radiosantaclara.sitetopfm.com.br\/site\/wp-json\/wp\/v2\/media?parent=11047"}],"wp:term":[{"taxonomy":"category","embeddable":true,"href":"https:\/\/radiosantaclara.sitetopfm.com.br\/site\/wp-json\/wp\/v2\/categories?post=11047"},{"taxonomy":"post_tag","embeddable":true,"href":"https:\/\/radiosantaclara.sitetopfm.com.br\/site\/wp-json\/wp\/v2\/tags?post=11047"}],"curies":[{"name":"wp","href":"https:\/\/api.w.org\/{rel}","templated":true}]}}