{"id":11046,"date":"2026-08-31T21:09:37","date_gmt":"2026-09-01T00:09:37","guid":{"rendered":"https:\/\/radiosantaclara.sitetopfm.com.br\/site\/projeto-proibe-bloqueio-remoto-de-veiculos-por-falta-de-pagamento-de-parcelas\/"},"modified":"2026-08-31T21:09:37","modified_gmt":"2026-09-01T00:09:37","slug":"projeto-proibe-bloqueio-remoto-de-veiculos-por-falta-de-pagamento-de-parcelas","status":"publish","type":"post","link":"https:\/\/radiosantaclara.sitetopfm.com.br\/site\/projeto-proibe-bloqueio-remoto-de-veiculos-por-falta-de-pagamento-de-parcelas\/","title":{"rendered":"Projeto pro\u00edbe bloqueio remoto de ve\u00edculos por falta de pagamento de parcelas"},"content":{"rendered":"<p> <br \/>\n<\/p>\n<div id=\"\">\n<figure class=\"materia__midia\" style=\"float: none; margin: 24px 0px;\" data-midia=\"1301292\"><img decoding=\"async\" src=\"https:\/\/www.camara.leg.br\/midias\/image\/2026\/08\/pessoa-tentando-abrir-a-porta-do-carro-768x512.jpg\" alt=\"Pessoa tentando abrir a porta do carro\"\/><figcaption><span class=\"materia__legenda-imagem\">Para deputado, medida dever\u00e1 assegurar o equil\u00edbrio entre as partes<\/span><\/figcaption><\/figure>\n<p>O Projeto de Lei 2268\/26 pro\u00edbe a instala\u00e7\u00e3o ou o uso de dispositivos eletr\u00f4nicos que permitam o bloqueio, a imobiliza\u00e7\u00e3o ou qualquer restri\u00e7\u00e3o ao uso de ve\u00edculos por atraso ou n\u00e3o pagamento de parcelas.<\/p>\n<p>A proposta em an\u00e1lise na C\u00e2mara dos Deputados considera como bloqueio remoto qualquer tecnologia que impe\u00e7a ou limite o uso normal do ve\u00edculo, operada por meio de software, aplicativo, sat\u00e9lite ou outro meio eletr\u00f4nico.<\/p>\n<p>Pelo texto, a medida abranger\u00e1 contratos de compra e venda, financiamento ou arrendamento mercantil. Em todos os casos ser\u00e1 nula qualquer cl\u00e1usula contratual que autorize as pr\u00e1ticas proibidas.<\/p>\n<h3 class=\"ds-titulo-subsecao\">Justificativa<\/h3>\n<p>\n                        Autor da proposta, o deputado Leonardo Monteiro (PT-MG) afirmou que o bloqueio de ve\u00edculos com d\u00edvidas j\u00e1 \u00e9 adotado em outros pa\u00edses. \u201cO avan\u00e7o da tecnologia levanta s\u00e9rias d\u00favidas sobre os riscos no contexto brasileiro\u201d, disse.<\/p>\n<p>Para Leonardo Monteiro, a mudan\u00e7a prevista dever\u00e1 assegurar o equil\u00edbrio entre as partes, sem prejudicar os credores. \u201cEles continuar\u00e3o a dispor da possibilidade de recorrer aos meios legais e processuais apropriados\u201d, disse o deputado.<\/p>\n<p>Pelo projeto, as empresas infratoras estar\u00e3o sujeitas a penalidades e at\u00e9 multas, que poder\u00e3o variar de R$ 10 mil a R$ 100 mil. Essas puni\u00e7\u00f5es ser\u00e3o aplicadas sem preju\u00edzo de outras san\u00e7\u00f5es previstas no <a href=\"https:\/\/www2.camara.leg.br\/legin\/fed\/lei\/1990\/lei-8078-11-setembro-1990-365086-norma-pl.html\">C\u00f3digo de Defesa do Consumidor<\/a>.<\/p>\n<h3 class=\"ds-titulo-subsecao\">Pr\u00f3ximos passos<\/h3>\n<p>\n                        O projeto ser\u00e1 analisado, em <span id=\"4322\" class=\"termoGlossario materia__glossario\" title=\"Rito de tramita\u00e7\u00e3o pelo qual o projeto \u00e9 votado apenas pelas comiss\u00f5es designadas para analis\u00e1-lo, dispensada a delibera\u00e7\u00e3o do Plen\u00e1rio. O projeto perde o car\u00e1ter conclusivo se houver decis\u00e3o divergente entre as comiss\u00f5es ou se, independentemente de ser aprovado ou rejeitado, houver recurso assinado por 52 deputados para a aprecia\u00e7\u00e3o da mat\u00e9ria no Plen\u00e1rio.\" contenteditable=\"false\" data-toggle=\"tooltip\" data-placement=\"top\" style=\"color:#5f5f5e;border-bottom:none\">car\u00e1ter conclusivo<\/span>, pelas comiss\u00f5es de Via\u00e7\u00e3o e Transportes; de Defesa do Consumidor; e de Constitui\u00e7\u00e3o e Justi\u00e7a e de Cidadania.<\/p>\n<p>Para virar lei, ter\u00e1 de ser aprovado pela C\u00e2mara e pelo Senado.<\/p>\n<p><a href=\"https:\/\/www.camara.leg.br\/noticias\/573454-SAIBA-MAIS-SOBRE-A-TRAMITACAO-DE-PROJETOS-DE-LEI\">Saiba mais sobre a tramita\u00e7\u00e3o de projetos de lei<\/a><\/p>\n<\/p><\/div>\n<p><br \/>\n<br \/><a href=\"https:\/\/www.camara.leg.br\/noticias\/1300599-projeto-proibe-bloqueio-remoto-de-veiculos-por-falta-de-pagamento-de-parcelas\">postagem original <\/a><\/p>\n","protected":false},"excerpt":{"rendered":"<p>Para deputado, medida dever\u00e1 assegurar o equil\u00edbrio entre as partes O Projeto de Lei 2268\/26 pro\u00edbe a instala\u00e7\u00e3o ou o [&hellip;]<\/p>\n","protected":false},"author":1,"featured_media":6909,"comment_status":"open","ping_status":"open","sticky":false,"template":"","format":"standard","meta":{"site-sidebar-layout":"default","site-content-layout":"","ast-site-content-layout":"default","site-content-style":"default","site-sidebar-style":"default","ast-global-header-display":"","ast-banner-title-visibility":"","ast-main-header-display":"","ast-hfb-above-header-display":"","ast-hfb-below-header-display":"","ast-hfb-mobile-header-display":"","site-post-title":"","ast-breadcrumbs-content":"","ast-featured-img":"","footer-sml-layout":"","theme-transparent-header-meta":"","adv-header-id-meta":"","stick-header-meta":"","header-above-stick-meta":"","header-main-stick-meta":"","header-below-stick-meta":"","astra-migrate-meta-layouts":"default","ast-page-background-enabled":"default","ast-page-background-meta":{"desktop":{"background-color":"var(--ast-global-color-5)","background-image":"","background-repeat":"repeat","background-position":"center center","background-size":"auto","background-attachment":"scroll","background-type":"","background-media":"","overlay-type":"","overlay-color":"","overlay-opacity":"","overlay-gradient":""},"tablet":{"background-color":"","background-image":"","background-repeat":"repeat","background-position":"center center","background-size":"auto","background-attachment":"scroll","background-type":"","background-media":"","overlay-type":"","overlay-color":"","overlay-opacity":"","overlay-gradient":""},"mobile":{"background-color":"","background-image":"","background-repeat":"repeat","background-position":"center center","background-size":"auto","background-attachment":"scroll","background-type":"","background-media":"","overlay-type":"","overlay-color":"","overlay-opacity":"","overlay-gradient":""}},"ast-content-background-meta":{"desktop":{"background-color":"var(--ast-global-color-4)","background-image":"","background-repeat":"repeat","background-position":"center center","background-size":"auto","background-attachment":"scroll","background-type":"","background-media":"","overlay-type":"","overlay-color":"","overlay-opacity":"","overlay-gradient":""},"tablet":{"background-color":"var(--ast-global-color-4)","background-image":"","background-repeat":"repeat","background-position":"center center","background-size":"auto","background-attachment":"scroll","background-type":"","background-media":"","overlay-type":"","overlay-color":"","overlay-opacity":"","overlay-gradient":""},"mobile":{"background-color":"var(--ast-global-color-4)","background-image":"","background-repeat":"repeat","background-position":"center center","background-size":"auto","background-attachment":"scroll","background-type":"","background-media":"","overlay-type":"","overlay-color":"","overlay-opacity":"","overlay-gradient":""}},"_joinchat":[],"footnotes":""},"categories":[37],"tags":[],"_links":{"self":[{"href":"https:\/\/radiosantaclara.sitetopfm.com.br\/site\/wp-json\/wp\/v2\/posts\/11046"}],"collection":[{"href":"https:\/\/radiosantaclara.sitetopfm.com.br\/site\/wp-json\/wp\/v2\/posts"}],"about":[{"href":"https:\/\/radiosantaclara.sitetopfm.com.br\/site\/wp-json\/wp\/v2\/types\/post"}],"author":[{"embeddable":true,"href":"https:\/\/radiosantaclara.sitetopfm.com.br\/site\/wp-json\/wp\/v2\/users\/1"}],"replies":[{"embeddable":true,"href":"https:\/\/radiosantaclara.sitetopfm.com.br\/site\/wp-json\/wp\/v2\/comments?post=11046"}],"version-history":[{"count":0,"href":"https:\/\/radiosantaclara.sitetopfm.com.br\/site\/wp-json\/wp\/v2\/posts\/11046\/revisions"}],"wp:featuredmedia":[{"embeddable":true,"href":"https:\/\/radiosantaclara.sitetopfm.com.br\/site\/wp-json\/wp\/v2\/media\/6909"}],"wp:attachment":[{"href":"https:\/\/radiosantaclara.sitetopfm.com.br\/site\/wp-json\/wp\/v2\/media?parent=11046"}],"wp:term":[{"taxonomy":"category","embeddable":true,"href":"https:\/\/radiosantaclara.sitetopfm.com.br\/site\/wp-json\/wp\/v2\/categories?post=11046"},{"taxonomy":"post_tag","embeddable":true,"href":"https:\/\/radiosantaclara.sitetopfm.com.br\/site\/wp-json\/wp\/v2\/tags?post=11046"}],"curies":[{"name":"wp","href":"https:\/\/api.w.org\/{rel}","templated":true}]}}