{"id":11045,"date":"2026-08-31T20:06:28","date_gmt":"2026-08-31T23:06:28","guid":{"rendered":"https:\/\/radiosantaclara.sitetopfm.com.br\/site\/comissao-mista-adia-para-esta-terca-feira-votacao-do-fim-da-taxa-das-blusinhas\/"},"modified":"2026-08-31T20:06:28","modified_gmt":"2026-08-31T23:06:28","slug":"comissao-mista-adia-para-esta-terca-feira-votacao-do-fim-da-taxa-das-blusinhas","status":"publish","type":"post","link":"https:\/\/radiosantaclara.sitetopfm.com.br\/site\/comissao-mista-adia-para-esta-terca-feira-votacao-do-fim-da-taxa-das-blusinhas\/","title":{"rendered":"Comiss\u00e3o Mista adia para esta ter\u00e7a-feira vota\u00e7\u00e3o do fim da &#8220;taxa das blusinhas&#8221;"},"content":{"rendered":"<p> <br \/>\n<\/p>\n<div id=\"\">\n<figure class=\"materia__midia\" style=\"float: none; margin: 24px 0px;\" data-midia=\"1301433\"><img decoding=\"async\" src=\"https:\/\/www.camara.leg.br\/midias\/image\/2026\/08\/55500728438-16ee7cab3e-b-768x512.jpg\"\/><figcaption><span class=\"materia__legenda-imagem\">Deputado Reginaldo Lopes (PT-MG) conduziu a reuni\u00e3o<\/span> &#8211; <span class=\"materia__creditos-imagem\" style=\"color:#5f5f5e\">Foto: Carlos Moura\/Ag\u00eancia Senado<\/span><\/figcaption><\/figure>\n<p>O presidente da <span id=\"4084\" class=\"termoGlossario materia__glossario\" title=\"\" contenteditable=\"false\" data-toggle=\"tooltip\" data-placement=\"top\" data-original-title=\"Comiss\u00e3o integrada por deputados e senadores, constitu\u00edda para tratar de mat\u00e9ria de compet\u00eancia do Congresso Nacional. Pode ter car\u00e1ter permanente ou tempor\u00e1rio.\" style=\"color:#5f5f5e;border-bottom:none\">comiss\u00e3o mista<\/span> que analisa a <a class=\"linkProposicao\" href=\"https:\/\/www.camara.leg.br\/noticias\/1271806-mp-1357-26-governo-do-brasil-publica-mp-que-zera-imposto-da-chamada-taxa-das-blusinhas\">Medida Provis\u00f3ria (MP) 1357\/26<\/a>, deputado Reginaldo Lopes (PT-MG), anunciou o adiamento da vota\u00e7\u00e3o da proposta para esta ter\u00e7a-feira, \u00e0s 10 horas, no plen\u00e1rio 3 da Ala Alexandre Costa, no Senado.<\/p>\n<p><a href=\"https:\/\/legis.senado.leg.br\/atividade\/comissoes\/comissao\/2856\/reuniao\/14956\">Confira a pauta da reuni\u00e3o<\/a><\/p>\n<p>&#8220;Estamos fazendo os \u00faltimos ajustes no relat\u00f3rio. Os di\u00e1logos s\u00e3o extremamente importantes e \u00e9 caracter\u00edstico do pr\u00f3prio parlamento, em especial buscando dar mais simetria concorrencial entre as remessas internacionais e a economia e a ind\u00fastria nacional. Por isso, eu quero declarar suspensa a presente reuni\u00e3o, marcando a reabertura para amanh\u00e3, dia 1\u00ba de setembro, \u00e0s 10h&#8221;, disse o presidente da comiss\u00e3o.<\/p>\n<p>A medida provis\u00f3ria zera o imposto de importa\u00e7\u00e3o sobre compras de at\u00e9 US$ 50 e <a href=\"https:\/\/www.camara.leg.br\/noticias\/1301026-relatorio-sobre-mp-da-taxa-das-blusinhas-deve-ser-votado-na-segunda-feira\">seria votada hoje pela comiss\u00e3o<\/a>.\u00a0A C\u00e2mara dos Deputados e o Senado devem votar a MP nesta semana, antes que ela perca a validade, em 8 de setembro.<\/p>\n<p>As medidas provis\u00f3rias entram em vigor imediatamente, mas precisam ser aprovadas pelo Congresso para continuar valendo.<\/p>\n<p>Em entrevista \u00e0 <em>R\u00e1dio C\u00e2mara<\/em> hoje pela manh\u00e3, Reginaldo Lopes afirmou que o texto enviado pelo governo recebeu 112 emendas. \u201cN\u00f3s vamos dialogar com senadores, senadoras, deputados e deputadas e para construir maioria para aprovar [o texto] e garantir esse direito para o povo brasileiro\u201d, disse Lopes.<\/p>\n<p><a href=\"https:\/\/www.camara.leg.br\/midias-fs\/audio\/2026\/08\/20260831-painel-eletronico-economia-direta-dep-reginaldo-lopes.mp3\">Ou\u00e7a a \u00edntegra da entrevista de Reginaldo Lopes \u00e0 <em>R\u00e1dio C\u00e2mara<\/em><\/a><\/p>\n<p>A relatora da medida provis\u00f3ria, senadora Leila Barros (PDT-DF), tamb\u00e9m \u00e9 favor\u00e1vel \u00e0 proposta.<\/p>\n<\/p><\/div>\n<p><br \/>\n<br \/><a href=\"https:\/\/www.camara.leg.br\/noticias\/1301428-comissao-mista-adia-para-esta-terca-feira-votacao-do-fim-da-taxa-das-blusinhas\">postagem original <\/a><\/p>\n","protected":false},"excerpt":{"rendered":"<p>Deputado Reginaldo Lopes (PT-MG) conduziu a reuni\u00e3o &#8211; Foto: Carlos Moura\/Ag\u00eancia Senado O presidente da comiss\u00e3o mista que analisa a [&hellip;]<\/p>\n","protected":false},"author":1,"featured_media":6909,"comment_status":"open","ping_status":"open","sticky":false,"template":"","format":"standard","meta":{"site-sidebar-layout":"default","site-content-layout":"","ast-site-content-layout":"default","site-content-style":"default","site-sidebar-style":"default","ast-global-header-display":"","ast-banner-title-visibility":"","ast-main-header-display":"","ast-hfb-above-header-display":"","ast-hfb-below-header-display":"","ast-hfb-mobile-header-display":"","site-post-title":"","ast-breadcrumbs-content":"","ast-featured-img":"","footer-sml-layout":"","theme-transparent-header-meta":"","adv-header-id-meta":"","stick-header-meta":"","header-above-stick-meta":"","header-main-stick-meta":"","header-below-stick-meta":"","astra-migrate-meta-layouts":"default","ast-page-background-enabled":"default","ast-page-background-meta":{"desktop":{"background-color":"var(--ast-global-color-5)","background-image":"","background-repeat":"repeat","background-position":"center center","background-size":"auto","background-attachment":"scroll","background-type":"","background-media":"","overlay-type":"","overlay-color":"","overlay-opacity":"","overlay-gradient":""},"tablet":{"background-color":"","background-image":"","background-repeat":"repeat","background-position":"center center","background-size":"auto","background-attachment":"scroll","background-type":"","background-media":"","overlay-type":"","overlay-color":"","overlay-opacity":"","overlay-gradient":""},"mobile":{"background-color":"","background-image":"","background-repeat":"repeat","background-position":"center center","background-size":"auto","background-attachment":"scroll","background-type":"","background-media":"","overlay-type":"","overlay-color":"","overlay-opacity":"","overlay-gradient":""}},"ast-content-background-meta":{"desktop":{"background-color":"var(--ast-global-color-4)","background-image":"","background-repeat":"repeat","background-position":"center center","background-size":"auto","background-attachment":"scroll","background-type":"","background-media":"","overlay-type":"","overlay-color":"","overlay-opacity":"","overlay-gradient":""},"tablet":{"background-color":"var(--ast-global-color-4)","background-image":"","background-repeat":"repeat","background-position":"center center","background-size":"auto","background-attachment":"scroll","background-type":"","background-media":"","overlay-type":"","overlay-color":"","overlay-opacity":"","overlay-gradient":""},"mobile":{"background-color":"var(--ast-global-color-4)","background-image":"","background-repeat":"repeat","background-position":"center center","background-size":"auto","background-attachment":"scroll","background-type":"","background-media":"","overlay-type":"","overlay-color":"","overlay-opacity":"","overlay-gradient":""}},"_joinchat":[],"footnotes":""},"categories":[34],"tags":[],"_links":{"self":[{"href":"https:\/\/radiosantaclara.sitetopfm.com.br\/site\/wp-json\/wp\/v2\/posts\/11045"}],"collection":[{"href":"https:\/\/radiosantaclara.sitetopfm.com.br\/site\/wp-json\/wp\/v2\/posts"}],"about":[{"href":"https:\/\/radiosantaclara.sitetopfm.com.br\/site\/wp-json\/wp\/v2\/types\/post"}],"author":[{"embeddable":true,"href":"https:\/\/radiosantaclara.sitetopfm.com.br\/site\/wp-json\/wp\/v2\/users\/1"}],"replies":[{"embeddable":true,"href":"https:\/\/radiosantaclara.sitetopfm.com.br\/site\/wp-json\/wp\/v2\/comments?post=11045"}],"version-history":[{"count":0,"href":"https:\/\/radiosantaclara.sitetopfm.com.br\/site\/wp-json\/wp\/v2\/posts\/11045\/revisions"}],"wp:featuredmedia":[{"embeddable":true,"href":"https:\/\/radiosantaclara.sitetopfm.com.br\/site\/wp-json\/wp\/v2\/media\/6909"}],"wp:attachment":[{"href":"https:\/\/radiosantaclara.sitetopfm.com.br\/site\/wp-json\/wp\/v2\/media?parent=11045"}],"wp:term":[{"taxonomy":"category","embeddable":true,"href":"https:\/\/radiosantaclara.sitetopfm.com.br\/site\/wp-json\/wp\/v2\/categories?post=11045"},{"taxonomy":"post_tag","embeddable":true,"href":"https:\/\/radiosantaclara.sitetopfm.com.br\/site\/wp-json\/wp\/v2\/tags?post=11045"}],"curies":[{"name":"wp","href":"https:\/\/api.w.org\/{rel}","templated":true}]}}