{"id":11044,"date":"2026-08-31T17:08:30","date_gmt":"2026-08-31T20:08:30","guid":{"rendered":"https:\/\/radiosantaclara.sitetopfm.com.br\/site\/projeto-exige-alerta-em-produtos-infantis-sobre-substancias-que-afetam-hormonios\/"},"modified":"2026-08-31T17:08:30","modified_gmt":"2026-08-31T20:08:30","slug":"projeto-exige-alerta-em-produtos-infantis-sobre-substancias-que-afetam-hormonios","status":"publish","type":"post","link":"https:\/\/radiosantaclara.sitetopfm.com.br\/site\/projeto-exige-alerta-em-produtos-infantis-sobre-substancias-que-afetam-hormonios\/","title":{"rendered":"Projeto exige alerta em produtos infantis sobre subst\u00e2ncias que afetam horm\u00f4nios"},"content":{"rendered":"<p> <br \/>\n<\/p>\n<div id=\"\">\n<figure class=\"materia__midia\" style=\"float: none; margin: 24px 0px;\" data-midia=\"1301348\"><img decoding=\"async\" src=\"https:\/\/www.camara.leg.br\/midias\/image\/2026\/08\/mg-8150-768x512.jpg\"\/><figcaption><span class=\"materia__legenda-imagem\">A regra valer\u00e1 para cosm\u00e9ticos e itens de higiene pessoal, entre outros produtos<\/span> &#8211; <span class=\"materia__creditos-imagem\" style=\"color:#5f5f5e\">Foto: Jo\u00e9dson Alves\/Ag\u00eancia Brasil<\/span><\/figcaption><\/figure>\n<p>O Projeto de Lei 3169\/26 obriga fabricantes a informar nos r\u00f3tulos de produtos destinados a beb\u00eas, crian\u00e7as e gestantes a presen\u00e7a de desreguladores end\u00f3crinos &#8211; subst\u00e2ncias qu\u00edmicas que interferem no funcionamento da rede de gl\u00e2ndulas respons\u00e1vel pela produ\u00e7\u00e3o e regula\u00e7\u00e3o dos horm\u00f4nios no corpo.<\/p>\n<p>Pela proposta, em an\u00e1lise na C\u00e2mara dos Deputados a regra valer\u00e1 para os seguintes produtos:<\/p>\n<ul>\n<li>cosm\u00e9ticos e itens de higiene pessoal, como xampus, sabonetes, protetores solares, repelentes, lo\u00e7\u00f5es e cremes;<\/li>\n<li>embalagens para alimentos, incluindo recipientes usados para armazenar alimentos infantis;<\/li>\n<li>brinquedos e materiais de uso infantil, como chupetas, mamadeiras, copos, pratos e talheres de pl\u00e1stico ou borracha;<\/li>\n<li>medicamentos.<\/li>\n<\/ul>\n<h3 class=\"ds-titulo-subsecao\">Proibi\u00e7\u00e3o ap\u00f3s cinco anos<\/h3>\n<p>Ap\u00f3s per\u00edodo de transi\u00e7\u00e3o de cinco anos, o texto tamb\u00e9m pro\u00edbe a fabrica\u00e7\u00e3o, importa\u00e7\u00e3o, distribui\u00e7\u00e3o, venda e oferta desses produtos quando contiverem subst\u00e2ncias inclu\u00eddas na lista de restri\u00e7\u00e3o da Ag\u00eancia Nacional de Vigil\u00e2ncia Sanit\u00e1ria (Anvisa).<\/p>\n<p>No caso dos medicamentos, a proibi\u00e7\u00e3o seguir\u00e1 regras espec\u00edficas baseadas na avalia\u00e7\u00e3o dos riscos e benef\u00edcios. A restri\u00e7\u00e3o somente poder\u00e1 ocorrer quando houver alternativa de tratamento eficaz e segura sem a subst\u00e2ncia.<\/p>\n<p>O autor, deputado Rodrigo Rollemberg (PSB-DF), observou que atualmente, em vez de nomes como ftalatos e bisfenol, os fabricantes usam siglas e termos t\u00e9cnicos, como DBP, DMP e BPA, o que dificulta a identifica\u00e7\u00e3o pelo consumidor.<\/p>\n<p>Segundo ele, o projeto vai facilitar a identifica\u00e7\u00e3o desses compostos pelo consumidor. \u201cO texto garantir\u00e1 que os r\u00f3tulos dos produtos infantis e destinados a gestantes informem claramente sobre a presen\u00e7a de desreguladores end\u00f3crinos, permitindo que os pais fa\u00e7am escolhas conscientes e saud\u00e1veis para os seus filhos\u201d, refor\u00e7ou.<\/p>\n<p>O deputado tamb\u00e9m citou alerta da Sociedade Brasileira de Pediatria (SBP) sobre suspeitas de que a exposi\u00e7\u00e3o a subst\u00e2ncias qu\u00edmicas esteja relacionada ao aumento de doen\u00e7as end\u00f3crinas pedi\u00e1tricas, como altera\u00e7\u00f5es no desenvolvimento reprodutivo, puberdade precoce, alguns tipos de c\u00e2ncer e dist\u00farbios neurocomportamentais.<\/p>\n<h3 class=\"ds-titulo-subsecao\">Penalidades<\/h3>\n<p>O descumprimento da obriga\u00e7\u00e3o de informar nos r\u00f3tulos ficar\u00e1 sujeito \u00e0s penalidades previstas no <a href=\"https:\/\/www2.camara.leg.br\/legin\/fed\/lei\/1990\/lei-8078-11-setembro-1990-365086-norma-pl.html\">C\u00f3digo de Defesa do Consumidor<\/a>, al\u00e9m de outras san\u00e7\u00f5es administrativas.<\/p>\n<p>J\u00e1 a comercializa\u00e7\u00e3o ou oferta de produtos que estiverem proibidos ap\u00f3s o per\u00edodo de transi\u00e7\u00e3o estar\u00e1 sujeita \u00e0s penalidades da legisla\u00e7\u00e3o sanit\u00e1ria federal, sem preju\u00edzo de outras responsabilidades previstas em lei.<\/p>\n<h3 class=\"ds-titulo-subsecao\">Pr\u00f3ximos passos<\/h3>\n<p>O projeto ser\u00e1 analisado, em <span id=\"4322\" class=\"termoGlossario materia__glossario\" title=\"Rito de tramita\u00e7\u00e3o pelo qual o projeto \u00e9 votado apenas pelas comiss\u00f5es designadas para analis\u00e1-lo, dispensada a delibera\u00e7\u00e3o do Plen\u00e1rio. O projeto perde o car\u00e1ter conclusivo se houver decis\u00e3o divergente entre as comiss\u00f5es ou se, independentemente de ser aprovado ou rejeitado, houver recurso assinado por 52 deputados para a aprecia\u00e7\u00e3o da mat\u00e9ria no Plen\u00e1rio.\" contenteditable=\"false\" data-toggle=\"tooltip\" data-placement=\"top\" style=\"color:#5f5f5e;border-bottom:none\">car\u00e1ter conclusivo<\/span> pelas comiss\u00f5es de Sa\u00fade; de Defesa dos Direitos da Mulher; de Defesa do Consumidor; e de Constitui\u00e7\u00e3o e Justi\u00e7a e de Cidadania. Para virar lei,\u00a0 precisa ser aprovado pela C\u00e2mara e pelo Senado.<\/p>\n<p><a href=\"https:\/\/www.camara.leg.br\/noticias\/573454-SAIBA-MAIS-SOBRE-A-TRAMITACAO-DE-PROJETOS-DE-LEI\">Saiba mais sobre a tramita\u00e7\u00e3o de projetos de lei<\/a><\/p>\n<\/p><\/div>\n<p><br \/>\n<br \/><a href=\"https:\/\/www.camara.leg.br\/noticias\/1301331-projeto-exige-alerta-em-produtos-infantis-sobre-substancias-que-afetam-hormonios\">postagem original <\/a><\/p>\n","protected":false},"excerpt":{"rendered":"<p>A regra valer\u00e1 para cosm\u00e9ticos e itens de higiene pessoal, entre outros produtos &#8211; Foto: Jo\u00e9dson Alves\/Ag\u00eancia Brasil O Projeto [&hellip;]<\/p>\n","protected":false},"author":1,"featured_media":6909,"comment_status":"open","ping_status":"open","sticky":false,"template":"","format":"standard","meta":{"site-sidebar-layout":"default","site-content-layout":"","ast-site-content-layout":"default","site-content-style":"default","site-sidebar-style":"default","ast-global-header-display":"","ast-banner-title-visibility":"","ast-main-header-display":"","ast-hfb-above-header-display":"","ast-hfb-below-header-display":"","ast-hfb-mobile-header-display":"","site-post-title":"","ast-breadcrumbs-content":"","ast-featured-img":"","footer-sml-layout":"","theme-transparent-header-meta":"","adv-header-id-meta":"","stick-header-meta":"","header-above-stick-meta":"","header-main-stick-meta":"","header-below-stick-meta":"","astra-migrate-meta-layouts":"default","ast-page-background-enabled":"default","ast-page-background-meta":{"desktop":{"background-color":"var(--ast-global-color-5)","background-image":"","background-repeat":"repeat","background-position":"center center","background-size":"auto","background-attachment":"scroll","background-type":"","background-media":"","overlay-type":"","overlay-color":"","overlay-opacity":"","overlay-gradient":""},"tablet":{"background-color":"","background-image":"","background-repeat":"repeat","background-position":"center center","background-size":"auto","background-attachment":"scroll","background-type":"","background-media":"","overlay-type":"","overlay-color":"","overlay-opacity":"","overlay-gradient":""},"mobile":{"background-color":"","background-image":"","background-repeat":"repeat","background-position":"center center","background-size":"auto","background-attachment":"scroll","background-type":"","background-media":"","overlay-type":"","overlay-color":"","overlay-opacity":"","overlay-gradient":""}},"ast-content-background-meta":{"desktop":{"background-color":"var(--ast-global-color-4)","background-image":"","background-repeat":"repeat","background-position":"center center","background-size":"auto","background-attachment":"scroll","background-type":"","background-media":"","overlay-type":"","overlay-color":"","overlay-opacity":"","overlay-gradient":""},"tablet":{"background-color":"var(--ast-global-color-4)","background-image":"","background-repeat":"repeat","background-position":"center center","background-size":"auto","background-attachment":"scroll","background-type":"","background-media":"","overlay-type":"","overlay-color":"","overlay-opacity":"","overlay-gradient":""},"mobile":{"background-color":"var(--ast-global-color-4)","background-image":"","background-repeat":"repeat","background-position":"center center","background-size":"auto","background-attachment":"scroll","background-type":"","background-media":"","overlay-type":"","overlay-color":"","overlay-opacity":"","overlay-gradient":""}},"_joinchat":[],"footnotes":""},"categories":[26],"tags":[],"_links":{"self":[{"href":"https:\/\/radiosantaclara.sitetopfm.com.br\/site\/wp-json\/wp\/v2\/posts\/11044"}],"collection":[{"href":"https:\/\/radiosantaclara.sitetopfm.com.br\/site\/wp-json\/wp\/v2\/posts"}],"about":[{"href":"https:\/\/radiosantaclara.sitetopfm.com.br\/site\/wp-json\/wp\/v2\/types\/post"}],"author":[{"embeddable":true,"href":"https:\/\/radiosantaclara.sitetopfm.com.br\/site\/wp-json\/wp\/v2\/users\/1"}],"replies":[{"embeddable":true,"href":"https:\/\/radiosantaclara.sitetopfm.com.br\/site\/wp-json\/wp\/v2\/comments?post=11044"}],"version-history":[{"count":0,"href":"https:\/\/radiosantaclara.sitetopfm.com.br\/site\/wp-json\/wp\/v2\/posts\/11044\/revisions"}],"wp:featuredmedia":[{"embeddable":true,"href":"https:\/\/radiosantaclara.sitetopfm.com.br\/site\/wp-json\/wp\/v2\/media\/6909"}],"wp:attachment":[{"href":"https:\/\/radiosantaclara.sitetopfm.com.br\/site\/wp-json\/wp\/v2\/media?parent=11044"}],"wp:term":[{"taxonomy":"category","embeddable":true,"href":"https:\/\/radiosantaclara.sitetopfm.com.br\/site\/wp-json\/wp\/v2\/categories?post=11044"},{"taxonomy":"post_tag","embeddable":true,"href":"https:\/\/radiosantaclara.sitetopfm.com.br\/site\/wp-json\/wp\/v2\/tags?post=11044"}],"curies":[{"name":"wp","href":"https:\/\/api.w.org\/{rel}","templated":true}]}}