{"id":11043,"date":"2026-08-31T15:56:49","date_gmt":"2026-08-31T18:56:49","guid":{"rendered":"https:\/\/radiosantaclara.sitetopfm.com.br\/site\/comissao-debate-uso-de-tecnologias-no-combate-a-violencia-contra-mulheres-participe\/"},"modified":"2026-08-31T15:56:49","modified_gmt":"2026-08-31T18:56:49","slug":"comissao-debate-uso-de-tecnologias-no-combate-a-violencia-contra-mulheres-participe","status":"publish","type":"post","link":"https:\/\/radiosantaclara.sitetopfm.com.br\/site\/comissao-debate-uso-de-tecnologias-no-combate-a-violencia-contra-mulheres-participe\/","title":{"rendered":"Comiss\u00e3o debate uso de tecnologias no combate \u00e0 viol\u00eancia contra mulheres; participe"},"content":{"rendered":"<p> <br \/>\n<\/p>\n<div id=\"\">\n<figure class=\"materia__midia\" style=\"float: none; margin: 24px 0px;\" data-midia=\"1301274\"><img decoding=\"async\" src=\"https:\/\/www.camara.leg.br\/midias\/image\/2026\/08\/img20210114094326088-768x511.jpg\" alt=\"Mulher olha cartaz sobre o Ligue 180, canal de den\u00fancias de viol\u00eancia contra a mulher\"\/><figcaption><span class=\"materia__legenda-imagem\">Ligue 180, Central de Atendimento \u00e0 Mulher do governo federal<\/span> &#8211; <span class=\"materia__creditos-imagem\" style=\"color:#5f5f5e\">Foto: Sejuf\/PR<\/span><\/figcaption><\/figure>\n<p>A Comiss\u00e3o Permanente Mista de Combate \u00e0 Viol\u00eancia contra a Mulher promove audi\u00eancia p\u00fablica nesta quarta-feira (2) para discutir o uso de tecnologias como ferramentas de apoio no combate \u00e0 viol\u00eancia contra mulheres.<\/p>\n<p>O debate foi proposto pela presidente da comiss\u00e3o, deputada Luizianne Lins (Rede-CE), e est\u00e1 marcado para as 14h30, no plen\u00e1rio 19 da ala Alexandre Costa, no Senado.<\/p>\n<p><a href=\"https:\/\/www12.senado.leg.br\/ecidadania\/visualizacaoaudiencia?id=40531\">A audi\u00eancia ser\u00e1 interativa; veja quem foi convidado e envie suas perguntas<\/a><\/p>\n<p>A deputada afirma que a viol\u00eancia contra a mulher continua sendo um grave problema social e de direitos humanos, que demanda\u00a0a\u00e7\u00f5es integradas, pol\u00edticas p\u00fablicas eficazes e o constante aprimoramento dos mecanismos de preven\u00e7\u00e3o, den\u00fancia e prote\u00e7\u00e3o \u00e0s v\u00edtimas.<\/p>\n<p>Ela destaca que, apesar dos avan\u00e7os, como a <a href=\"https:\/\/www2.camara.gov.br\/legin\/fed\/lei\/2006\/lei-11340-7-agosto-2006-545133-norma-pl.html\">Lei Maria da Penha<\/a> e a <a href=\"https:\/\/www2.camara.gov.br\/legin\/fed\/lei\/2015\/lei-13104-9-marco-2015-780225-norma-pl.html\">Lei do Feminic\u00eddio<\/a>, os \u00edndices ainda revelam a necessidade de fortalecer estrat\u00e9gias de enfrentamento a esse problema.<\/p>\n<p>Luizianne Lins pontua que recursos como aplicativos de den\u00fancia, monitoramento eletr\u00f4nico de agressores, bot\u00f5es do p\u00e2nico, sistemas integrados de informa\u00e7\u00e3o, intelig\u00eancia artificial para an\u00e1lise de dados e plataformas digitais de acolhimento podem ampliar a prote\u00e7\u00e3o \u00e0s v\u00edtimas.<\/p>\n<p>&#8220;O objetivo \u00e9 debater experi\u00eancias exitosas, identificar desafios, avaliar a efetividade das ferramentas tecnol\u00f3gicas j\u00e1 implementadas e discutir novas possibilidades de inova\u00e7\u00e3o voltadas \u00e0 preven\u00e7\u00e3o e ao enfrentamento da viol\u00eancia de g\u00eanero&#8221;, diz.<\/p>\n<\/p><\/div>\n<p><br \/>\n<br \/><a href=\"https:\/\/www.camara.leg.br\/noticias\/1301225-comissao-debate-uso-de-tecnologias-no-combate-a-violencia-contra-mulheres-participe\">postagem original <\/a><\/p>\n","protected":false},"excerpt":{"rendered":"<p>Ligue 180, Central de Atendimento \u00e0 Mulher do governo federal &#8211; Foto: Sejuf\/PR A Comiss\u00e3o Permanente Mista de Combate \u00e0 [&hellip;]<\/p>\n","protected":false},"author":1,"featured_media":6909,"comment_status":"open","ping_status":"open","sticky":false,"template":"","format":"standard","meta":{"site-sidebar-layout":"default","site-content-layout":"","ast-site-content-layout":"default","site-content-style":"default","site-sidebar-style":"default","ast-global-header-display":"","ast-banner-title-visibility":"","ast-main-header-display":"","ast-hfb-above-header-display":"","ast-hfb-below-header-display":"","ast-hfb-mobile-header-display":"","site-post-title":"","ast-breadcrumbs-content":"","ast-featured-img":"","footer-sml-layout":"","theme-transparent-header-meta":"","adv-header-id-meta":"","stick-header-meta":"","header-above-stick-meta":"","header-main-stick-meta":"","header-below-stick-meta":"","astra-migrate-meta-layouts":"default","ast-page-background-enabled":"default","ast-page-background-meta":{"desktop":{"background-color":"var(--ast-global-color-5)","background-image":"","background-repeat":"repeat","background-position":"center center","background-size":"auto","background-attachment":"scroll","background-type":"","background-media":"","overlay-type":"","overlay-color":"","overlay-opacity":"","overlay-gradient":""},"tablet":{"background-color":"","background-image":"","background-repeat":"repeat","background-position":"center center","background-size":"auto","background-attachment":"scroll","background-type":"","background-media":"","overlay-type":"","overlay-color":"","overlay-opacity":"","overlay-gradient":""},"mobile":{"background-color":"","background-image":"","background-repeat":"repeat","background-position":"center center","background-size":"auto","background-attachment":"scroll","background-type":"","background-media":"","overlay-type":"","overlay-color":"","overlay-opacity":"","overlay-gradient":""}},"ast-content-background-meta":{"desktop":{"background-color":"var(--ast-global-color-4)","background-image":"","background-repeat":"repeat","background-position":"center center","background-size":"auto","background-attachment":"scroll","background-type":"","background-media":"","overlay-type":"","overlay-color":"","overlay-opacity":"","overlay-gradient":""},"tablet":{"background-color":"var(--ast-global-color-4)","background-image":"","background-repeat":"repeat","background-position":"center center","background-size":"auto","background-attachment":"scroll","background-type":"","background-media":"","overlay-type":"","overlay-color":"","overlay-opacity":"","overlay-gradient":""},"mobile":{"background-color":"var(--ast-global-color-4)","background-image":"","background-repeat":"repeat","background-position":"center center","background-size":"auto","background-attachment":"scroll","background-type":"","background-media":"","overlay-type":"","overlay-color":"","overlay-opacity":"","overlay-gradient":""}},"_joinchat":[],"footnotes":""},"categories":[31],"tags":[],"_links":{"self":[{"href":"https:\/\/radiosantaclara.sitetopfm.com.br\/site\/wp-json\/wp\/v2\/posts\/11043"}],"collection":[{"href":"https:\/\/radiosantaclara.sitetopfm.com.br\/site\/wp-json\/wp\/v2\/posts"}],"about":[{"href":"https:\/\/radiosantaclara.sitetopfm.com.br\/site\/wp-json\/wp\/v2\/types\/post"}],"author":[{"embeddable":true,"href":"https:\/\/radiosantaclara.sitetopfm.com.br\/site\/wp-json\/wp\/v2\/users\/1"}],"replies":[{"embeddable":true,"href":"https:\/\/radiosantaclara.sitetopfm.com.br\/site\/wp-json\/wp\/v2\/comments?post=11043"}],"version-history":[{"count":0,"href":"https:\/\/radiosantaclara.sitetopfm.com.br\/site\/wp-json\/wp\/v2\/posts\/11043\/revisions"}],"wp:featuredmedia":[{"embeddable":true,"href":"https:\/\/radiosantaclara.sitetopfm.com.br\/site\/wp-json\/wp\/v2\/media\/6909"}],"wp:attachment":[{"href":"https:\/\/radiosantaclara.sitetopfm.com.br\/site\/wp-json\/wp\/v2\/media?parent=11043"}],"wp:term":[{"taxonomy":"category","embeddable":true,"href":"https:\/\/radiosantaclara.sitetopfm.com.br\/site\/wp-json\/wp\/v2\/categories?post=11043"},{"taxonomy":"post_tag","embeddable":true,"href":"https:\/\/radiosantaclara.sitetopfm.com.br\/site\/wp-json\/wp\/v2\/tags?post=11043"}],"curies":[{"name":"wp","href":"https:\/\/api.w.org\/{rel}","templated":true}]}}