{"id":11042,"date":"2026-08-31T12:51:46","date_gmt":"2026-08-31T15:51:46","guid":{"rendered":"https:\/\/radiosantaclara.sitetopfm.com.br\/site\/presidente-de-comissao-mista-defende-fim-da-taxa-das-blusinhas-assista-a-entrevista\/"},"modified":"2026-08-31T12:51:46","modified_gmt":"2026-08-31T15:51:46","slug":"presidente-de-comissao-mista-defende-fim-da-taxa-das-blusinhas-assista-a-entrevista","status":"publish","type":"post","link":"https:\/\/radiosantaclara.sitetopfm.com.br\/site\/presidente-de-comissao-mista-defende-fim-da-taxa-das-blusinhas-assista-a-entrevista\/","title":{"rendered":"Presidente de comiss\u00e3o mista defende fim da \u201ctaxa das blusinhas\u201d; assista a entrevista"},"content":{"rendered":"<p> <br \/>\n<\/p>\n<div id=\"\">\n<div id=\"video-container-1301300\" class=\"embed-responsive embed-responsive-16by9\" style=\"margin-bottom: 18px;\" data-youtube-id=\"DUtBzwFhnsE\">\n<p><div class=\"ast-oembed-container \" style=\"height: 100%;\"><iframe title=\"Presidente da comiss\u00e3o mista defende fim da \u201ctaxa das blusinhas\u201d - 31\/08\/2026\" width=\"500\" height=\"281\" src=\"https:\/\/www.youtube.com\/embed\/DUtBzwFhnsE?feature=oembed\" frameborder=\"0\" allow=\"accelerometer; autoplay; clipboard-write; encrypted-media; gyroscope; picture-in-picture; web-share\" referrerpolicy=\"strict-origin-when-cross-origin\" allowfullscreen><\/iframe><\/div>\n<\/p><\/div>\n<p>\u00a0<\/p>\n<p>O presidente da <span id=\"4084\" class=\"termoGlossario materia__glossario\" title=\"Comiss\u00e3o integrada por deputados e senadores, constitu\u00edda para tratar de mat\u00e9ria de compet\u00eancia do Congresso Nacional. Pode ter car\u00e1ter permanente ou tempor\u00e1rio.\" contenteditable=\"false\" data-toggle=\"tooltip\" data-placement=\"top\" style=\"color:#5f5f5e;border-bottom:none\">comiss\u00e3o mista<\/span> que analisa a <a class=\"linkProposicao\" href=\"https:\/\/www.camara.leg.br\/noticias\/1271806-mp-1357-26-governo-do-brasil-publica-mp-que-zera-imposto-da-chamada-taxa-das-blusinhas\">Medida Provis\u00f3ria (MP) 1357\/26<\/a>, deputado Reginaldo Lopes (PT-MG), defendeu novamente nesta segunda-feira (31) o fim da \u201ctaxa das blusinhas\u201d.<\/p>\n<p>A medida provis\u00f3ria zera o imposto de importa\u00e7\u00e3o sobre compras de at\u00e9 US$ 50 e <a href=\"https:\/\/www.camara.leg.br\/noticias\/1301026-relatorio-sobre-mp-da-taxa-das-blusinhas-deve-ser-votado-na-segunda-feira\">deve ser votada hoje pela comiss\u00e3o<\/a>.<\/p>\n<p>Depois, a expectativa \u00e9 que a C\u00e2mara dos Deputados e o Senado votem a MP nesta semana, antes que ela perca a validade, em 8 de setembro.<\/p>\n<p>As medidas provis\u00f3rias entram em vigor imediatamente, mas precisam ser aprovadas pelo Congresso para continuar valendo.<\/p>\n<h3 class=\"ds-titulo-subsecao\">Di\u00e1logo<\/h3>\n<p>\n                        Em entrevista \u00e0 <em>R\u00e1dio C\u00e2mara<\/em>, Reginaldo Lopes afirmou que o texto enviado pelo governo recebeu 112 emendas.<\/p>\n<p><a href=\"https:\/\/www.camara.leg.br\/midias-fs\/audio\/2026\/08\/20260831-painel-eletronico-economia-direta-dep-reginaldo-lopes.mp3\">Ou\u00e7a a \u00edntegra da entrevista de Reginaldo Lopes \u00e0 <em>R\u00e1dio C\u00e2mara<\/em><\/a><\/p>\n<p>\u201cN\u00f3s vamos dialogar com senadores, senadoras, deputados e deputadas e para construir maioria para aprovar [o texto] e garantir esse direito para o povo brasileiro\u201d, disse Lopes.<\/p>\n<p>A relatora da medida provis\u00f3ria, senadora Leila Barros (PDT-DF), tamb\u00e9m \u00e9 favor\u00e1vel \u00e0 proposta.<\/p>\n<h3 class=\"ds-titulo-subsecao\">Cobran\u00e7a em 2024<\/h3>\n<p>O imposto de importa\u00e7\u00e3o sobre compras internacionais de at\u00e9 US$ 50 passou a valer em 2024, com apoio da ind\u00fastria.<\/p>\n<p>Na \u00e9poca, o setor alegava que os produtos importados faziam concorr\u00eancia desleal aos nacionais, especialmente cal\u00e7ados e t\u00eaxteis.<\/p>\n<h3 class=\"ds-titulo-subsecao\">Isen\u00e7\u00e3o em 2026<\/h3>\n<p>\n                        Em maio deste ano, o governo passou a isentar as compras da cobran\u00e7a do imposto por meio da medida provis\u00f3ria. A ind\u00fastria continua contr\u00e1ria \u00e0 medida.<\/p>\n<p>A Confedera\u00e7\u00e3o Nacional da Ind\u00fastria divulgou estudo que aponta risco para mais de 100 mil empregos caso a isen\u00e7\u00e3o seja mantida.<\/p>\n<p>\u201cHoje vai ser um dia de muito di\u00e1logo. Tenho agora uma reuni\u00e3o on-line com v\u00e1rias ind\u00fastrias e setores econ\u00f4micos&#8221;, adiantou Lopes. &#8220;Estamos estudando esses dados e se \u00e9 necess\u00e1ria alguma medida para reduzir os impactos econ\u00f4micos\u201d, afirmou o deputado.<\/p>\n<h3 class=\"ds-titulo-subsecao\">Justi\u00e7a tribut\u00e1ria<\/h3>\n<p>Segundo Reginaldo Lopes, as mudan\u00e7as previstas na reforma tribut\u00e1ria, que entram em vigor no ano que vem, aumentam o equil\u00edbrio entre empresas brasileiras e estrangeiras.<\/p>\n<p>Na avalia\u00e7\u00e3o do parlamentar, a isen\u00e7\u00e3o do imposto de importa\u00e7\u00e3o para as compras de at\u00e9 US$ 50 tamb\u00e9m representa mais equil\u00edbrio entre pessoas de diferentes n\u00edveis de renda.<\/p>\n<p>O deputado comparou a isen\u00e7\u00e3o da &#8220;taxa das blusinhas&#8221; \u00e0 isen\u00e7\u00e3o para compras feitas em viagens ao exterior.<\/p>\n<p>\u201cOs brasileiros com maior poder econ\u00f4mico t\u00eam direito a US$ 1.000 nas compras internacionais que ele pode trazer na mala. E ele pode comprar no aeroporto mais US$ 1.000. Ent\u00e3o ele tem US$ 2.000 de isen\u00e7\u00e3o tribut\u00e1ria.&#8221;<\/p>\n<p>Por isso, Reginaldo Lopes considera justa a isen\u00e7\u00e3o da &#8220;taxa das blusinhas&#8221;.<\/p>\n<p>&#8220;Voc\u00ea democratiza o acesso e tamb\u00e9m garante para essas pessoas de menor poder econ\u00f4mico o direito de comprar at\u00e9 US$ 50&#8221;, argumentou.<\/p>\n<h3 class=\"ds-titulo-subsecao\">Compras mais altas<\/h3>\n<p>\n                        A Medida Provis\u00f3ria 1357\/26 tamb\u00e9m mexe na tributa\u00e7\u00e3o de compras internacionais de US$ 50 a US$ 3.000, cuja al\u00edquota m\u00ednima para o imposto de importa\u00e7\u00e3o ser\u00e1 de 30%.<\/p>\n<\/p><\/div>\n<p><br \/>\n<br \/><a href=\"https:\/\/www.camara.leg.br\/noticias\/1301231-presidente-de-comissao-mista-defende-fim-da-taxa-das-blusinhas-assista-a-entrevista\">postagem original <\/a><\/p>\n","protected":false},"excerpt":{"rendered":"<p>\u00a0 O presidente da comiss\u00e3o mista que analisa a Medida Provis\u00f3ria (MP) 1357\/26, deputado Reginaldo Lopes (PT-MG), defendeu novamente nesta [&hellip;]<\/p>\n","protected":false},"author":1,"featured_media":6909,"comment_status":"open","ping_status":"open","sticky":false,"template":"","format":"standard","meta":{"site-sidebar-layout":"default","site-content-layout":"","ast-site-content-layout":"default","site-content-style":"default","site-sidebar-style":"default","ast-global-header-display":"","ast-banner-title-visibility":"","ast-main-header-display":"","ast-hfb-above-header-display":"","ast-hfb-below-header-display":"","ast-hfb-mobile-header-display":"","site-post-title":"","ast-breadcrumbs-content":"","ast-featured-img":"","footer-sml-layout":"","theme-transparent-header-meta":"","adv-header-id-meta":"","stick-header-meta":"","header-above-stick-meta":"","header-main-stick-meta":"","header-below-stick-meta":"","astra-migrate-meta-layouts":"default","ast-page-background-enabled":"default","ast-page-background-meta":{"desktop":{"background-color":"var(--ast-global-color-5)","background-image":"","background-repeat":"repeat","background-position":"center center","background-size":"auto","background-attachment":"scroll","background-type":"","background-media":"","overlay-type":"","overlay-color":"","overlay-opacity":"","overlay-gradient":""},"tablet":{"background-color":"","background-image":"","background-repeat":"repeat","background-position":"center center","background-size":"auto","background-attachment":"scroll","background-type":"","background-media":"","overlay-type":"","overlay-color":"","overlay-opacity":"","overlay-gradient":""},"mobile":{"background-color":"","background-image":"","background-repeat":"repeat","background-position":"center center","background-size":"auto","background-attachment":"scroll","background-type":"","background-media":"","overlay-type":"","overlay-color":"","overlay-opacity":"","overlay-gradient":""}},"ast-content-background-meta":{"desktop":{"background-color":"var(--ast-global-color-4)","background-image":"","background-repeat":"repeat","background-position":"center center","background-size":"auto","background-attachment":"scroll","background-type":"","background-media":"","overlay-type":"","overlay-color":"","overlay-opacity":"","overlay-gradient":""},"tablet":{"background-color":"var(--ast-global-color-4)","background-image":"","background-repeat":"repeat","background-position":"center center","background-size":"auto","background-attachment":"scroll","background-type":"","background-media":"","overlay-type":"","overlay-color":"","overlay-opacity":"","overlay-gradient":""},"mobile":{"background-color":"var(--ast-global-color-4)","background-image":"","background-repeat":"repeat","background-position":"center center","background-size":"auto","background-attachment":"scroll","background-type":"","background-media":"","overlay-type":"","overlay-color":"","overlay-opacity":"","overlay-gradient":""}},"_joinchat":[],"footnotes":""},"categories":[36],"tags":[],"_links":{"self":[{"href":"https:\/\/radiosantaclara.sitetopfm.com.br\/site\/wp-json\/wp\/v2\/posts\/11042"}],"collection":[{"href":"https:\/\/radiosantaclara.sitetopfm.com.br\/site\/wp-json\/wp\/v2\/posts"}],"about":[{"href":"https:\/\/radiosantaclara.sitetopfm.com.br\/site\/wp-json\/wp\/v2\/types\/post"}],"author":[{"embeddable":true,"href":"https:\/\/radiosantaclara.sitetopfm.com.br\/site\/wp-json\/wp\/v2\/users\/1"}],"replies":[{"embeddable":true,"href":"https:\/\/radiosantaclara.sitetopfm.com.br\/site\/wp-json\/wp\/v2\/comments?post=11042"}],"version-history":[{"count":0,"href":"https:\/\/radiosantaclara.sitetopfm.com.br\/site\/wp-json\/wp\/v2\/posts\/11042\/revisions"}],"wp:featuredmedia":[{"embeddable":true,"href":"https:\/\/radiosantaclara.sitetopfm.com.br\/site\/wp-json\/wp\/v2\/media\/6909"}],"wp:attachment":[{"href":"https:\/\/radiosantaclara.sitetopfm.com.br\/site\/wp-json\/wp\/v2\/media?parent=11042"}],"wp:term":[{"taxonomy":"category","embeddable":true,"href":"https:\/\/radiosantaclara.sitetopfm.com.br\/site\/wp-json\/wp\/v2\/categories?post=11042"},{"taxonomy":"post_tag","embeddable":true,"href":"https:\/\/radiosantaclara.sitetopfm.com.br\/site\/wp-json\/wp\/v2\/tags?post=11042"}],"curies":[{"name":"wp","href":"https:\/\/api.w.org\/{rel}","templated":true}]}}