{"id":11038,"date":"2026-08-29T04:51:46","date_gmt":"2026-08-29T07:51:46","guid":{"rendered":"https:\/\/radiosantaclara.sitetopfm.com.br\/site\/projeto-define-em-lei-requisitos-do-notavel-saber-juridico-para-cargo-em-tribunais\/"},"modified":"2026-08-29T04:51:46","modified_gmt":"2026-08-29T07:51:46","slug":"projeto-define-em-lei-requisitos-do-notavel-saber-juridico-para-cargo-em-tribunais","status":"publish","type":"post","link":"https:\/\/radiosantaclara.sitetopfm.com.br\/site\/projeto-define-em-lei-requisitos-do-notavel-saber-juridico-para-cargo-em-tribunais\/","title":{"rendered":"Projeto define em lei requisitos do not\u00e1vel saber jur\u00eddico para cargo em tribunais"},"content":{"rendered":"<p> <br \/>\n<\/p>\n<div id=\"\">\n<figure class=\"materia__midia\" style=\"float: none; margin: 24px 0px;\" data-midia=\"1299850\"><img decoding=\"async\" src=\"https:\/\/www.camara.leg.br\/midias\/image\/2026\/08\/depositphotos-249907696-xl-768x512.jpg\"\/><figcaption><span class=\"materia__legenda-imagem\">Proposta estabalece regras para a comprova\u00e7\u00e3o das habilidades<\/span> &#8211; <span class=\"materia__creditos-imagem\" style=\"color:#5f5f5e\">Foto: Depositphotos<\/span><\/figcaption><\/figure>\n<p>O Projeto de Lei 2993\/26 define, em lei, os requisitos que comprovam o not\u00e1vel saber jur\u00eddico para a nomea\u00e7\u00e3o de ministros de tribunais superiores e de desembargadores federais e estaduais.<\/p>\n<p>A C\u00e2mara dos Deputados analisa a proposta.<\/p>\n<p>O texto estabelece que not\u00e1vel saber jur\u00eddico representa \u201cum grau de reconhecimento t\u00e9cnico cient\u00edfico excepcional e superior, demonstrado por uma trajet\u00f3ria profissional e intelectual de reconhecido relevo na comunidade jur\u00eddica.\u201d<\/p>\n<h3 class=\"ds-titulo-subsecao\">Crit\u00e9rios<\/h3>\n<p>\n                        A comprova\u00e7\u00e3o dessas habilidades, segundo o projeto, depende do cumprimento, preferencialmente cumulativo, dos seguintes crit\u00e9rios:<\/p>\n<ul>\n<li>ter exercido, por muito tempo, cargos ou fun\u00e7\u00f5es importantes, no setor p\u00fablico ou privado;<\/li>\n<li>ter t\u00edtulo de Doutor em Direito;<\/li>\n<li>ter produ\u00e7\u00e3o cient\u00edfica ou doutrin\u00e1ria reconhecida como relevante na sua \u00e1rea de atua\u00e7\u00e3o;<\/li>\n<li>ter sido professor universit\u00e1rio de Direito (magist\u00e9rio superior);<\/li>\n<li>ser reconhecido como not\u00e1vel pela comunidade jur\u00eddica e pela sociedade;<\/li>\n<li>ter recebido pr\u00eamios por sua atua\u00e7\u00e3o profissional.<\/li>\n<\/ul>\n<p>O autor da proposta, deputado Beto Pereira (Republicanos-MS), considera importante fixar crit\u00e9rios objetivos para evitar que a falta de uma defini\u00e7\u00e3o em lei gere distor\u00e7\u00f5es.<\/p>\n<p>\u201cConsidero necess\u00e1rio que seja firmado um significado m\u00ednimo para a express\u00e3o, de forma que o requisito previsto na Constitui\u00e7\u00e3o Federal seja efetivamente observado na pr\u00e1tica\u201d, disse.<\/p>\n<h3 class=\"ds-titulo-subsecao\">Pr\u00f3ximas etapas<\/h3>\n<p>\n                        O projeto ser\u00e1 analisado, em <span id=\"4322\" class=\"termoGlossario materia__glossario\" title=\"Rito de tramita\u00e7\u00e3o pelo qual o projeto \u00e9 votado apenas pelas comiss\u00f5es designadas para analis\u00e1-lo, dispensada a delibera\u00e7\u00e3o do Plen\u00e1rio. O projeto perde o car\u00e1ter conclusivo se houver decis\u00e3o divergente entre as comiss\u00f5es ou se, independentemente de ser aprovado ou rejeitado, houver recurso assinado por 52 deputados para a aprecia\u00e7\u00e3o da mat\u00e9ria no Plen\u00e1rio.\" contenteditable=\"false\" data-toggle=\"tooltip\" data-placement=\"top\" style=\"color:#5f5f5e;border-bottom:none\">car\u00e1ter conclusivo<\/span>, pela Comiss\u00e3o de Constitui\u00e7\u00e3o e Justi\u00e7a e de Cidadania.<\/p>\n<p>Para virar lei, o texto deve ser aprovado pela C\u00e2mara e pelo Senado.<\/p>\n<p><a href=\"https:\/\/www.camara.leg.br\/noticias\/573454-SAIBA-MAIS-SOBRE-A-TRAMITACAO-DE-PROJETOS-DE-LEI\">Saiba mais sobre a tramita\u00e7\u00e3o de projetos de lei<\/a><\/p>\n<\/p><\/div>\n<p><br \/>\n<br \/><a href=\"https:\/\/www.camara.leg.br\/noticias\/1299211-projeto-define-em-lei-requisitos-do-notavel-saber-juridico-para-cargo-em-tribunais\">postagem original <\/a><\/p>\n","protected":false},"excerpt":{"rendered":"<p>Proposta estabalece regras para a comprova\u00e7\u00e3o das habilidades &#8211; Foto: Depositphotos O Projeto de Lei 2993\/26 define, em lei, os [&hellip;]<\/p>\n","protected":false},"author":1,"featured_media":6909,"comment_status":"open","ping_status":"open","sticky":false,"template":"","format":"standard","meta":{"site-sidebar-layout":"default","site-content-layout":"","ast-site-content-layout":"default","site-content-style":"default","site-sidebar-style":"default","ast-global-header-display":"","ast-banner-title-visibility":"","ast-main-header-display":"","ast-hfb-above-header-display":"","ast-hfb-below-header-display":"","ast-hfb-mobile-header-display":"","site-post-title":"","ast-breadcrumbs-content":"","ast-featured-img":"","footer-sml-layout":"","theme-transparent-header-meta":"","adv-header-id-meta":"","stick-header-meta":"","header-above-stick-meta":"","header-main-stick-meta":"","header-below-stick-meta":"","astra-migrate-meta-layouts":"default","ast-page-background-enabled":"default","ast-page-background-meta":{"desktop":{"background-color":"var(--ast-global-color-5)","background-image":"","background-repeat":"repeat","background-position":"center center","background-size":"auto","background-attachment":"scroll","background-type":"","background-media":"","overlay-type":"","overlay-color":"","overlay-opacity":"","overlay-gradient":""},"tablet":{"background-color":"","background-image":"","background-repeat":"repeat","background-position":"center center","background-size":"auto","background-attachment":"scroll","background-type":"","background-media":"","overlay-type":"","overlay-color":"","overlay-opacity":"","overlay-gradient":""},"mobile":{"background-color":"","background-image":"","background-repeat":"repeat","background-position":"center center","background-size":"auto","background-attachment":"scroll","background-type":"","background-media":"","overlay-type":"","overlay-color":"","overlay-opacity":"","overlay-gradient":""}},"ast-content-background-meta":{"desktop":{"background-color":"var(--ast-global-color-4)","background-image":"","background-repeat":"repeat","background-position":"center center","background-size":"auto","background-attachment":"scroll","background-type":"","background-media":"","overlay-type":"","overlay-color":"","overlay-opacity":"","overlay-gradient":""},"tablet":{"background-color":"var(--ast-global-color-4)","background-image":"","background-repeat":"repeat","background-position":"center center","background-size":"auto","background-attachment":"scroll","background-type":"","background-media":"","overlay-type":"","overlay-color":"","overlay-opacity":"","overlay-gradient":""},"mobile":{"background-color":"var(--ast-global-color-4)","background-image":"","background-repeat":"repeat","background-position":"center center","background-size":"auto","background-attachment":"scroll","background-type":"","background-media":"","overlay-type":"","overlay-color":"","overlay-opacity":"","overlay-gradient":""}},"_joinchat":[],"footnotes":""},"categories":[36],"tags":[],"_links":{"self":[{"href":"https:\/\/radiosantaclara.sitetopfm.com.br\/site\/wp-json\/wp\/v2\/posts\/11038"}],"collection":[{"href":"https:\/\/radiosantaclara.sitetopfm.com.br\/site\/wp-json\/wp\/v2\/posts"}],"about":[{"href":"https:\/\/radiosantaclara.sitetopfm.com.br\/site\/wp-json\/wp\/v2\/types\/post"}],"author":[{"embeddable":true,"href":"https:\/\/radiosantaclara.sitetopfm.com.br\/site\/wp-json\/wp\/v2\/users\/1"}],"replies":[{"embeddable":true,"href":"https:\/\/radiosantaclara.sitetopfm.com.br\/site\/wp-json\/wp\/v2\/comments?post=11038"}],"version-history":[{"count":0,"href":"https:\/\/radiosantaclara.sitetopfm.com.br\/site\/wp-json\/wp\/v2\/posts\/11038\/revisions"}],"wp:featuredmedia":[{"embeddable":true,"href":"https:\/\/radiosantaclara.sitetopfm.com.br\/site\/wp-json\/wp\/v2\/media\/6909"}],"wp:attachment":[{"href":"https:\/\/radiosantaclara.sitetopfm.com.br\/site\/wp-json\/wp\/v2\/media?parent=11038"}],"wp:term":[{"taxonomy":"category","embeddable":true,"href":"https:\/\/radiosantaclara.sitetopfm.com.br\/site\/wp-json\/wp\/v2\/categories?post=11038"},{"taxonomy":"post_tag","embeddable":true,"href":"https:\/\/radiosantaclara.sitetopfm.com.br\/site\/wp-json\/wp\/v2\/tags?post=11038"}],"curies":[{"name":"wp","href":"https:\/\/api.w.org\/{rel}","templated":true}]}}