{"id":11035,"date":"2026-08-28T20:16:31","date_gmt":"2026-08-28T23:16:31","guid":{"rendered":"https:\/\/radiosantaclara.sitetopfm.com.br\/site\/projeto-libera-venda-intermunicipal-e-interestadual-de-alimentos-artesanais-da-agricultura-familiar\/"},"modified":"2026-08-28T20:16:31","modified_gmt":"2026-08-28T23:16:31","slug":"projeto-libera-venda-intermunicipal-e-interestadual-de-alimentos-artesanais-da-agricultura-familiar","status":"publish","type":"post","link":"https:\/\/radiosantaclara.sitetopfm.com.br\/site\/projeto-libera-venda-intermunicipal-e-interestadual-de-alimentos-artesanais-da-agricultura-familiar\/","title":{"rendered":"Projeto libera venda intermunicipal e interestadual de alimentos artesanais da agricultura familiar"},"content":{"rendered":"<p> <br \/>\n<\/p>\n<div id=\"\">\n<figure class=\"materia__midia\" style=\"float: none; margin: 24px 0px;\" data-midia=\"1300938\"><img decoding=\"async\" src=\"https:\/\/www.camara.leg.br\/midias\/image\/2026\/08\/img20191210101250711-768x512.jpg\" alt=\"Banca em evento com alimentos artesanais (sucos, geleia)\"\/><figcaption><span class=\"materia__legenda-imagem\">Regra proposta valer\u00e1 para a produ\u00e7\u00e3o familiar, artesanal e de pequeno porte<\/span> &#8211; <span class=\"materia__creditos-imagem\" style=\"color:#5f5f5e\">Foto: Camila Souza\/Governo da Bahia<\/span><\/figcaption><\/figure>\n<p>O Projeto de Lei 2071\/26 autoriza o com\u00e9rcio intermunicipal e interestadual de produtos que tenham inspe\u00e7\u00e3o dos Servi\u00e7os de Inspe\u00e7\u00e3o Municipal (SIM) e se enquadrem como alimentos artesanais e tradicionais da agricultura familiar.<\/p>\n<p>Pelo texto em an\u00e1lise na C\u00e2mara dos Deputados, a regra valer\u00e1 para a produ\u00e7\u00e3o familiar, artesanal e de pequeno porte, sem a exig\u00eancia de ades\u00e3o do munic\u00edpio ao Sistema Brasileiro de Inspe\u00e7\u00e3o de Produtos de Origem Animal (Sisbi-Poa).<\/p>\n<p>A proposta altera a <a class=\"linkLegislacao\" href=\"https:\/\/www2.camara.gov.br\/legin\/fed\/lei\/1991\/lei-8171-17-janeiro-1991-365106-norma-pl.html\" target=\"_blank\" rel=\"noopener noreferrer\">Lei da Pol\u00edtica Agr\u00edcola<\/a>. Pelo texto, o Minist\u00e9rio da Agricultura e Pecu\u00e1ria ter\u00e1 180 dias para regulamentar o assunto, ou a venda intermunicipal e interestadual dos produtos ficar\u00e1 autorizada at\u00e9 a defini\u00e7\u00e3o das regras.<\/p>\n<h3 class=\"ds-titulo-subsecao\">Justificativa<\/h3>\n<p>\n                        Segundo o deputado Dr Fl\u00e1vio (PL-RJ), autor da proposta, a aplica\u00e7\u00e3o, hoje, de exig\u00eancias sanit\u00e1rias voltadas a grandes agroind\u00fastrias \u00e9 desproporcional para a agricultura familiar e limita o acesso dos produtores aos mercados.<\/p>\n<p>\u201cO que se pretende \u00e9 que, ao menos os alimentos artesanais e tradicionais que tenham origem agroindustrial familiar, artesanal e de pequeno porte, tenham tratamento mais facilitado\u201d, disse Dr. Fl\u00e1vio na justificativa do projeto de lei.<\/p>\n<h3 class=\"ds-titulo-subsecao\">Pr\u00f3ximos passos<\/h3>\n<p>\n                        A proposta ser\u00e1 analisada, em <span id=\"4322\" class=\"termoGlossario materia__glossario\" title=\"Rito de tramita\u00e7\u00e3o pelo qual o projeto \u00e9 votado apenas pelas comiss\u00f5es designadas para analis\u00e1-lo, dispensada a delibera\u00e7\u00e3o do Plen\u00e1rio. O projeto perde o car\u00e1ter conclusivo se houver decis\u00e3o divergente entre as comiss\u00f5es ou se, independentemente de ser aprovado ou rejeitado, houver recurso assinado por 52 deputados para a aprecia\u00e7\u00e3o da mat\u00e9ria no Plen\u00e1rio.\" contenteditable=\"false\" data-toggle=\"tooltip\" data-placement=\"top\" style=\"color:#5f5f5e;border-bottom:none\">car\u00e1ter conclusivo<\/span>, pelas comiss\u00f5es de Agricultura, Pecu\u00e1ria, Abastecimento e Desenvolvimento Rural; e de Constitui\u00e7\u00e3o e Justi\u00e7a e de Cidadania.<\/p>\n<p>Para virar lei, ter\u00e1 de ser aprovada pela C\u00e2mara e pelo Senado.<\/p>\n<p><a href=\"https:\/\/www.camara.leg.br\/noticias\/573454-SAIBA-MAIS-SOBRE-A-TRAMITACAO-DE-PROJETOS-DE-LEI\">Saiba mais sobre a tramita\u00e7\u00e3o de projetos de lei<\/a><\/p>\n<\/p><\/div>\n<p><br \/>\n<br \/><a href=\"https:\/\/www.camara.leg.br\/noticias\/1300585-projeto-libera-venda-intermunicipal-e-interestadual-de-alimentos-artesanais-da-agricultura-familiar\">postagem original <\/a><\/p>\n","protected":false},"excerpt":{"rendered":"<p>Regra proposta valer\u00e1 para a produ\u00e7\u00e3o familiar, artesanal e de pequeno porte &#8211; Foto: Camila Souza\/Governo da Bahia O Projeto [&hellip;]<\/p>\n","protected":false},"author":1,"featured_media":6909,"comment_status":"open","ping_status":"open","sticky":false,"template":"","format":"standard","meta":{"site-sidebar-layout":"default","site-content-layout":"","ast-site-content-layout":"default","site-content-style":"default","site-sidebar-style":"default","ast-global-header-display":"","ast-banner-title-visibility":"","ast-main-header-display":"","ast-hfb-above-header-display":"","ast-hfb-below-header-display":"","ast-hfb-mobile-header-display":"","site-post-title":"","ast-breadcrumbs-content":"","ast-featured-img":"","footer-sml-layout":"","theme-transparent-header-meta":"","adv-header-id-meta":"","stick-header-meta":"","header-above-stick-meta":"","header-main-stick-meta":"","header-below-stick-meta":"","astra-migrate-meta-layouts":"default","ast-page-background-enabled":"default","ast-page-background-meta":{"desktop":{"background-color":"var(--ast-global-color-5)","background-image":"","background-repeat":"repeat","background-position":"center center","background-size":"auto","background-attachment":"scroll","background-type":"","background-media":"","overlay-type":"","overlay-color":"","overlay-opacity":"","overlay-gradient":""},"tablet":{"background-color":"","background-image":"","background-repeat":"repeat","background-position":"center center","background-size":"auto","background-attachment":"scroll","background-type":"","background-media":"","overlay-type":"","overlay-color":"","overlay-opacity":"","overlay-gradient":""},"mobile":{"background-color":"","background-image":"","background-repeat":"repeat","background-position":"center center","background-size":"auto","background-attachment":"scroll","background-type":"","background-media":"","overlay-type":"","overlay-color":"","overlay-opacity":"","overlay-gradient":""}},"ast-content-background-meta":{"desktop":{"background-color":"var(--ast-global-color-4)","background-image":"","background-repeat":"repeat","background-position":"center center","background-size":"auto","background-attachment":"scroll","background-type":"","background-media":"","overlay-type":"","overlay-color":"","overlay-opacity":"","overlay-gradient":""},"tablet":{"background-color":"var(--ast-global-color-4)","background-image":"","background-repeat":"repeat","background-position":"center center","background-size":"auto","background-attachment":"scroll","background-type":"","background-media":"","overlay-type":"","overlay-color":"","overlay-opacity":"","overlay-gradient":""},"mobile":{"background-color":"var(--ast-global-color-4)","background-image":"","background-repeat":"repeat","background-position":"center center","background-size":"auto","background-attachment":"scroll","background-type":"","background-media":"","overlay-type":"","overlay-color":"","overlay-opacity":"","overlay-gradient":""}},"_joinchat":[],"footnotes":""},"categories":[35],"tags":[],"_links":{"self":[{"href":"https:\/\/radiosantaclara.sitetopfm.com.br\/site\/wp-json\/wp\/v2\/posts\/11035"}],"collection":[{"href":"https:\/\/radiosantaclara.sitetopfm.com.br\/site\/wp-json\/wp\/v2\/posts"}],"about":[{"href":"https:\/\/radiosantaclara.sitetopfm.com.br\/site\/wp-json\/wp\/v2\/types\/post"}],"author":[{"embeddable":true,"href":"https:\/\/radiosantaclara.sitetopfm.com.br\/site\/wp-json\/wp\/v2\/users\/1"}],"replies":[{"embeddable":true,"href":"https:\/\/radiosantaclara.sitetopfm.com.br\/site\/wp-json\/wp\/v2\/comments?post=11035"}],"version-history":[{"count":0,"href":"https:\/\/radiosantaclara.sitetopfm.com.br\/site\/wp-json\/wp\/v2\/posts\/11035\/revisions"}],"wp:featuredmedia":[{"embeddable":true,"href":"https:\/\/radiosantaclara.sitetopfm.com.br\/site\/wp-json\/wp\/v2\/media\/6909"}],"wp:attachment":[{"href":"https:\/\/radiosantaclara.sitetopfm.com.br\/site\/wp-json\/wp\/v2\/media?parent=11035"}],"wp:term":[{"taxonomy":"category","embeddable":true,"href":"https:\/\/radiosantaclara.sitetopfm.com.br\/site\/wp-json\/wp\/v2\/categories?post=11035"},{"taxonomy":"post_tag","embeddable":true,"href":"https:\/\/radiosantaclara.sitetopfm.com.br\/site\/wp-json\/wp\/v2\/tags?post=11035"}],"curies":[{"name":"wp","href":"https:\/\/api.w.org\/{rel}","templated":true}]}}