{"id":11034,"date":"2026-08-28T20:15:04","date_gmt":"2026-08-28T23:15:04","guid":{"rendered":"https:\/\/radiosantaclara.sitetopfm.com.br\/site\/projeto-exige-aval-da-anac-para-troca-de-avioes-por-modelos-menores-em-rotas-regionais\/"},"modified":"2026-08-28T20:15:04","modified_gmt":"2026-08-28T23:15:04","slug":"projeto-exige-aval-da-anac-para-troca-de-avioes-por-modelos-menores-em-rotas-regionais","status":"publish","type":"post","link":"https:\/\/radiosantaclara.sitetopfm.com.br\/site\/projeto-exige-aval-da-anac-para-troca-de-avioes-por-modelos-menores-em-rotas-regionais\/","title":{"rendered":"Projeto exige aval da Anac para troca de avi\u00f5es por modelos menores em rotas regionais"},"content":{"rendered":"<p> <br \/>\n<\/p>\n<div id=\"\">\n<figure class=\"materia__midia\" style=\"float: none; margin: 24px 0px;\" data-midia=\"1293588\"><img decoding=\"async\" src=\"https:\/\/www.camara.leg.br\/midias\/image\/2026\/07\/img20200617130123448-768x504.jpg\" alt=\"Avi\u00e3o pequeno pousando em aeroporto\"\/><figcaption><span class=\"materia__legenda-imagem\">As empresas dever\u00e3o apresentar o plano de conting\u00eancia com anteced\u00eancia m\u00ednima de 60 dias<\/span> &#8211; <span class=\"materia__creditos-imagem\" style=\"color:#5f5f5e\">Foto: Andr\u00e9 Santos\/Prefeitura de Uberaba-MG<\/span><\/figcaption><\/figure>\n<p>O Projeto de Lei 2021\/26 exige que as companhias a\u00e9reas obtenham autoriza\u00e7\u00e3o pr\u00e9via da Ag\u00eancia Nacional de Avia\u00e7\u00e3o Civil (Anac) para substituir aeronaves de grande porte por modelos de menor capacidade em rotas regionais.<\/p>\n<p>Autor da proposta, o deputado licenciado Leo Prates (BA) disse que a troca repentina de equipamentos prejudica o turismo e a economia. Pelo projeto, as empresas dever\u00e3o apresentar o plano de conting\u00eancia com anteced\u00eancia m\u00ednima de 60 dias.<\/p>\n<p>\u201cEmpresas a\u00e9reas devem ser impedidas de utilizar o <em>downgrade<\/em> operacional como estrat\u00e9gia puramente financeira em detrimento da conectividade, devendo manter a capacidade da aeronave condizente com a demanda regional\u201d, disse.<\/p>\n<h3 class=\"ds-titulo-subsecao\">Penalidades<\/h3>\n<p>\n                        Conforme a proposta em an\u00e1lise na C\u00e2mara dos Deputados, a nova regra valer\u00e1 para rotas consolidadas, definidas como aquelas com opera\u00e7\u00e3o regular e taxa de ocupa\u00e7\u00e3o superior a 70% nos \u00faltimos 12 meses.<\/p>\n<p>O texto estabelece multas administrativas caso a empresa a\u00e9rea descumpra as regras de transi\u00e7\u00e3o. A companhia infratora tamb\u00e9m ser\u00e1 obrigada a garantir a reacomoda\u00e7\u00e3o dos passageiros afetados pela diminui\u00e7\u00e3o da oferta de lugares.<\/p>\n<p>Al\u00e9m de puni\u00e7\u00f5es financeiras e do atendimento direto ao consumidor, o projeto de lei ainda prev\u00ea que as infra\u00e7\u00f5es poder\u00e3o gerar consequ\u00eancias operacionais. Por isso, a Anac ficar\u00e1 autorizada a impor poss\u00edveis restri\u00e7\u00f5es na malha a\u00e9rea.<\/p>\n<h3 class=\"ds-titulo-subsecao\">Pr\u00f3ximos passos<\/h3>\n<p>\n                        A proposta ser\u00e1 analisada, em <span id=\"4322\" class=\"termoGlossario materia__glossario\" title=\"Rito de tramita\u00e7\u00e3o pelo qual o projeto \u00e9 votado apenas pelas comiss\u00f5es designadas para analis\u00e1-lo, dispensada a delibera\u00e7\u00e3o do Plen\u00e1rio. O projeto perde o car\u00e1ter conclusivo se houver decis\u00e3o divergente entre as comiss\u00f5es ou se, independentemente de ser aprovado ou rejeitado, houver recurso assinado por 52 deputados para a aprecia\u00e7\u00e3o da mat\u00e9ria no Plen\u00e1rio.\" contenteditable=\"false\" data-toggle=\"tooltip\" data-placement=\"top\" style=\"color:#5f5f5e;border-bottom:none\">car\u00e1ter conclusivo<\/span>, pelas comiss\u00f5es de Via\u00e7\u00e3o e Transportes; e de Constitui\u00e7\u00e3o e Justi\u00e7a e de Cidadania.<\/p>\n<p>Para virar lei, ter\u00e1 de ser aprovada pela C\u00e2mara e pelo Senado.<\/p>\n<p><a href=\"https:\/\/www.camara.leg.br\/noticias\/573454-SAIBA-MAIS-SOBRE-A-TRAMITACAO-DE-PROJETOS-DE-LEI\">Saiba mais sobre a tramita\u00e7\u00e3o de projetos de lei<\/a><\/p>\n<\/p><\/div>\n<p><br \/>\n<br \/><a href=\"https:\/\/www.camara.leg.br\/noticias\/1300590-projeto-exige-aval-da-anac-para-troca-de-avioes-por-modelos-menores-em-rotas-regionais\">postagem original <\/a><\/p>\n","protected":false},"excerpt":{"rendered":"<p>As empresas dever\u00e3o apresentar o plano de conting\u00eancia com anteced\u00eancia m\u00ednima de 60 dias &#8211; Foto: Andr\u00e9 Santos\/Prefeitura de Uberaba-MG [&hellip;]<\/p>\n","protected":false},"author":1,"featured_media":6909,"comment_status":"open","ping_status":"open","sticky":false,"template":"","format":"standard","meta":{"site-sidebar-layout":"default","site-content-layout":"","ast-site-content-layout":"default","site-content-style":"default","site-sidebar-style":"default","ast-global-header-display":"","ast-banner-title-visibility":"","ast-main-header-display":"","ast-hfb-above-header-display":"","ast-hfb-below-header-display":"","ast-hfb-mobile-header-display":"","site-post-title":"","ast-breadcrumbs-content":"","ast-featured-img":"","footer-sml-layout":"","theme-transparent-header-meta":"","adv-header-id-meta":"","stick-header-meta":"","header-above-stick-meta":"","header-main-stick-meta":"","header-below-stick-meta":"","astra-migrate-meta-layouts":"default","ast-page-background-enabled":"default","ast-page-background-meta":{"desktop":{"background-color":"var(--ast-global-color-5)","background-image":"","background-repeat":"repeat","background-position":"center center","background-size":"auto","background-attachment":"scroll","background-type":"","background-media":"","overlay-type":"","overlay-color":"","overlay-opacity":"","overlay-gradient":""},"tablet":{"background-color":"","background-image":"","background-repeat":"repeat","background-position":"center center","background-size":"auto","background-attachment":"scroll","background-type":"","background-media":"","overlay-type":"","overlay-color":"","overlay-opacity":"","overlay-gradient":""},"mobile":{"background-color":"","background-image":"","background-repeat":"repeat","background-position":"center center","background-size":"auto","background-attachment":"scroll","background-type":"","background-media":"","overlay-type":"","overlay-color":"","overlay-opacity":"","overlay-gradient":""}},"ast-content-background-meta":{"desktop":{"background-color":"var(--ast-global-color-4)","background-image":"","background-repeat":"repeat","background-position":"center center","background-size":"auto","background-attachment":"scroll","background-type":"","background-media":"","overlay-type":"","overlay-color":"","overlay-opacity":"","overlay-gradient":""},"tablet":{"background-color":"var(--ast-global-color-4)","background-image":"","background-repeat":"repeat","background-position":"center center","background-size":"auto","background-attachment":"scroll","background-type":"","background-media":"","overlay-type":"","overlay-color":"","overlay-opacity":"","overlay-gradient":""},"mobile":{"background-color":"var(--ast-global-color-4)","background-image":"","background-repeat":"repeat","background-position":"center center","background-size":"auto","background-attachment":"scroll","background-type":"","background-media":"","overlay-type":"","overlay-color":"","overlay-opacity":"","overlay-gradient":""}},"_joinchat":[],"footnotes":""},"categories":[36],"tags":[],"_links":{"self":[{"href":"https:\/\/radiosantaclara.sitetopfm.com.br\/site\/wp-json\/wp\/v2\/posts\/11034"}],"collection":[{"href":"https:\/\/radiosantaclara.sitetopfm.com.br\/site\/wp-json\/wp\/v2\/posts"}],"about":[{"href":"https:\/\/radiosantaclara.sitetopfm.com.br\/site\/wp-json\/wp\/v2\/types\/post"}],"author":[{"embeddable":true,"href":"https:\/\/radiosantaclara.sitetopfm.com.br\/site\/wp-json\/wp\/v2\/users\/1"}],"replies":[{"embeddable":true,"href":"https:\/\/radiosantaclara.sitetopfm.com.br\/site\/wp-json\/wp\/v2\/comments?post=11034"}],"version-history":[{"count":0,"href":"https:\/\/radiosantaclara.sitetopfm.com.br\/site\/wp-json\/wp\/v2\/posts\/11034\/revisions"}],"wp:featuredmedia":[{"embeddable":true,"href":"https:\/\/radiosantaclara.sitetopfm.com.br\/site\/wp-json\/wp\/v2\/media\/6909"}],"wp:attachment":[{"href":"https:\/\/radiosantaclara.sitetopfm.com.br\/site\/wp-json\/wp\/v2\/media?parent=11034"}],"wp:term":[{"taxonomy":"category","embeddable":true,"href":"https:\/\/radiosantaclara.sitetopfm.com.br\/site\/wp-json\/wp\/v2\/categories?post=11034"},{"taxonomy":"post_tag","embeddable":true,"href":"https:\/\/radiosantaclara.sitetopfm.com.br\/site\/wp-json\/wp\/v2\/tags?post=11034"}],"curies":[{"name":"wp","href":"https:\/\/api.w.org\/{rel}","templated":true}]}}