{"id":11033,"date":"2026-08-28T19:37:16","date_gmt":"2026-08-28T22:37:16","guid":{"rendered":"https:\/\/radiosantaclara.sitetopfm.com.br\/site\/comissao-vota-na-segunda-feira-mp-que-acaba-com-taxa-das-blusinhas-para-compras-de-ate-50-dolares\/"},"modified":"2026-08-28T19:37:16","modified_gmt":"2026-08-28T22:37:16","slug":"comissao-vota-na-segunda-feira-mp-que-acaba-com-taxa-das-blusinhas-para-compras-de-ate-50-dolares","status":"publish","type":"post","link":"https:\/\/radiosantaclara.sitetopfm.com.br\/site\/comissao-vota-na-segunda-feira-mp-que-acaba-com-taxa-das-blusinhas-para-compras-de-ate-50-dolares\/","title":{"rendered":"Comiss\u00e3o vota na segunda-feira MP que acaba com &#8220;taxa das blusinhas\u201d para compras de at\u00e9 50 d\u00f3lares"},"content":{"rendered":"<p> <br \/>\n<\/p>\n<div id=\"\">\n<figure class=\"materia__midia\" style=\"float: none; margin: 24px 0px;\" data-midia=\"1301042\"><img decoding=\"async\" src=\"https:\/\/www.camara.leg.br\/midias\/image\/2026\/08\/img20260828110413863-768x473.jpg\" alt=\"Elei\u00e7\u00e3o de Presidente e Vice-Presidente. Dep. Reginaldo Lopes (PT - MG). Senadora, Leila Barros (PDT - DF)\"\/><figcaption><span class=\"materia__legenda-imagem\">A senadora Leira Barros, relatora da MP, \u00e9 favor\u00e1vel ao texto<\/span> &#8211; <span class=\"materia__creditos-imagem\" style=\"color:#5f5f5e\">Foto: Bruno Spada \/ C\u00e2mara dos Deputados<\/span><\/figcaption><\/figure>\n<p>A relatora da medida provis\u00f3ria da chamada \u201ctaxa das blusinhas\u201d (<a class=\"linkProposicao\" href=\"https:\/\/www.camara.leg.br\/noticias\/1271806-mp-1357-26-governo-do-brasil-publica-mp-que-zera-imposto-da-chamada-taxa-das-blusinhas\">MP 1357\/26<\/a>), senadora Leila Barros (PDT-DF), disse nesta sexta-feira (28) que o seu relat\u00f3rio deve ser apresentado e votado na segunda-feira (31) na <span id=\"4084\" class=\"termoGlossario materia__glossario\" title=\"Comiss\u00e3o integrada por deputados e senadores, constitu\u00edda para tratar de mat\u00e9ria de compet\u00eancia do Congresso Nacional. Pode ter car\u00e1ter permanente ou tempor\u00e1rio.\" contenteditable=\"false\" data-toggle=\"tooltip\" data-placement=\"top\" style=\"color:#5f5f5e;border-bottom:none\">comiss\u00e3o mista<\/span> da proposta. A ideia \u00e9 votar nos plen\u00e1rios da C\u00e2mara e do Senado j\u00e1 na ter\u00e7a-feira (1\u00ba). A senadora adiantou que \u00e9 favor\u00e1vel ao texto do governo.<\/p>\n<p><a href=\"https:\/\/www.camara.leg.br\/noticias\/573452-saiba-mais-sobre-a-tramitacao-de-mps\">Saiba mais sobre a tramita\u00e7\u00e3o de medidas provis\u00f3rias<\/a><\/p>\n<p>A MP isentou de imposto de importa\u00e7\u00e3o as compras por remessas internacionais de at\u00e9 50 d\u00f3lares desde maio deste ano. Acima deste valor e at\u00e9 3 mil d\u00f3lares, a taxa \u00e9 de 60% com um desconto fixo de 20 d\u00f3lares.<\/p>\n<p>O presidente da comiss\u00e3o, deputado Reginaldo Lopes (PT-MG), tamb\u00e9m \u00e9 favor\u00e1vel \u00e0 medida. Segundo ele, os brasileiros mais ricos podem trazer do exterior at\u00e9 2 mil d\u00f3lares em compras sem pagar imposto, quando viajam.<\/p>\n<p>\u201cSer\u00e1 que esses brasileiros e brasileiras n\u00e3o t\u00eam o direito tamb\u00e9m de ter acesso a compras internacionais, amplia\u00e7\u00e3o de acesso para o consumo at\u00e9 50 d\u00f3lares, sendo que a m\u00e9dia \u00e9 em torno de menos de 20 d\u00f3lares?\u201d<\/p>\n<p>Lopes lembrou que a reforma tribut\u00e1ria criou a Contribui\u00e7\u00e3o sobre Bens e Servi\u00e7os, que entrar\u00e1 em vigor em 2027, inclusive para compras internacionais. Mas, para pessoas de baixa renda, haver\u00e1 um cashback de 20% para bens n\u00e3o essenciais.<\/p>\n<p>A senadora Leila Barros disse que vai analisar as 112 emendas apresentadas neste final de semana e aproveitar o que for poss\u00edvel.<\/p>\n<p>Entre as emendas, existem as que aumentam a isen\u00e7\u00e3o para 100 d\u00f3lares, as que permitem a isen\u00e7\u00e3o apenas para produtos sem similar nacional, e at\u00e9 as que criam regimes de compensa\u00e7\u00e3o para a ind\u00fastria nacional.<\/p>\n<\/p><\/div>\n<p><br \/>\n<br \/><a href=\"https:\/\/www.camara.leg.br\/noticias\/1301026-comissao-vota-na-segunda-feira-mp-que-acaba-com-taxa-das-blusinhas-para-compras-de-ate-50-dolares\">postagem original <\/a><\/p>\n","protected":false},"excerpt":{"rendered":"<p>A senadora Leira Barros, relatora da MP, \u00e9 favor\u00e1vel ao texto &#8211; Foto: Bruno Spada \/ C\u00e2mara dos Deputados A [&hellip;]<\/p>\n","protected":false},"author":1,"featured_media":6909,"comment_status":"open","ping_status":"open","sticky":false,"template":"","format":"standard","meta":{"site-sidebar-layout":"default","site-content-layout":"","ast-site-content-layout":"default","site-content-style":"default","site-sidebar-style":"default","ast-global-header-display":"","ast-banner-title-visibility":"","ast-main-header-display":"","ast-hfb-above-header-display":"","ast-hfb-below-header-display":"","ast-hfb-mobile-header-display":"","site-post-title":"","ast-breadcrumbs-content":"","ast-featured-img":"","footer-sml-layout":"","theme-transparent-header-meta":"","adv-header-id-meta":"","stick-header-meta":"","header-above-stick-meta":"","header-main-stick-meta":"","header-below-stick-meta":"","astra-migrate-meta-layouts":"default","ast-page-background-enabled":"default","ast-page-background-meta":{"desktop":{"background-color":"var(--ast-global-color-5)","background-image":"","background-repeat":"repeat","background-position":"center center","background-size":"auto","background-attachment":"scroll","background-type":"","background-media":"","overlay-type":"","overlay-color":"","overlay-opacity":"","overlay-gradient":""},"tablet":{"background-color":"","background-image":"","background-repeat":"repeat","background-position":"center center","background-size":"auto","background-attachment":"scroll","background-type":"","background-media":"","overlay-type":"","overlay-color":"","overlay-opacity":"","overlay-gradient":""},"mobile":{"background-color":"","background-image":"","background-repeat":"repeat","background-position":"center center","background-size":"auto","background-attachment":"scroll","background-type":"","background-media":"","overlay-type":"","overlay-color":"","overlay-opacity":"","overlay-gradient":""}},"ast-content-background-meta":{"desktop":{"background-color":"var(--ast-global-color-4)","background-image":"","background-repeat":"repeat","background-position":"center center","background-size":"auto","background-attachment":"scroll","background-type":"","background-media":"","overlay-type":"","overlay-color":"","overlay-opacity":"","overlay-gradient":""},"tablet":{"background-color":"var(--ast-global-color-4)","background-image":"","background-repeat":"repeat","background-position":"center center","background-size":"auto","background-attachment":"scroll","background-type":"","background-media":"","overlay-type":"","overlay-color":"","overlay-opacity":"","overlay-gradient":""},"mobile":{"background-color":"var(--ast-global-color-4)","background-image":"","background-repeat":"repeat","background-position":"center center","background-size":"auto","background-attachment":"scroll","background-type":"","background-media":"","overlay-type":"","overlay-color":"","overlay-opacity":"","overlay-gradient":""}},"_joinchat":[],"footnotes":""},"categories":[34],"tags":[],"_links":{"self":[{"href":"https:\/\/radiosantaclara.sitetopfm.com.br\/site\/wp-json\/wp\/v2\/posts\/11033"}],"collection":[{"href":"https:\/\/radiosantaclara.sitetopfm.com.br\/site\/wp-json\/wp\/v2\/posts"}],"about":[{"href":"https:\/\/radiosantaclara.sitetopfm.com.br\/site\/wp-json\/wp\/v2\/types\/post"}],"author":[{"embeddable":true,"href":"https:\/\/radiosantaclara.sitetopfm.com.br\/site\/wp-json\/wp\/v2\/users\/1"}],"replies":[{"embeddable":true,"href":"https:\/\/radiosantaclara.sitetopfm.com.br\/site\/wp-json\/wp\/v2\/comments?post=11033"}],"version-history":[{"count":0,"href":"https:\/\/radiosantaclara.sitetopfm.com.br\/site\/wp-json\/wp\/v2\/posts\/11033\/revisions"}],"wp:featuredmedia":[{"embeddable":true,"href":"https:\/\/radiosantaclara.sitetopfm.com.br\/site\/wp-json\/wp\/v2\/media\/6909"}],"wp:attachment":[{"href":"https:\/\/radiosantaclara.sitetopfm.com.br\/site\/wp-json\/wp\/v2\/media?parent=11033"}],"wp:term":[{"taxonomy":"category","embeddable":true,"href":"https:\/\/radiosantaclara.sitetopfm.com.br\/site\/wp-json\/wp\/v2\/categories?post=11033"},{"taxonomy":"post_tag","embeddable":true,"href":"https:\/\/radiosantaclara.sitetopfm.com.br\/site\/wp-json\/wp\/v2\/tags?post=11033"}],"curies":[{"name":"wp","href":"https:\/\/api.w.org\/{rel}","templated":true}]}}