{"id":11032,"date":"2026-08-28T18:46:56","date_gmt":"2026-08-28T21:46:56","guid":{"rendered":"https:\/\/radiosantaclara.sitetopfm.com.br\/site\/projeto-cria-regras-para-publicidade-de-anabolizantes-e-exige-alertas-sobre-riscos-a-saude\/"},"modified":"2026-08-28T18:46:56","modified_gmt":"2026-08-28T21:46:56","slug":"projeto-cria-regras-para-publicidade-de-anabolizantes-e-exige-alertas-sobre-riscos-a-saude","status":"publish","type":"post","link":"https:\/\/radiosantaclara.sitetopfm.com.br\/site\/projeto-cria-regras-para-publicidade-de-anabolizantes-e-exige-alertas-sobre-riscos-a-saude\/","title":{"rendered":"Projeto cria regras para publicidade de anabolizantes e exige alertas sobre riscos \u00e0 sa\u00fade"},"content":{"rendered":"<p> <br \/>\n<\/p>\n<div id=\"\">\n<figure class=\"materia__midia\" style=\"float: none; margin: 24px 0px;\" data-midia=\"1301143\"><img decoding=\"async\" src=\"https:\/\/www.camara.leg.br\/midias\/image\/2026\/08\/homem-fisiculturista-academia-musculos-768x512.jpg\"\/><figcaption><span class=\"materia__legenda-imagem\">Fisiculturista exibe m\u00fasculos hipertrofiados na academia<\/span> &#8211; <span class=\"materia__creditos-imagem\" style=\"color:#5f5f5e\">Foto: Depositphotos<\/span><\/figcaption><\/figure>\n<p>O Projeto de Lei 3120\/26 estabelece regras para a publicidade de esteroides anabolizantes e subst\u00e2ncias hormonais. A proposta exige que os an\u00fancios identifiquem claramente que se trata de publicidade e apresentem alertas sobre os riscos \u00e0 sa\u00fade. As regras valem para qualquer meio de divulga\u00e7\u00e3o, incluindo redes sociais, sites e aplicativos de mensagens.<\/p>\n<p>Em maio, a morte s\u00fabita do fisiculturista Gabriel Ganley, que documentou publicamente o uso de anabolizantes, reacendeu o alerta sobre o consumo de horm\u00f4nios entre jovens. O caso ocorre em um cen\u00e1rio de forte crescimento nas vendas de testosterona, que aumentaram mais de 700% nos \u00faltimos sete anos.<\/p>\n<p>Pelo projeto, a publicidade e a promo\u00e7\u00e3o dessas subst\u00e2ncias dever\u00e3o apresentar, de forma vis\u00edvel e leg\u00edvel, um alerta sobre os riscos do uso sem acompanhamento m\u00e9dico. A mensagem dever\u00e1 informar ainda sobre poss\u00edveis problemas no cora\u00e7\u00e3o, no f\u00edgado, no sistema hormonal, na sa\u00fade mental e no metabolismo.<\/p>\n<p>O projeto pro\u00edbe apresentar essas subst\u00e2ncias como seguras ou sem riscos e tamb\u00e9m impede a divulga\u00e7\u00e3o para fins est\u00e9ticos, recreativos ou de aumento de desempenho sem o alerta exigido.<\/p>\n<p>A autora, deputada Daniela do Waguinho (Republicanos-RJ), afirma que o consumo de anabolizantes para fins est\u00e9ticos cresceu no Brasil em meio \u00e0 divulga\u00e7\u00e3o de conte\u00fados sobre essas subst\u00e2ncias por influenciadores e cl\u00ednicas est\u00e9ticas.<\/p>\n<p>\u201cO projeto n\u00e3o pretende proibir o debate sobre sa\u00fade hormonal nem o relato de experi\u00eancias pessoais\u201d, esclareceu a deputada.<\/p>\n<h3 class=\"ds-titulo-subsecao\">Pr\u00f3ximas etapas<\/h3>\n<p>A proposta ser\u00e1 analisada, em <span id=\"4322\" class=\"termoGlossario materia__glossario\" title=\"Rito de tramita\u00e7\u00e3o pelo qual o projeto \u00e9 votado apenas pelas comiss\u00f5es designadas para analis\u00e1-lo, dispensada a delibera\u00e7\u00e3o do Plen\u00e1rio. O projeto perde o car\u00e1ter conclusivo se houver decis\u00e3o divergente entre as comiss\u00f5es ou se, independentemente de ser aprovado ou rejeitado, houver recurso assinado por 52 deputados para a aprecia\u00e7\u00e3o da mat\u00e9ria no Plen\u00e1rio.\" contenteditable=\"false\" data-toggle=\"tooltip\" data-placement=\"top\" style=\"color:#5f5f5e;border-bottom:none\">car\u00e1ter conclusivo<\/span>, pelas comiss\u00f5es de Comunica\u00e7\u00e3o; de Defesa do Consumidor; de Sa\u00fade; e de Constitui\u00e7\u00e3o e Justi\u00e7a e de Cidadania.<\/p>\n<p>Para virar lei, o texto ainda precisa ser aprovado pela C\u00e2mara dos Deputados e pelo Senado Federal.<\/p>\n<p><a href=\"https:\/\/www.camara.leg.br\/noticias\/573454-SAIBA-MAIS-SOBRE-A-TRAMITACAO-DE-PROJETOS-DE-LEI\">Saiba mais sobre a tramita\u00e7\u00e3o de projetos de lei<\/a><\/p>\n<\/p><\/div>\n<p><br \/>\n<br \/><a href=\"https:\/\/www.camara.leg.br\/noticias\/1299853-projeto-cria-regras-para-publicidade-de-anabolizantes-e-exige-alertas-sobre-riscos-a-saude\">postagem original <\/a><\/p>\n","protected":false},"excerpt":{"rendered":"<p>Fisiculturista exibe m\u00fasculos hipertrofiados na academia &#8211; Foto: Depositphotos O Projeto de Lei 3120\/26 estabelece regras para a publicidade de [&hellip;]<\/p>\n","protected":false},"author":1,"featured_media":6909,"comment_status":"open","ping_status":"open","sticky":false,"template":"","format":"standard","meta":{"site-sidebar-layout":"default","site-content-layout":"","ast-site-content-layout":"default","site-content-style":"default","site-sidebar-style":"default","ast-global-header-display":"","ast-banner-title-visibility":"","ast-main-header-display":"","ast-hfb-above-header-display":"","ast-hfb-below-header-display":"","ast-hfb-mobile-header-display":"","site-post-title":"","ast-breadcrumbs-content":"","ast-featured-img":"","footer-sml-layout":"","theme-transparent-header-meta":"","adv-header-id-meta":"","stick-header-meta":"","header-above-stick-meta":"","header-main-stick-meta":"","header-below-stick-meta":"","astra-migrate-meta-layouts":"default","ast-page-background-enabled":"default","ast-page-background-meta":{"desktop":{"background-color":"var(--ast-global-color-5)","background-image":"","background-repeat":"repeat","background-position":"center center","background-size":"auto","background-attachment":"scroll","background-type":"","background-media":"","overlay-type":"","overlay-color":"","overlay-opacity":"","overlay-gradient":""},"tablet":{"background-color":"","background-image":"","background-repeat":"repeat","background-position":"center center","background-size":"auto","background-attachment":"scroll","background-type":"","background-media":"","overlay-type":"","overlay-color":"","overlay-opacity":"","overlay-gradient":""},"mobile":{"background-color":"","background-image":"","background-repeat":"repeat","background-position":"center center","background-size":"auto","background-attachment":"scroll","background-type":"","background-media":"","overlay-type":"","overlay-color":"","overlay-opacity":"","overlay-gradient":""}},"ast-content-background-meta":{"desktop":{"background-color":"var(--ast-global-color-4)","background-image":"","background-repeat":"repeat","background-position":"center center","background-size":"auto","background-attachment":"scroll","background-type":"","background-media":"","overlay-type":"","overlay-color":"","overlay-opacity":"","overlay-gradient":""},"tablet":{"background-color":"var(--ast-global-color-4)","background-image":"","background-repeat":"repeat","background-position":"center center","background-size":"auto","background-attachment":"scroll","background-type":"","background-media":"","overlay-type":"","overlay-color":"","overlay-opacity":"","overlay-gradient":""},"mobile":{"background-color":"var(--ast-global-color-4)","background-image":"","background-repeat":"repeat","background-position":"center center","background-size":"auto","background-attachment":"scroll","background-type":"","background-media":"","overlay-type":"","overlay-color":"","overlay-opacity":"","overlay-gradient":""}},"_joinchat":[],"footnotes":""},"categories":[26],"tags":[],"_links":{"self":[{"href":"https:\/\/radiosantaclara.sitetopfm.com.br\/site\/wp-json\/wp\/v2\/posts\/11032"}],"collection":[{"href":"https:\/\/radiosantaclara.sitetopfm.com.br\/site\/wp-json\/wp\/v2\/posts"}],"about":[{"href":"https:\/\/radiosantaclara.sitetopfm.com.br\/site\/wp-json\/wp\/v2\/types\/post"}],"author":[{"embeddable":true,"href":"https:\/\/radiosantaclara.sitetopfm.com.br\/site\/wp-json\/wp\/v2\/users\/1"}],"replies":[{"embeddable":true,"href":"https:\/\/radiosantaclara.sitetopfm.com.br\/site\/wp-json\/wp\/v2\/comments?post=11032"}],"version-history":[{"count":0,"href":"https:\/\/radiosantaclara.sitetopfm.com.br\/site\/wp-json\/wp\/v2\/posts\/11032\/revisions"}],"wp:featuredmedia":[{"embeddable":true,"href":"https:\/\/radiosantaclara.sitetopfm.com.br\/site\/wp-json\/wp\/v2\/media\/6909"}],"wp:attachment":[{"href":"https:\/\/radiosantaclara.sitetopfm.com.br\/site\/wp-json\/wp\/v2\/media?parent=11032"}],"wp:term":[{"taxonomy":"category","embeddable":true,"href":"https:\/\/radiosantaclara.sitetopfm.com.br\/site\/wp-json\/wp\/v2\/categories?post=11032"},{"taxonomy":"post_tag","embeddable":true,"href":"https:\/\/radiosantaclara.sitetopfm.com.br\/site\/wp-json\/wp\/v2\/tags?post=11032"}],"curies":[{"name":"wp","href":"https:\/\/api.w.org\/{rel}","templated":true}]}}