{"id":11027,"date":"2026-08-28T13:57:16","date_gmt":"2026-08-28T16:57:16","guid":{"rendered":"https:\/\/radiosantaclara.sitetopfm.com.br\/site\/projeto-cria-politica-nacional-para-garantir-atencao-integral-a-atletas-de-base\/"},"modified":"2026-08-28T13:57:16","modified_gmt":"2026-08-28T16:57:16","slug":"projeto-cria-politica-nacional-para-garantir-atencao-integral-a-atletas-de-base","status":"publish","type":"post","link":"https:\/\/radiosantaclara.sitetopfm.com.br\/site\/projeto-cria-politica-nacional-para-garantir-atencao-integral-a-atletas-de-base\/","title":{"rendered":"Projeto cria pol\u00edtica nacional para garantir aten\u00e7\u00e3o integral a atletas de base"},"content":{"rendered":"<p> <br \/>\n<\/p>\n<div id=\"\">\n<figure class=\"materia__midia\" style=\"float: none; margin: 24px 0px;\" data-midia=\"1300940\"><img decoding=\"async\" src=\"https:\/\/www.camara.leg.br\/midias\/image\/2026\/08\/depositphotos-326315744-xl-768x513.jpg\" alt=\"Atleta nada na piscina\"\/><figcaption><span class=\"materia__legenda-imagem\">Para ser considerado atleta de base, \u00e9 necess\u00e1rio ter entre 6 e 21 anos<\/span> &#8211; <span class=\"materia__creditos-imagem\" style=\"color:#5f5f5e\">Foto: Depositphotos<\/span><\/figcaption><\/figure>\n<p>O Projeto de Lei 2734\/26 cria a Pol\u00edtica Nacional de Aten\u00e7\u00e3o Integral \u00e0 Sa\u00fade F\u00edsica e Mental do Atleta de Base, com o objetivo de prevenir, diagnosticar, acompanhar, reabilitar e proteger a sa\u00fade de crian\u00e7as, jovens e adolescentes que praticam esportes.<\/p>\n<p>O texto de autoria do deputado licenciado Ribeiro Neto (MA) est\u00e1 em an\u00e1lise na C\u00e2mara.<\/p>\n<h3 class=\"ds-titulo-subsecao\">Quem poder\u00e1 participar<\/h3>\n<p>Para ser considerado atleta de base, \u00e9 necess\u00e1rio ter entre 6 e 21 anos e praticar atividades esportivas escolares, comunit\u00e1rias, sociais ou amadoras.<\/p>\n<p>A pol\u00edtica dar\u00e1 prioridade a atletas:<\/p>\n<ul>\n<li>de fam\u00edlias de baixa renda;<\/li>\n<li>vinculados a projetos sociais esportivos;<\/li>\n<li>matriculados na rede p\u00fablica;<\/li>\n<li>residentes em comunidades perif\u00e9ricas ou regi\u00f5es de vulnerabilidade social; e<\/li>\n<li>que tenham sofrido les\u00f5es decorrentes da pr\u00e1tica esportiva.<\/li>\n<\/ul>\n<p>\u201cO esporte de base precisa ser tratado como pol\u00edtica p\u00fablica integrada, e n\u00e3o apenas como atividade recreativa\u201d, afirmou Ribeiro Neto. \u201cA prote\u00e7\u00e3o \u00e0 sa\u00fade do jovem atleta \u00e9 tamb\u00e9m prote\u00e7\u00e3o \u00e0 educa\u00e7\u00e3o, \u00e0 sa\u00fade mental, \u00e0 conviv\u00eancia comunit\u00e1ria e \u00e0 preven\u00e7\u00e3o da exclus\u00e3o social\u201d.<\/p>\n<h3 class=\"ds-titulo-subsecao\">Objetivos<\/h3>\n<p>O projeto busca:<\/p>\n<ul>\n<li>prevenir les\u00f5es decorrentes da pr\u00e1tica esportiva;<\/li>\n<li>promover avalia\u00e7\u00f5es m\u00e9dicas, f\u00edsicas e psicol\u00f3gicas;<\/li>\n<li>assegurar orienta\u00e7\u00e3o sobre sa\u00fade, nutri\u00e7\u00e3o, bem-estar emocional e preven\u00e7\u00e3o de les\u00f5es;<\/li>\n<li>garantir acolhimento psicol\u00f3gico em casos de afastamento, press\u00e3o competitiva e ansiedade esportiva;<\/li>\n<li>integrar sa\u00fade, educa\u00e7\u00e3o, assist\u00eancia social e esporte;<\/li>\n<li>proteger crian\u00e7as, adolescentes e jovens contra pr\u00e1ticas abusivas, excesso de cobran\u00e7a, neglig\u00eancia, ass\u00e9dio moral e viol\u00eancia psicol\u00f3gica;<\/li>\n<li>reduzir desigualdades em rela\u00e7\u00e3o \u00e0 sa\u00fade preventiva entre atletas de base de baixa renda.<\/li>\n<\/ul>\n<p>A pol\u00edtica poder\u00e1 ainda oferecer avalia\u00e7\u00f5es cl\u00ednicas, cardiol\u00f3gicas, ortop\u00e9dicas e fisioterap\u00eauticas de forma preventiva. Tamb\u00e9m poder\u00e1 realizar acompanhamento psicol\u00f3gico esportivo, orienta\u00e7\u00e3o nutricional, reabilita\u00e7\u00e3o p\u00f3s-les\u00e3o e encaminhamento para servi\u00e7os do Sistema \u00danico de Sa\u00fade (SUS).<\/p>\n<h3 class=\"ds-titulo-subsecao\">Coopera\u00e7\u00e3o<\/h3>\n<p>\n                        A pol\u00edtica poder\u00e1 criar redes locais de aten\u00e7\u00e3o \u00e0 sa\u00fade de atletas de base, com articula\u00e7\u00e3o entre:<\/p>\n<ul>\n<li>unidades b\u00e1sicas de sa\u00fade;<\/li>\n<li>centros m\u00e9dicos;<\/li>\n<li>escolas p\u00fablicas e privadas;<\/li>\n<li>universidades;<\/li>\n<li>institui\u00e7\u00f5es de ensino t\u00e9cnico;<\/li>\n<li>entidades esportivas;<\/li>\n<li>organiza\u00e7\u00f5es da sociedade civil, e<\/li>\n<li>projetos esportivos comunit\u00e1rios.<\/li>\n<\/ul>\n<h3 class=\"ds-titulo-subsecao\">Pr\u00f3ximos passos<\/h3>\n<p>O projeto tramita em <span id=\"4322\" class=\"termoGlossario materia__glossario\" title=\"Rito de tramita\u00e7\u00e3o pelo qual o projeto \u00e9 votado apenas pelas comiss\u00f5es designadas para analis\u00e1-lo, dispensada a delibera\u00e7\u00e3o do Plen\u00e1rio. O projeto perde o car\u00e1ter conclusivo se houver decis\u00e3o divergente entre as comiss\u00f5es ou se, independentemente de ser aprovado ou rejeitado, houver recurso assinado por 52 deputados para a aprecia\u00e7\u00e3o da mat\u00e9ria no Plen\u00e1rio.\" contenteditable=\"false\" data-toggle=\"tooltip\" data-placement=\"top\" style=\"color:#5f5f5e;border-bottom:none\">car\u00e1ter conclusivo<\/span> e ser\u00e1 analisado pelas Comiss\u00f5es do Esporte; de Previd\u00eancia, Assist\u00eancia Social, Inf\u00e2ncia, Adolesc\u00eancia e Fam\u00edlia; e de Constitui\u00e7\u00e3o e Justi\u00e7a e de Cidadania.<\/p>\n<p>Para virar lei, o projeto precisa ser aprovado pela C\u00e2mara dos Deputados e pelo Senado Federal.<\/p>\n<p><a href=\"https:\/\/www.camara.leg.br\/noticias\/573454-SAIBA-MAIS-SOBRE-A-TRAMITACAO-DE-PROJETOS-DE-LEI\">Saiba mais sobre a tramita\u00e7\u00e3o de projetos de lei<\/a><strong><br \/><\/strong><\/p>\n<\/p><\/div>\n<p><br \/>\n<br \/><a href=\"https:\/\/www.camara.leg.br\/noticias\/1300936-projeto-cria-politica-nacional-para-garantir-atencao-integral-a-atletas-de-base\">postagem original <\/a><\/p>\n","protected":false},"excerpt":{"rendered":"<p>Para ser considerado atleta de base, \u00e9 necess\u00e1rio ter entre 6 e 21 anos &#8211; Foto: Depositphotos O Projeto de [&hellip;]<\/p>\n","protected":false},"author":1,"featured_media":6909,"comment_status":"open","ping_status":"open","sticky":false,"template":"","format":"standard","meta":{"site-sidebar-layout":"default","site-content-layout":"","ast-site-content-layout":"default","site-content-style":"default","site-sidebar-style":"default","ast-global-header-display":"","ast-banner-title-visibility":"","ast-main-header-display":"","ast-hfb-above-header-display":"","ast-hfb-below-header-display":"","ast-hfb-mobile-header-display":"","site-post-title":"","ast-breadcrumbs-content":"","ast-featured-img":"","footer-sml-layout":"","theme-transparent-header-meta":"","adv-header-id-meta":"","stick-header-meta":"","header-above-stick-meta":"","header-main-stick-meta":"","header-below-stick-meta":"","astra-migrate-meta-layouts":"default","ast-page-background-enabled":"default","ast-page-background-meta":{"desktop":{"background-color":"var(--ast-global-color-5)","background-image":"","background-repeat":"repeat","background-position":"center center","background-size":"auto","background-attachment":"scroll","background-type":"","background-media":"","overlay-type":"","overlay-color":"","overlay-opacity":"","overlay-gradient":""},"tablet":{"background-color":"","background-image":"","background-repeat":"repeat","background-position":"center center","background-size":"auto","background-attachment":"scroll","background-type":"","background-media":"","overlay-type":"","overlay-color":"","overlay-opacity":"","overlay-gradient":""},"mobile":{"background-color":"","background-image":"","background-repeat":"repeat","background-position":"center center","background-size":"auto","background-attachment":"scroll","background-type":"","background-media":"","overlay-type":"","overlay-color":"","overlay-opacity":"","overlay-gradient":""}},"ast-content-background-meta":{"desktop":{"background-color":"var(--ast-global-color-4)","background-image":"","background-repeat":"repeat","background-position":"center center","background-size":"auto","background-attachment":"scroll","background-type":"","background-media":"","overlay-type":"","overlay-color":"","overlay-opacity":"","overlay-gradient":""},"tablet":{"background-color":"var(--ast-global-color-4)","background-image":"","background-repeat":"repeat","background-position":"center center","background-size":"auto","background-attachment":"scroll","background-type":"","background-media":"","overlay-type":"","overlay-color":"","overlay-opacity":"","overlay-gradient":""},"mobile":{"background-color":"var(--ast-global-color-4)","background-image":"","background-repeat":"repeat","background-position":"center center","background-size":"auto","background-attachment":"scroll","background-type":"","background-media":"","overlay-type":"","overlay-color":"","overlay-opacity":"","overlay-gradient":""}},"_joinchat":[],"footnotes":""},"categories":[30],"tags":[],"_links":{"self":[{"href":"https:\/\/radiosantaclara.sitetopfm.com.br\/site\/wp-json\/wp\/v2\/posts\/11027"}],"collection":[{"href":"https:\/\/radiosantaclara.sitetopfm.com.br\/site\/wp-json\/wp\/v2\/posts"}],"about":[{"href":"https:\/\/radiosantaclara.sitetopfm.com.br\/site\/wp-json\/wp\/v2\/types\/post"}],"author":[{"embeddable":true,"href":"https:\/\/radiosantaclara.sitetopfm.com.br\/site\/wp-json\/wp\/v2\/users\/1"}],"replies":[{"embeddable":true,"href":"https:\/\/radiosantaclara.sitetopfm.com.br\/site\/wp-json\/wp\/v2\/comments?post=11027"}],"version-history":[{"count":0,"href":"https:\/\/radiosantaclara.sitetopfm.com.br\/site\/wp-json\/wp\/v2\/posts\/11027\/revisions"}],"wp:featuredmedia":[{"embeddable":true,"href":"https:\/\/radiosantaclara.sitetopfm.com.br\/site\/wp-json\/wp\/v2\/media\/6909"}],"wp:attachment":[{"href":"https:\/\/radiosantaclara.sitetopfm.com.br\/site\/wp-json\/wp\/v2\/media?parent=11027"}],"wp:term":[{"taxonomy":"category","embeddable":true,"href":"https:\/\/radiosantaclara.sitetopfm.com.br\/site\/wp-json\/wp\/v2\/categories?post=11027"},{"taxonomy":"post_tag","embeddable":true,"href":"https:\/\/radiosantaclara.sitetopfm.com.br\/site\/wp-json\/wp\/v2\/tags?post=11027"}],"curies":[{"name":"wp","href":"https:\/\/api.w.org\/{rel}","templated":true}]}}