{"id":11026,"date":"2026-08-28T12:04:47","date_gmt":"2026-08-28T15:04:47","guid":{"rendered":"https:\/\/radiosantaclara.sitetopfm.com.br\/site\/projeto-obriga-escolas-a-adotar-protocolo-contra-racismo\/"},"modified":"2026-08-28T12:04:47","modified_gmt":"2026-08-28T15:04:47","slug":"projeto-obriga-escolas-a-adotar-protocolo-contra-racismo","status":"publish","type":"post","link":"https:\/\/radiosantaclara.sitetopfm.com.br\/site\/projeto-obriga-escolas-a-adotar-protocolo-contra-racismo\/","title":{"rendered":"Projeto obriga escolas a adotar protocolo contra racismo"},"content":{"rendered":"<p> <br \/>\n<\/p>\n<div id=\"\">\n<figure class=\"materia__midia\" style=\"float: none; margin: 24px 0px;\" data-midia=\"1300911\"><img decoding=\"async\" src=\"https:\/\/www.camara.leg.br\/midias\/image\/2026\/08\/menina-negra-sentada-no-cho-com-as-pernas-dobradas-e-o-rosto-apoiado-nos-joelhos-768x512.jpg\" alt=\"Menina negra, racismo, preconceito racial, discrimina\u00e7\u00e3o \u2013 Menina negra sentada no ch\u00e3o, em forma de concha, com as pernas dobradas e apertadas contra o tronco e o rosto escondido sobre os joelhos\"\/><figcaption><span class=\"materia__legenda-imagem\">Dados apontam aumento das den\u00fancias de racismo no ambiente escolar<\/span> &#8211; <span class=\"materia__creditos-imagem\" style=\"color:#5f5f5e\">Foto: Depositphotos<\/span><\/figcaption><\/figure>\n<p>O Projeto de Lei 3170\/26 cria o Protocolo Antirracista e torna obrigat\u00f3ria sua ado\u00e7\u00e3o por institui\u00e7\u00f5es p\u00fablicas e privadas de educa\u00e7\u00e3o b\u00e1sica e superior. O objetivo \u00e9 prevenir, acolher e apurar casos de racismo, inj\u00faria racial e discrimina\u00e7\u00e3o \u00e9tnico-racial nas escolas.<\/p>\n<p>O texto define racismo como conduta discriminat\u00f3ria dirigida a indiv\u00edduo ou grupo em raz\u00e3o de ra\u00e7a, cor, etnia, religi\u00e3o ou proced\u00eancia nacional ou regional.<\/p>\n<h3 class=\"ds-titulo-subsecao\">Acolhimento e apura\u00e7\u00e3o<\/h3>\n<p>\n                        Em an\u00e1lise na C\u00e2mara dos Deputados, o projeto prev\u00ea acolhimento imediato da v\u00edtima, com escuta qualificada e sem revitimiza\u00e7\u00e3o, apura\u00e7\u00e3o c\u00e9lere e imparcial dos fatos, responsabiliza\u00e7\u00e3o pedag\u00f3gica e administrativa e comunica\u00e7\u00e3o aos \u00f3rg\u00e3os competentes.<\/p>\n<p>A proposta determina transpar\u00eancia no tratamento dos dados sobre os casos, com preserva\u00e7\u00e3o do sigilo da v\u00edtima.<\/p>\n<p>Entre as diretrizes est\u00e1 a educa\u00e7\u00e3o para as rela\u00e7\u00f5es \u00e9tnico-raciais, conforme as leis que tratam do ensino de hist\u00f3ria e cultura afro-brasileira, africana e ind\u00edgena (<a class=\"linkLegislacao\" href=\"https:\/\/www2.camara.gov.br\/legin\/fed\/lei\/2003\/lei-10639-9-janeiro-2003-493157-norma-pl.html\" target=\"_blank\" rel=\"noopener noreferrer\">Leis 10.639\/03<\/a> e <a class=\"linkLegislacao\" href=\"https:\/\/www2.camara.gov.br\/legin\/fed\/lei\/2008\/lei-11645-10-marco-2008-572787-norma-pl.html\" target=\"_blank\" rel=\"noopener noreferrer\">11.645\/08<\/a>).<\/p>\n<h3 class=\"ds-titulo-subsecao\">Comunidade escolar<\/h3>\n<p>\n                        O protocolo dever\u00e1 ser aplicado a toda a comunidade escolar: alunos, pais ou respons\u00e1veis, professores, servidores e trabalhadores terceirizados.<\/p>\n<p>De acordo com a autora do projeto, deputada Laura Carneiro (PSD-RJ), dados do Instituto de Pesquisa Econ\u00f4mica Aplicada (Ipea) e relat\u00f3rios do Disque 100 apontam aumento das den\u00fancias de racismo no ambiente escolar.<\/p>\n<p>Ela afirma que muitas escolas n\u00e3o t\u00eam orienta\u00e7\u00e3o clara sobre como agir diante de den\u00fancias de racismo. E ressalta que os casos podem ser tratados como \u201cbrincadeira\u201d ou \u201cconflito comum\u201d, o que pode desestimular as v\u00edtimas a denunciar e levar ao sofrimento ps\u00edquico e \u00e0 evas\u00e3o escolar.<\/p>\n<h3 class=\"ds-titulo-subsecao\">Pr\u00f3ximos passos<\/h3>\n<p>\n                        O projeto ser\u00e1 analisado, em <span id=\"4322\" class=\"termoGlossario materia__glossario\" title=\"Rito de tramita\u00e7\u00e3o pelo qual o projeto \u00e9 votado apenas pelas comiss\u00f5es designadas para analis\u00e1-lo, dispensada a delibera\u00e7\u00e3o do Plen\u00e1rio. O projeto perde o car\u00e1ter conclusivo se houver decis\u00e3o divergente entre as comiss\u00f5es ou se, independentemente de ser aprovado ou rejeitado, houver recurso assinado por 52 deputados para a aprecia\u00e7\u00e3o da mat\u00e9ria no Plen\u00e1rio.\" contenteditable=\"false\" data-toggle=\"tooltip\" data-placement=\"top\" style=\"color:#5f5f5e;border-bottom:none\">car\u00e1ter conclusivo<\/span>, pelas comiss\u00f5es de Educa\u00e7\u00e3o; de Direitos Humanos, Minorias e Igualdade Racial; e de Constitui\u00e7\u00e3o e Justi\u00e7a e de Cidadania.<\/p>\n<p>Para virar lei, precisa ser aprovado pela C\u00e2mara e pelo Senado.<\/p>\n<p><a href=\"https:\/\/www.camara.leg.br\/noticias\/573454-SAIBA-MAIS-SOBRE-A-TRAMITACAO-DE-PROJETOS-DE-LEI\">Saiba mais sobre a tramita\u00e7\u00e3o de projetos de lei<\/a><\/p>\n<\/p><\/div>\n<p><br \/>\n<br \/><a href=\"https:\/\/www.camara.leg.br\/noticias\/1300091-projeto-obriga-escolas-a-adotar-protocolo-contra-racismo\">postagem original <\/a><\/p>\n","protected":false},"excerpt":{"rendered":"<p>Dados apontam aumento das den\u00fancias de racismo no ambiente escolar &#8211; Foto: Depositphotos O Projeto de Lei 3170\/26 cria o [&hellip;]<\/p>\n","protected":false},"author":1,"featured_media":6909,"comment_status":"open","ping_status":"open","sticky":false,"template":"","format":"standard","meta":{"site-sidebar-layout":"default","site-content-layout":"","ast-site-content-layout":"default","site-content-style":"default","site-sidebar-style":"default","ast-global-header-display":"","ast-banner-title-visibility":"","ast-main-header-display":"","ast-hfb-above-header-display":"","ast-hfb-below-header-display":"","ast-hfb-mobile-header-display":"","site-post-title":"","ast-breadcrumbs-content":"","ast-featured-img":"","footer-sml-layout":"","theme-transparent-header-meta":"","adv-header-id-meta":"","stick-header-meta":"","header-above-stick-meta":"","header-main-stick-meta":"","header-below-stick-meta":"","astra-migrate-meta-layouts":"default","ast-page-background-enabled":"default","ast-page-background-meta":{"desktop":{"background-color":"var(--ast-global-color-5)","background-image":"","background-repeat":"repeat","background-position":"center center","background-size":"auto","background-attachment":"scroll","background-type":"","background-media":"","overlay-type":"","overlay-color":"","overlay-opacity":"","overlay-gradient":""},"tablet":{"background-color":"","background-image":"","background-repeat":"repeat","background-position":"center center","background-size":"auto","background-attachment":"scroll","background-type":"","background-media":"","overlay-type":"","overlay-color":"","overlay-opacity":"","overlay-gradient":""},"mobile":{"background-color":"","background-image":"","background-repeat":"repeat","background-position":"center center","background-size":"auto","background-attachment":"scroll","background-type":"","background-media":"","overlay-type":"","overlay-color":"","overlay-opacity":"","overlay-gradient":""}},"ast-content-background-meta":{"desktop":{"background-color":"var(--ast-global-color-4)","background-image":"","background-repeat":"repeat","background-position":"center center","background-size":"auto","background-attachment":"scroll","background-type":"","background-media":"","overlay-type":"","overlay-color":"","overlay-opacity":"","overlay-gradient":""},"tablet":{"background-color":"var(--ast-global-color-4)","background-image":"","background-repeat":"repeat","background-position":"center center","background-size":"auto","background-attachment":"scroll","background-type":"","background-media":"","overlay-type":"","overlay-color":"","overlay-opacity":"","overlay-gradient":""},"mobile":{"background-color":"var(--ast-global-color-4)","background-image":"","background-repeat":"repeat","background-position":"center center","background-size":"auto","background-attachment":"scroll","background-type":"","background-media":"","overlay-type":"","overlay-color":"","overlay-opacity":"","overlay-gradient":""}},"_joinchat":[],"footnotes":""},"categories":[36],"tags":[],"_links":{"self":[{"href":"https:\/\/radiosantaclara.sitetopfm.com.br\/site\/wp-json\/wp\/v2\/posts\/11026"}],"collection":[{"href":"https:\/\/radiosantaclara.sitetopfm.com.br\/site\/wp-json\/wp\/v2\/posts"}],"about":[{"href":"https:\/\/radiosantaclara.sitetopfm.com.br\/site\/wp-json\/wp\/v2\/types\/post"}],"author":[{"embeddable":true,"href":"https:\/\/radiosantaclara.sitetopfm.com.br\/site\/wp-json\/wp\/v2\/users\/1"}],"replies":[{"embeddable":true,"href":"https:\/\/radiosantaclara.sitetopfm.com.br\/site\/wp-json\/wp\/v2\/comments?post=11026"}],"version-history":[{"count":0,"href":"https:\/\/radiosantaclara.sitetopfm.com.br\/site\/wp-json\/wp\/v2\/posts\/11026\/revisions"}],"wp:featuredmedia":[{"embeddable":true,"href":"https:\/\/radiosantaclara.sitetopfm.com.br\/site\/wp-json\/wp\/v2\/media\/6909"}],"wp:attachment":[{"href":"https:\/\/radiosantaclara.sitetopfm.com.br\/site\/wp-json\/wp\/v2\/media?parent=11026"}],"wp:term":[{"taxonomy":"category","embeddable":true,"href":"https:\/\/radiosantaclara.sitetopfm.com.br\/site\/wp-json\/wp\/v2\/categories?post=11026"},{"taxonomy":"post_tag","embeddable":true,"href":"https:\/\/radiosantaclara.sitetopfm.com.br\/site\/wp-json\/wp\/v2\/tags?post=11026"}],"curies":[{"name":"wp","href":"https:\/\/api.w.org\/{rel}","templated":true}]}}