{"id":11025,"date":"2026-08-28T11:57:17","date_gmt":"2026-08-28T14:57:17","guid":{"rendered":"https:\/\/radiosantaclara.sitetopfm.com.br\/site\/projeto-cria-recompensa-para-quem-denuncia-sonegacao-fiscal\/"},"modified":"2026-08-28T11:57:17","modified_gmt":"2026-08-28T14:57:17","slug":"projeto-cria-recompensa-para-quem-denuncia-sonegacao-fiscal","status":"publish","type":"post","link":"https:\/\/radiosantaclara.sitetopfm.com.br\/site\/projeto-cria-recompensa-para-quem-denuncia-sonegacao-fiscal\/","title":{"rendered":"Projeto cria recompensa para quem denuncia sonega\u00e7\u00e3o fiscal"},"content":{"rendered":"<p> <br \/>\n<\/p>\n<div id=\"\">\n<figure class=\"materia__midia\" style=\"float: none; margin: 24px 0px;\" data-midia=\"1300906\"><img decoding=\"async\" src=\"https:\/\/www.camara.leg.br\/midias\/image\/2026\/08\/depositphotos-520987524-xl-768x512.jpg\" alt=\"Pessoa segura nota de dinheiro\"\/><figcaption><span class=\"materia__legenda-imagem\">Projeto assegura o sigilo da identidade do informante<\/span> &#8211; <span class=\"materia__creditos-imagem\" style=\"color:#5f5f5e\">Foto: Depositphotos<\/span><\/figcaption><\/figure>\n<p>O Projeto de Lei 2969\/26 institui o pagamento de recompensa em dinheiro a pessoas f\u00edsicas que, de forma espont\u00e2nea, denunciarem crimes de sonega\u00e7\u00e3o e fraude fiscal. O texto est\u00e1 em an\u00e1lise na C\u00e2mara dos Deputados.<\/p>\n<p>Pela proposta, o pr\u00eamio ao informante dever\u00e1 variar de 15% a 30% dos valores efetivamente recuperados pela Uni\u00e3o.<\/p>\n<p>Al\u00e9m da <a class=\"linkLegislacao\" href=\"https:\/\/www2.camara.gov.br\/legin\/fed\/lei\/1996\/lei-9430-27-dezembro-1996-367738-norma-pl.html\" target=\"_blank\" rel=\"noopener noreferrer\">Lei do Ajuste Tribut\u00e1rio<\/a>, o texto altera o <a class=\"linkLegislacao\" href=\"https:\/\/www2.camara.gov.br\/legin\/fed\/declei\/1940-1949\/decreto-lei-2848-7-dezembro-1940-412868-norma-pe.html\" target=\"_blank\" rel=\"noopener noreferrer\">C\u00f3digo Penal<\/a>, prevendo puni\u00e7\u00f5es para den\u00fancias falsas.<\/p>\n<p>A recompensa valer\u00e1 para os casos em que o valor do cr\u00e9dito sonegado for igual ou superior a R$ 10 milh\u00f5es. Se o alvo da investiga\u00e7\u00e3o for pessoa f\u00edsica, a renda anual do suspeito dever\u00e1 ultrapassar R$ 1,2 milh\u00e3o.<\/p>\n<p>O projeto assegura o sigilo da identidade do informante. Al\u00e9m disso, pro\u00edbe que empregadores demitam, rebaixem, assediem ou punam o trabalhador que realizar den\u00fancia de maneira l\u00edcita e fundamentada contra a empresa.<\/p>\n<h3 class=\"ds-titulo-subsecao\">Proibi\u00e7\u00f5es<\/h3>\n<p>\n                        A proposta tamb\u00e9m pro\u00edbe o pagamento da recompensa a:<\/p>\n<ul>\n<li>servidores p\u00fablicos que, no exerc\u00edcio do cargo, obtiverem informa\u00e7\u00f5es sobre irregularidades tribut\u00e1rias; e<\/li>\n<li>a pessoas que tenham participado do planejamento da fraude.<\/li>\n<\/ul>\n<p>\u201cSonega\u00e7\u00e3o e fraudes comprometem sistematicamente a arrecada\u00e7\u00e3o e imp\u00f5em \u00f4nus desigual aos contribuintes que regularmente cumprem as obriga\u00e7\u00f5es\u201d, disse o deputado Antonio Carlos Rodrigues (Pode-SP).<\/p>\n<h3 class=\"ds-titulo-subsecao\">Pr\u00f3ximos passos<\/h3>\n<p>\n                        O projeto ser\u00e1 analisado pelas comiss\u00f5es de Trabalho; de Finan\u00e7as e Tributa\u00e7\u00e3o; e de Constitui\u00e7\u00e3o e Justi\u00e7a e de Cidadania. Depois, seguir\u00e1 para o Plen\u00e1rio. Para virar lei, ter\u00e1 de ser aprovado pela C\u00e2mara e pelo Senado.<\/p>\n<p><a href=\"https:\/\/www.camara.leg.br\/noticias\/573454-SAIBA-MAIS-SOBRE-A-TRAMITACAO-DE-PROJETOS-DE-LEI\">Saiba mais sobre a tramita\u00e7\u00e3o de projetos de lei<\/a><\/p>\n<\/p><\/div>\n<p><br \/>\n<br \/><a href=\"https:\/\/www.camara.leg.br\/noticias\/1300323-projeto-cria-recompensa-para-quem-denuncia-sonegacao-fiscal\">postagem original <\/a><\/p>\n","protected":false},"excerpt":{"rendered":"<p>Projeto assegura o sigilo da identidade do informante &#8211; Foto: Depositphotos O Projeto de Lei 2969\/26 institui o pagamento de [&hellip;]<\/p>\n","protected":false},"author":1,"featured_media":6909,"comment_status":"open","ping_status":"open","sticky":false,"template":"","format":"standard","meta":{"site-sidebar-layout":"default","site-content-layout":"","ast-site-content-layout":"default","site-content-style":"default","site-sidebar-style":"default","ast-global-header-display":"","ast-banner-title-visibility":"","ast-main-header-display":"","ast-hfb-above-header-display":"","ast-hfb-below-header-display":"","ast-hfb-mobile-header-display":"","site-post-title":"","ast-breadcrumbs-content":"","ast-featured-img":"","footer-sml-layout":"","theme-transparent-header-meta":"","adv-header-id-meta":"","stick-header-meta":"","header-above-stick-meta":"","header-main-stick-meta":"","header-below-stick-meta":"","astra-migrate-meta-layouts":"default","ast-page-background-enabled":"default","ast-page-background-meta":{"desktop":{"background-color":"var(--ast-global-color-5)","background-image":"","background-repeat":"repeat","background-position":"center center","background-size":"auto","background-attachment":"scroll","background-type":"","background-media":"","overlay-type":"","overlay-color":"","overlay-opacity":"","overlay-gradient":""},"tablet":{"background-color":"","background-image":"","background-repeat":"repeat","background-position":"center center","background-size":"auto","background-attachment":"scroll","background-type":"","background-media":"","overlay-type":"","overlay-color":"","overlay-opacity":"","overlay-gradient":""},"mobile":{"background-color":"","background-image":"","background-repeat":"repeat","background-position":"center center","background-size":"auto","background-attachment":"scroll","background-type":"","background-media":"","overlay-type":"","overlay-color":"","overlay-opacity":"","overlay-gradient":""}},"ast-content-background-meta":{"desktop":{"background-color":"var(--ast-global-color-4)","background-image":"","background-repeat":"repeat","background-position":"center center","background-size":"auto","background-attachment":"scroll","background-type":"","background-media":"","overlay-type":"","overlay-color":"","overlay-opacity":"","overlay-gradient":""},"tablet":{"background-color":"var(--ast-global-color-4)","background-image":"","background-repeat":"repeat","background-position":"center center","background-size":"auto","background-attachment":"scroll","background-type":"","background-media":"","overlay-type":"","overlay-color":"","overlay-opacity":"","overlay-gradient":""},"mobile":{"background-color":"var(--ast-global-color-4)","background-image":"","background-repeat":"repeat","background-position":"center center","background-size":"auto","background-attachment":"scroll","background-type":"","background-media":"","overlay-type":"","overlay-color":"","overlay-opacity":"","overlay-gradient":""}},"_joinchat":[],"footnotes":""},"categories":[34],"tags":[],"_links":{"self":[{"href":"https:\/\/radiosantaclara.sitetopfm.com.br\/site\/wp-json\/wp\/v2\/posts\/11025"}],"collection":[{"href":"https:\/\/radiosantaclara.sitetopfm.com.br\/site\/wp-json\/wp\/v2\/posts"}],"about":[{"href":"https:\/\/radiosantaclara.sitetopfm.com.br\/site\/wp-json\/wp\/v2\/types\/post"}],"author":[{"embeddable":true,"href":"https:\/\/radiosantaclara.sitetopfm.com.br\/site\/wp-json\/wp\/v2\/users\/1"}],"replies":[{"embeddable":true,"href":"https:\/\/radiosantaclara.sitetopfm.com.br\/site\/wp-json\/wp\/v2\/comments?post=11025"}],"version-history":[{"count":0,"href":"https:\/\/radiosantaclara.sitetopfm.com.br\/site\/wp-json\/wp\/v2\/posts\/11025\/revisions"}],"wp:featuredmedia":[{"embeddable":true,"href":"https:\/\/radiosantaclara.sitetopfm.com.br\/site\/wp-json\/wp\/v2\/media\/6909"}],"wp:attachment":[{"href":"https:\/\/radiosantaclara.sitetopfm.com.br\/site\/wp-json\/wp\/v2\/media?parent=11025"}],"wp:term":[{"taxonomy":"category","embeddable":true,"href":"https:\/\/radiosantaclara.sitetopfm.com.br\/site\/wp-json\/wp\/v2\/categories?post=11025"},{"taxonomy":"post_tag","embeddable":true,"href":"https:\/\/radiosantaclara.sitetopfm.com.br\/site\/wp-json\/wp\/v2\/tags?post=11025"}],"curies":[{"name":"wp","href":"https:\/\/api.w.org\/{rel}","templated":true}]}}