{"id":11024,"date":"2026-08-28T09:50:11","date_gmt":"2026-08-28T12:50:11","guid":{"rendered":"https:\/\/radiosantaclara.sitetopfm.com.br\/site\/comisao-mista-pode-votar-hoje-mp-de-financiamento-para-entregadores-comprarem-motos-e-bicicletas-eletricas\/"},"modified":"2026-08-28T09:50:11","modified_gmt":"2026-08-28T12:50:11","slug":"comisao-mista-pode-votar-hoje-mp-de-financiamento-para-entregadores-comprarem-motos-e-bicicletas-eletricas","status":"publish","type":"post","link":"https:\/\/radiosantaclara.sitetopfm.com.br\/site\/comisao-mista-pode-votar-hoje-mp-de-financiamento-para-entregadores-comprarem-motos-e-bicicletas-eletricas\/","title":{"rendered":"Comis\u00e3o mista pode votar hoje MP de financiamento para entregadores comprarem motos e bicicletas el\u00e9tricas"},"content":{"rendered":"<p> <br \/>\n<\/p>\n<div id=\"\">\n<figure class=\"materia__midia\" style=\"float: none; margin: 24px 0px;\" data-midia=\"1189574\"><img decoding=\"async\" src=\"https:\/\/www.camara.leg.br\/midias\/image\/2025\/08\/entregador-de-plataforma-digital-aplicativo.jpg\" alt=\"Trabalho - entregador de aplicativo - trabalhador de entrega por aplicativo - entrega e moto\"\/><figcaption><span class=\"materia__legenda-imagem\">Opera\u00e7\u00f5es t\u00eam juros de, no m\u00e1ximo, 12,5% ao ano<\/span> &#8211; <span class=\"materia__creditos-imagem\" style=\"color:#5f5f5e\">Foto: Getty Images<\/span><\/figcaption><\/figure>\n<p>A <span id=\"4084\" class=\"termoGlossario materia__glossario\" title=\"Comiss\u00e3o integrada por deputados e senadores, constitu\u00edda para tratar de mat\u00e9ria de compet\u00eancia do Congresso Nacional. Pode ter car\u00e1ter permanente ou tempor\u00e1rio.\" contenteditable=\"false\" data-toggle=\"tooltip\" data-placement=\"top\" style=\"color:#5f5f5e;border-bottom:none\">comiss\u00e3o mista<\/span> que analisa a medida provis\u00f3ria que cria uma nova linha de financiamento para entregadores, motociclistas e ciclistas cadastrados em plataformas digitais (<a class=\"linkProposicao\" href=\"https:\/\/www.camara.leg.br\/noticias\/1282139-congresso-avalia-mp-que-cria-linha-de-credito-para-motociclista-de-aplicativo\">MP 1366\/26<\/a>) re\u00fane-se, nesta sexta-feira (28), para analisar o relat\u00f3rio que ser\u00e1 apresentado pela deputada Amanda Gentil (PP-MA).<\/p>\n<p>A reuni\u00e3o ser\u00e1 realizada \u00e0s 10h30, no plen\u00e1rio 3 da Ala Alexandre Costa, no Senado.<\/p>\n<p><a href=\"https:\/\/legis.senado.leg.br\/atividade\/comissoes\/comissao\/2864\/reuniao\/14950\">Veja a pauta<\/a><\/p>\n<p>A MP, editada em junho deste ano, beneficia profissionais inscritos nas plataformas h\u00e1 pelo menos seis meses e que tenham feito, no m\u00ednimo, 100 corridas ou entregas, al\u00e9m daqueles com carteira assinada na atividade.<\/p>\n<p>A medida faz parte de um programa do governo federal que j\u00e1 prev\u00ea linhas de financiamento para motoristas de aplicativos, taxistas, caminhoneiros e produtores rurais que utilizam m\u00e1quinas agr\u00edcolas.<\/p>\n<p>O financiamento poder\u00e1 ser usado para comprar motocicletas, motonetas, ciclomotores flex e bicicletas el\u00e9tricas produzidos no Brasil ou vinculados a projetos de investimento produtivo nacional. No caso dos ve\u00edculos motorizados, o limite ser\u00e1 de 160 cilindradas.<\/p>\n<p>Para viabilizar a nova linha de cr\u00e9dito, a MP autoriza a utiliza\u00e7\u00e3o de recursos do Fundo de Investimento em Infraestrutura Social (Fiis). O dinheiro poder\u00e1 ser destinado \u00e0 aquisi\u00e7\u00e3o e \u00e0 renova\u00e7\u00e3o de ve\u00edculos, al\u00e9m de outros investimentos no transporte urbano individual de passageiros e de cargas. Tamb\u00e9m est\u00e3o previstos projetos para aumentar a produtividade e reduzir as emiss\u00f5es de carbono nos servi\u00e7os de transporte.<\/p>\n<p>A medida permite ainda a participa\u00e7\u00e3o do Fundo Garantidor de Opera\u00e7\u00f5es (FGO) e do Fundo Garantidor para Investimentos (FGI), que poder\u00e3o oferecer garantias \u00e0s opera\u00e7\u00f5es e, assim, contribuir para ampliar o acesso ao cr\u00e9dito.<\/p>\n<p>A comiss\u00e3o \u00e9 presidida pela senadora Leila Barros (PDT-DF).<\/p>\n<\/p><\/div>\n<p><br \/>\n<br \/><a href=\"https:\/\/www.camara.leg.br\/noticias\/1300868-comisao-mista-pode-votar-hoje-mp-de-financiamento-para-entregadores-comprarem-motos-e-bicicletas-eletricas\">postagem original <\/a><\/p>\n","protected":false},"excerpt":{"rendered":"<p>Opera\u00e7\u00f5es t\u00eam juros de, no m\u00e1ximo, 12,5% ao ano &#8211; Foto: Getty Images A comiss\u00e3o mista que analisa a medida [&hellip;]<\/p>\n","protected":false},"author":1,"featured_media":6909,"comment_status":"open","ping_status":"open","sticky":false,"template":"","format":"standard","meta":{"site-sidebar-layout":"default","site-content-layout":"","ast-site-content-layout":"default","site-content-style":"default","site-sidebar-style":"default","ast-global-header-display":"","ast-banner-title-visibility":"","ast-main-header-display":"","ast-hfb-above-header-display":"","ast-hfb-below-header-display":"","ast-hfb-mobile-header-display":"","site-post-title":"","ast-breadcrumbs-content":"","ast-featured-img":"","footer-sml-layout":"","theme-transparent-header-meta":"","adv-header-id-meta":"","stick-header-meta":"","header-above-stick-meta":"","header-main-stick-meta":"","header-below-stick-meta":"","astra-migrate-meta-layouts":"default","ast-page-background-enabled":"default","ast-page-background-meta":{"desktop":{"background-color":"var(--ast-global-color-5)","background-image":"","background-repeat":"repeat","background-position":"center center","background-size":"auto","background-attachment":"scroll","background-type":"","background-media":"","overlay-type":"","overlay-color":"","overlay-opacity":"","overlay-gradient":""},"tablet":{"background-color":"","background-image":"","background-repeat":"repeat","background-position":"center center","background-size":"auto","background-attachment":"scroll","background-type":"","background-media":"","overlay-type":"","overlay-color":"","overlay-opacity":"","overlay-gradient":""},"mobile":{"background-color":"","background-image":"","background-repeat":"repeat","background-position":"center center","background-size":"auto","background-attachment":"scroll","background-type":"","background-media":"","overlay-type":"","overlay-color":"","overlay-opacity":"","overlay-gradient":""}},"ast-content-background-meta":{"desktop":{"background-color":"var(--ast-global-color-4)","background-image":"","background-repeat":"repeat","background-position":"center center","background-size":"auto","background-attachment":"scroll","background-type":"","background-media":"","overlay-type":"","overlay-color":"","overlay-opacity":"","overlay-gradient":""},"tablet":{"background-color":"var(--ast-global-color-4)","background-image":"","background-repeat":"repeat","background-position":"center center","background-size":"auto","background-attachment":"scroll","background-type":"","background-media":"","overlay-type":"","overlay-color":"","overlay-opacity":"","overlay-gradient":""},"mobile":{"background-color":"var(--ast-global-color-4)","background-image":"","background-repeat":"repeat","background-position":"center center","background-size":"auto","background-attachment":"scroll","background-type":"","background-media":"","overlay-type":"","overlay-color":"","overlay-opacity":"","overlay-gradient":""}},"_joinchat":[],"footnotes":""},"categories":[36],"tags":[],"_links":{"self":[{"href":"https:\/\/radiosantaclara.sitetopfm.com.br\/site\/wp-json\/wp\/v2\/posts\/11024"}],"collection":[{"href":"https:\/\/radiosantaclara.sitetopfm.com.br\/site\/wp-json\/wp\/v2\/posts"}],"about":[{"href":"https:\/\/radiosantaclara.sitetopfm.com.br\/site\/wp-json\/wp\/v2\/types\/post"}],"author":[{"embeddable":true,"href":"https:\/\/radiosantaclara.sitetopfm.com.br\/site\/wp-json\/wp\/v2\/users\/1"}],"replies":[{"embeddable":true,"href":"https:\/\/radiosantaclara.sitetopfm.com.br\/site\/wp-json\/wp\/v2\/comments?post=11024"}],"version-history":[{"count":0,"href":"https:\/\/radiosantaclara.sitetopfm.com.br\/site\/wp-json\/wp\/v2\/posts\/11024\/revisions"}],"wp:featuredmedia":[{"embeddable":true,"href":"https:\/\/radiosantaclara.sitetopfm.com.br\/site\/wp-json\/wp\/v2\/media\/6909"}],"wp:attachment":[{"href":"https:\/\/radiosantaclara.sitetopfm.com.br\/site\/wp-json\/wp\/v2\/media?parent=11024"}],"wp:term":[{"taxonomy":"category","embeddable":true,"href":"https:\/\/radiosantaclara.sitetopfm.com.br\/site\/wp-json\/wp\/v2\/categories?post=11024"},{"taxonomy":"post_tag","embeddable":true,"href":"https:\/\/radiosantaclara.sitetopfm.com.br\/site\/wp-json\/wp\/v2\/tags?post=11024"}],"curies":[{"name":"wp","href":"https:\/\/api.w.org\/{rel}","templated":true}]}}