{"id":11023,"date":"2026-08-28T09:04:18","date_gmt":"2026-08-28T12:04:18","guid":{"rendered":"https:\/\/radiosantaclara.sitetopfm.com.br\/site\/projeto-exige-definicao-de-prazo-para-exames-no-sus-e-permite-uso-de-laudos-da-rede-privada\/"},"modified":"2026-08-28T09:04:18","modified_gmt":"2026-08-28T12:04:18","slug":"projeto-exige-definicao-de-prazo-para-exames-no-sus-e-permite-uso-de-laudos-da-rede-privada","status":"publish","type":"post","link":"https:\/\/radiosantaclara.sitetopfm.com.br\/site\/projeto-exige-definicao-de-prazo-para-exames-no-sus-e-permite-uso-de-laudos-da-rede-privada\/","title":{"rendered":"Projeto exige defini\u00e7\u00e3o de prazo para exames no SUS e permite uso de laudos da rede privada"},"content":{"rendered":"<p> <br \/>\n<\/p>\n<div id=\"\">\n<figure class=\"materia__midia\" style=\"float: none; margin: 24px 0px;\" data-midia=\"1300630\"><img decoding=\"async\" src=\"https:\/\/www.camara.leg.br\/midias\/image\/2026\/08\/img20210813151159150-768x459.jpg\" alt=\"Balc\u00e3o de atendimento de Unidade B\u00e1sica de Sa\u00fade - Sistema \u00danico de Sa\u00fade (SUS)\"\/><figcaption><span class=\"materia__legenda-imagem\">Atualmente, n\u00e3o h\u00e1 uma regra para prazos no SUS<\/span> &#8211; <span class=\"materia__creditos-imagem\" style=\"color:#5f5f5e\">Foto: Marcelo Casal Jr.\/Ag\u00eancia Brasil<\/span><\/figcaption><\/figure>\n<p>O Projeto de Lei 3045\/26 exige que os respons\u00e1veis pelo Sistema \u00danico de Sa\u00fade (SUS) estabele\u00e7am prazos m\u00e1ximos para a realiza\u00e7\u00e3o de exames e procedimentos diagn\u00f3sticos. O texto est\u00e1 em an\u00e1lise na C\u00e2mara dos Deputados.<\/p>\n<p>A proposta tamb\u00e9m obriga a rede p\u00fablica a aceitar os laudos de exames feitos na rede privada quando o SUS n\u00e3o cumprir o tempo de espera estipulado pelos gestores. O objetivo \u00e9 assegurar o in\u00edcio mais r\u00e1pido do tratamento do paciente.<\/p>\n<p>\u201cA demora excessiva nos exames constitui um dos principais gargalos do SUS\u201d, disseram os autores da proposta, os deputados Gilson Marques (Novo-SC) e Luiz Lima (Novo-RJ). Para eles, isso prejudica diagn\u00f3sticos e encarece tratamentos.<\/p>\n<h3 class=\"ds-titulo-subsecao\">Regras e prazos<\/h3>\n<p>\n                        Atualmente, n\u00e3o h\u00e1 uma regra para prazos no SUS. Nas suspeitas de c\u00e2ncer, a <a class=\"linkLegislacao\" href=\"https:\/\/www2.camara.gov.br\/legin\/fed\/lei\/2019\/lei-13896-30-outubro-2019-789326-norma-pl.html\" target=\"_blank\" rel=\"noopener noreferrer\">Lei 13.896\/19<\/a> exige exames em no m\u00e1ximo 30 dias, a contar do pedido do m\u00e9dico. Por outro lado, a Justi\u00e7a entende que uma espera acima de cem dias \u00e9 excessiva.<\/p>\n<p>Pela proposta, a defini\u00e7\u00e3o dos prazos para exames levar\u00e1 em conta o risco cl\u00ednico do paciente, sendo classificado, no m\u00ednimo, como alto (urg\u00eancia), moderado ou baixo (eletivo). As listas de espera dever\u00e3o ser divulgadas \u00e0 popula\u00e7\u00e3o.<\/p>\n<p>Caso o SUS n\u00e3o realize o exame no prazo estipulado, o paciente poder\u00e1 realiz\u00e1-lo na rede privada com recursos pr\u00f3prios. O usu\u00e1rio ter\u00e1 assegurada a manuten\u00e7\u00e3o de sua posi\u00e7\u00e3o na lista de espera do SUS para os tratamentos subsequentes.<\/p>\n<h3 class=\"ds-titulo-subsecao\">Pr\u00f3ximos passos<\/h3>\n<p>\n                        O projeto ser\u00e1 analisado, em <span id=\"4322\" class=\"termoGlossario materia__glossario\" title=\"Rito de tramita\u00e7\u00e3o pelo qual o projeto \u00e9 votado apenas pelas comiss\u00f5es designadas para analis\u00e1-lo, dispensada a delibera\u00e7\u00e3o do Plen\u00e1rio. O projeto perde o car\u00e1ter conclusivo se houver decis\u00e3o divergente entre as comiss\u00f5es ou se, independentemente de ser aprovado ou rejeitado, houver recurso assinado por 52 deputados para a aprecia\u00e7\u00e3o da mat\u00e9ria no Plen\u00e1rio.\" contenteditable=\"false\" data-toggle=\"tooltip\" data-placement=\"top\" style=\"color:#5f5f5e;border-bottom:none\">car\u00e1ter conclusivo<\/span>, pelas comiss\u00f5es de Sa\u00fade; e de Constitui\u00e7\u00e3o e Justi\u00e7a e de Cidadania.<\/p>\n<p>Para virar lei, ter\u00e1 de ser aprovado pela C\u00e2mara e pelo Senado.<\/p>\n<p><a href=\"https:\/\/www.camara.leg.br\/noticias\/573454-SAIBA-MAIS-SOBRE-A-TRAMITACAO-DE-PROJETOS-DE-LEI\">Saiba mais sobre a tramita\u00e7\u00e3o de projetos de lei<\/a><\/p>\n<\/p><\/div>\n<p><br \/>\n<br \/><a href=\"https:\/\/www.camara.leg.br\/noticias\/1300007-projeto-exige-definicao-de-prazo-para-exames-no-sus-e-permite-uso-de-laudos-da-rede-privada\">postagem original <\/a><\/p>\n","protected":false},"excerpt":{"rendered":"<p>Atualmente, n\u00e3o h\u00e1 uma regra para prazos no SUS &#8211; Foto: Marcelo Casal Jr.\/Ag\u00eancia Brasil O Projeto de Lei 3045\/26 [&hellip;]<\/p>\n","protected":false},"author":1,"featured_media":6909,"comment_status":"open","ping_status":"open","sticky":false,"template":"","format":"standard","meta":{"site-sidebar-layout":"default","site-content-layout":"","ast-site-content-layout":"default","site-content-style":"default","site-sidebar-style":"default","ast-global-header-display":"","ast-banner-title-visibility":"","ast-main-header-display":"","ast-hfb-above-header-display":"","ast-hfb-below-header-display":"","ast-hfb-mobile-header-display":"","site-post-title":"","ast-breadcrumbs-content":"","ast-featured-img":"","footer-sml-layout":"","theme-transparent-header-meta":"","adv-header-id-meta":"","stick-header-meta":"","header-above-stick-meta":"","header-main-stick-meta":"","header-below-stick-meta":"","astra-migrate-meta-layouts":"default","ast-page-background-enabled":"default","ast-page-background-meta":{"desktop":{"background-color":"var(--ast-global-color-5)","background-image":"","background-repeat":"repeat","background-position":"center center","background-size":"auto","background-attachment":"scroll","background-type":"","background-media":"","overlay-type":"","overlay-color":"","overlay-opacity":"","overlay-gradient":""},"tablet":{"background-color":"","background-image":"","background-repeat":"repeat","background-position":"center center","background-size":"auto","background-attachment":"scroll","background-type":"","background-media":"","overlay-type":"","overlay-color":"","overlay-opacity":"","overlay-gradient":""},"mobile":{"background-color":"","background-image":"","background-repeat":"repeat","background-position":"center center","background-size":"auto","background-attachment":"scroll","background-type":"","background-media":"","overlay-type":"","overlay-color":"","overlay-opacity":"","overlay-gradient":""}},"ast-content-background-meta":{"desktop":{"background-color":"var(--ast-global-color-4)","background-image":"","background-repeat":"repeat","background-position":"center center","background-size":"auto","background-attachment":"scroll","background-type":"","background-media":"","overlay-type":"","overlay-color":"","overlay-opacity":"","overlay-gradient":""},"tablet":{"background-color":"var(--ast-global-color-4)","background-image":"","background-repeat":"repeat","background-position":"center center","background-size":"auto","background-attachment":"scroll","background-type":"","background-media":"","overlay-type":"","overlay-color":"","overlay-opacity":"","overlay-gradient":""},"mobile":{"background-color":"var(--ast-global-color-4)","background-image":"","background-repeat":"repeat","background-position":"center center","background-size":"auto","background-attachment":"scroll","background-type":"","background-media":"","overlay-type":"","overlay-color":"","overlay-opacity":"","overlay-gradient":""}},"_joinchat":[],"footnotes":""},"categories":[26],"tags":[],"_links":{"self":[{"href":"https:\/\/radiosantaclara.sitetopfm.com.br\/site\/wp-json\/wp\/v2\/posts\/11023"}],"collection":[{"href":"https:\/\/radiosantaclara.sitetopfm.com.br\/site\/wp-json\/wp\/v2\/posts"}],"about":[{"href":"https:\/\/radiosantaclara.sitetopfm.com.br\/site\/wp-json\/wp\/v2\/types\/post"}],"author":[{"embeddable":true,"href":"https:\/\/radiosantaclara.sitetopfm.com.br\/site\/wp-json\/wp\/v2\/users\/1"}],"replies":[{"embeddable":true,"href":"https:\/\/radiosantaclara.sitetopfm.com.br\/site\/wp-json\/wp\/v2\/comments?post=11023"}],"version-history":[{"count":0,"href":"https:\/\/radiosantaclara.sitetopfm.com.br\/site\/wp-json\/wp\/v2\/posts\/11023\/revisions"}],"wp:featuredmedia":[{"embeddable":true,"href":"https:\/\/radiosantaclara.sitetopfm.com.br\/site\/wp-json\/wp\/v2\/media\/6909"}],"wp:attachment":[{"href":"https:\/\/radiosantaclara.sitetopfm.com.br\/site\/wp-json\/wp\/v2\/media?parent=11023"}],"wp:term":[{"taxonomy":"category","embeddable":true,"href":"https:\/\/radiosantaclara.sitetopfm.com.br\/site\/wp-json\/wp\/v2\/categories?post=11023"},{"taxonomy":"post_tag","embeddable":true,"href":"https:\/\/radiosantaclara.sitetopfm.com.br\/site\/wp-json\/wp\/v2\/tags?post=11023"}],"curies":[{"name":"wp","href":"https:\/\/api.w.org\/{rel}","templated":true}]}}