{"id":11020,"date":"2026-08-28T02:50:57","date_gmt":"2026-08-28T05:50:57","guid":{"rendered":"https:\/\/radiosantaclara.sitetopfm.com.br\/site\/projeto-garante-empregos-em-caso-de-privatizacao-de-estatais\/"},"modified":"2026-08-28T02:50:57","modified_gmt":"2026-08-28T05:50:57","slug":"projeto-garante-empregos-em-caso-de-privatizacao-de-estatais","status":"publish","type":"post","link":"https:\/\/radiosantaclara.sitetopfm.com.br\/site\/projeto-garante-empregos-em-caso-de-privatizacao-de-estatais\/","title":{"rendered":"Projeto garante empregos em caso de privatiza\u00e7\u00e3o de estatais"},"content":{"rendered":"<p> <br \/>\n<\/p>\n<div id=\"image-container-1289670\" class=\"image-container\" style=\"float: none;margin: 45px 0px;width: 100%\" data-midia=\"1289670\">\n<div class=\"midia-creditos\"><em>Marcelo Camargo\/Ag\u00eancia Brasil<\/em><\/div>\n<div class=\"media-wrapper\"><img decoding=\"async\" style=\"width: 100%;height: auto\" src=\"https:\/\/www.camara.leg.br\/midias\/image\/2026\/07\/img20210624132503289-768x576.jpg\" alt=\"Trabalho - geral - carteira de trabalho - direito trabalhista - carteira de trabalho digital\" \/><\/div>\n<div class=\"midia-legenda\">Em caso de privatiza\u00e7\u00f5es, os funcion\u00e1rios ser\u00e3o removidos para outros \u00f3rg\u00e3os, mas manter\u00e3o o sal\u00e1rio<\/div>\n<\/div>\n<p>O Projeto de Lei 1787\/26 assegura a manuten\u00e7\u00e3o dos v\u00ednculos de trabalho dos empregados de empresas p\u00fablicas federais que passarem por processos de desestatiza\u00e7\u00e3o. O texto em an\u00e1lise na C\u00e2mara dos Deputados prev\u00ea a transfer\u00eancia dos funcion\u00e1rios para outras entidades da administra\u00e7\u00e3o p\u00fablica indireta.<\/p>\n<p>A proposta altera a <a class=\"linkLegislacao\" href=\"https:\/\/www2.camara.gov.br\/legin\/fed\/lei\/1997\/lei-9491-9-setembro-1997-365396-norma-pl.html\" target=\"_blank\" rel=\"noopener noreferrer\">Lei da Desestatiza\u00e7\u00e3o<\/a>. O objetivo \u00e9 impedir que a concess\u00e3o ou permiss\u00e3o de servi\u00e7os p\u00fablicos seja usada como justificativa isolada para o desligamento de funcion\u00e1rios.<\/p>\n<p>Autora da proposta, a deputada Fernanda Melchionna (Psol-RS) explicou que a ideia \u00e9 evitar demiss\u00f5es em massa e perda de direitos. \u201cA reorganiza\u00e7\u00e3o da atua\u00e7\u00e3o estatal n\u00e3o pode se dar \u00e0 custa da precariza\u00e7\u00e3o do trabalho\u201d, disse.<\/p>\n<p><strong>Direitos garantidos<\/strong><br \/>\nPelo projeto, os empregados absorvidos poder\u00e3o:<\/p>\n<ul>\n<li>integrar quadro especial em extin\u00e7\u00e3o no \u00f3rg\u00e3o em que forem lotados, mantido o regime da <a href=\"https:\/\/www2.camara.leg.br\/legin\/fed\/declei\/1940-1949\/decreto-lei-5452-1-maio-1943-415500-norma-pe.html\">Consolida\u00e7\u00e3o das Leis do Trabalho (CLT)<\/a>.<\/li>\n<li>ser cedidos a \u00f3rg\u00e3os para exercer, na administra\u00e7\u00e3o p\u00fablica, atividades compat\u00edveis com as fun\u00e7\u00f5es originais.<\/li>\n<\/ul>\n<p>A remunera\u00e7\u00e3o recebida na estatal dever\u00e1 ser mantida, incluindo o vencimento b\u00e1sico e as gratifica\u00e7\u00f5es adquiridas. Parcelas salariais incompat\u00edveis ser\u00e3o transformadas em Vantagem Pessoal Nominalmente Identificada (VPNI).<\/p>\n<p>As despesas geradas pela manuten\u00e7\u00e3o desses trabalhadores ser\u00e3o custeadas com recursos do pr\u00f3prio processo de desestatiza\u00e7\u00e3o. O texto autoriza usar verbas do Fundo Nacional de Desestatiza\u00e7\u00e3o (FND) ou obtidas com a venda de ativos.<\/p>\n<p><strong>Pr\u00f3ximos passos<\/strong><br \/>\nO projeto ser\u00e1 analisado em <span id=\"4322\" class=\"termoGlossario\" title=\"Rito de tramita\u00e7\u00e3o pelo qual o projeto \u00e9 votado apenas pelas comiss\u00f5es designadas para analis\u00e1-lo, dispensada a delibera\u00e7\u00e3o do Plen\u00e1rio. O projeto perde o car\u00e1ter conclusivo se houver decis\u00e3o divergente entre as comiss\u00f5es ou se, independentemente de ser aprovado ou rejeitado, houver recurso assinado por 52 deputados para a aprecia\u00e7\u00e3o da mat\u00e9ria no Plen\u00e1rio.\" data-toggle=\"tooltip\" data-placement=\"top\">car\u00e1ter conclusivo<\/span> pelas comiss\u00f5es de Administra\u00e7\u00e3o e Servi\u00e7o P\u00fablico; de Finan\u00e7as e Tributa\u00e7\u00e3o; e de Constitui\u00e7\u00e3o e Justi\u00e7a e de Cidadania.<\/p>\n<p>Para virar lei, ter\u00e1 de ser aprovado pela C\u00e2mara e pelo Senado.<\/p>\n<p><a href=\"https:\/\/www.camara.leg.br\/noticias\/573454-SAIBA-MAIS-SOBRE-A-TRAMITACAO-DE-PROJETOS-DE-LEI\">Saiba mais sobre a tramita\u00e7\u00e3o de projetos de lei<\/a><\/p>\n<p><br \/>\n<br \/><a href=\"https:\/\/www.camara.leg.br\/noticias\/1296289-projeto-garante-empregos-em-caso-de-privatizacao-de-estatais\">postagem original <\/a><\/p>\n","protected":false},"excerpt":{"rendered":"<p>Marcelo Camargo\/Ag\u00eancia Brasil Em caso de privatiza\u00e7\u00f5es, os funcion\u00e1rios ser\u00e3o removidos para outros \u00f3rg\u00e3os, mas manter\u00e3o o sal\u00e1rio O Projeto [&hellip;]<\/p>\n","protected":false},"author":1,"featured_media":6909,"comment_status":"open","ping_status":"open","sticky":false,"template":"","format":"standard","meta":{"site-sidebar-layout":"default","site-content-layout":"","ast-site-content-layout":"default","site-content-style":"default","site-sidebar-style":"default","ast-global-header-display":"","ast-banner-title-visibility":"","ast-main-header-display":"","ast-hfb-above-header-display":"","ast-hfb-below-header-display":"","ast-hfb-mobile-header-display":"","site-post-title":"","ast-breadcrumbs-content":"","ast-featured-img":"","footer-sml-layout":"","theme-transparent-header-meta":"","adv-header-id-meta":"","stick-header-meta":"","header-above-stick-meta":"","header-main-stick-meta":"","header-below-stick-meta":"","astra-migrate-meta-layouts":"default","ast-page-background-enabled":"default","ast-page-background-meta":{"desktop":{"background-color":"var(--ast-global-color-5)","background-image":"","background-repeat":"repeat","background-position":"center center","background-size":"auto","background-attachment":"scroll","background-type":"","background-media":"","overlay-type":"","overlay-color":"","overlay-opacity":"","overlay-gradient":""},"tablet":{"background-color":"","background-image":"","background-repeat":"repeat","background-position":"center center","background-size":"auto","background-attachment":"scroll","background-type":"","background-media":"","overlay-type":"","overlay-color":"","overlay-opacity":"","overlay-gradient":""},"mobile":{"background-color":"","background-image":"","background-repeat":"repeat","background-position":"center center","background-size":"auto","background-attachment":"scroll","background-type":"","background-media":"","overlay-type":"","overlay-color":"","overlay-opacity":"","overlay-gradient":""}},"ast-content-background-meta":{"desktop":{"background-color":"var(--ast-global-color-4)","background-image":"","background-repeat":"repeat","background-position":"center center","background-size":"auto","background-attachment":"scroll","background-type":"","background-media":"","overlay-type":"","overlay-color":"","overlay-opacity":"","overlay-gradient":""},"tablet":{"background-color":"var(--ast-global-color-4)","background-image":"","background-repeat":"repeat","background-position":"center center","background-size":"auto","background-attachment":"scroll","background-type":"","background-media":"","overlay-type":"","overlay-color":"","overlay-opacity":"","overlay-gradient":""},"mobile":{"background-color":"var(--ast-global-color-4)","background-image":"","background-repeat":"repeat","background-position":"center center","background-size":"auto","background-attachment":"scroll","background-type":"","background-media":"","overlay-type":"","overlay-color":"","overlay-opacity":"","overlay-gradient":""}},"_joinchat":[],"footnotes":""},"categories":[36],"tags":[],"_links":{"self":[{"href":"https:\/\/radiosantaclara.sitetopfm.com.br\/site\/wp-json\/wp\/v2\/posts\/11020"}],"collection":[{"href":"https:\/\/radiosantaclara.sitetopfm.com.br\/site\/wp-json\/wp\/v2\/posts"}],"about":[{"href":"https:\/\/radiosantaclara.sitetopfm.com.br\/site\/wp-json\/wp\/v2\/types\/post"}],"author":[{"embeddable":true,"href":"https:\/\/radiosantaclara.sitetopfm.com.br\/site\/wp-json\/wp\/v2\/users\/1"}],"replies":[{"embeddable":true,"href":"https:\/\/radiosantaclara.sitetopfm.com.br\/site\/wp-json\/wp\/v2\/comments?post=11020"}],"version-history":[{"count":0,"href":"https:\/\/radiosantaclara.sitetopfm.com.br\/site\/wp-json\/wp\/v2\/posts\/11020\/revisions"}],"wp:featuredmedia":[{"embeddable":true,"href":"https:\/\/radiosantaclara.sitetopfm.com.br\/site\/wp-json\/wp\/v2\/media\/6909"}],"wp:attachment":[{"href":"https:\/\/radiosantaclara.sitetopfm.com.br\/site\/wp-json\/wp\/v2\/media?parent=11020"}],"wp:term":[{"taxonomy":"category","embeddable":true,"href":"https:\/\/radiosantaclara.sitetopfm.com.br\/site\/wp-json\/wp\/v2\/categories?post=11020"},{"taxonomy":"post_tag","embeddable":true,"href":"https:\/\/radiosantaclara.sitetopfm.com.br\/site\/wp-json\/wp\/v2\/tags?post=11020"}],"curies":[{"name":"wp","href":"https:\/\/api.w.org\/{rel}","templated":true}]}}